{"id":9354,"date":"2016-03-25T12:05:49","date_gmt":"2016-03-25T11:05:49","guid":{"rendered":"https:\/\/journaldunpigeonvoyageur.com\/blog\/?p=9354"},"modified":"2018-10-05T14:06:36","modified_gmt":"2018-10-05T13:06:36","slug":"vos-insta-pics-preferees-fevrier-2016","status":"publish","type":"post","link":"https:\/\/www.journaldunpigeonvoyageur.com\/blog\/2016\/03\/25\/vos-insta-pics-preferees-fevrier-2016\/","title":{"rendered":"VOS INSTA PICS PR\u00c9F\u00c9R\u00c9ES, F\u00c9VRIER 2016"},"content":{"rendered":"<p style=\"text-align: center;\">\u00a0\u00a0<\/p>\n<p style=\"text-align: center;\"><img loading=\"lazy\" decoding=\"async\" class=\"wp-image-9709 size-large alignnone\" src=\"https:\/\/www.journaldunpigeonvoyageur.com\/blog\/wp-content\/uploads\/2016\/03\/couv-fev-top-5-jpv-768x1024.jpg\" alt=\"couv fev top 5 jpv\" width=\"768\" height=\"1024\" \/><\/p>\n<p style=\"text-align: center;\">\u00a0TOP 5 Instagram F\u00e9vrier 2016<\/p>\n<p style=\"text-align: center;\">\u00a0<\/p>\n<p style=\"text-align: center;\"><span style=\"color: #000000; font-family: 'arial black', sans-serif;\"><span style=\"line-height: 36px; font-size: 24px;\"><b>F\u00c9VRIER<\/b><\/span><\/span><strong style=\"font-family: 'arial black', sans-serif; font-size: 18pt;\"><span style=\"color: #000000;\">\u00a02016<\/span><\/strong><\/p>\n<p style=\"text-align: center;\">\u00a0<\/p>\n<p style=\"text-align: center;\"><span style=\"color: #000000; font-family: arial, helvetica, sans-serif; font-size: 14pt;\">Ce nouveau rendez vous de\u00a0<a href=\"https:\/\/www.journaldunpigeonvoyageur.com\/blog\/category\/vos-insta-pics-preferees\/\">\u00ab\u00a0Vos Insta Pics Pr\u00e9f\u00e9r\u00e9es\u00a0\u00bb<\/a> fait, indiscutablement (\u00e0 80%), la part belle \u00e0\u00a0l&rsquo;Afrique.<\/span><\/p>\n<p style=\"text-align: center;\">\u00a0<\/p>\n<p style=\"text-align: center;\">\u00a0<\/p>\n<p style=\"text-align: center;\"><span style=\"color: #000000; font-family: arial, helvetica, sans-serif; font-size: 14pt;\">Un constat dont je me r\u00e9jouis tant il permet de tordre le cou aux nombreux pr\u00e9jug\u00e9s\u00a0et id\u00e9es re\u00e7ues\u00a0dont ce continent\u00a0est ,malheureusement, \u00a0encore bien trop souvent\u00a0l&rsquo;objet. <\/span><\/p>\n<p style=\"text-align: center;\">\u00a0<\/p>\n<p style=\"text-align: center;\">\u00a0<\/p>\n<p style=\"text-align: center;\"><span style=\"color: #000000; font-family: arial, helvetica, sans-serif; font-size: 14pt;\">Car loin d&rsquo;\u00eatre uniquement guerre, famine et pauvret\u00e9, le\u00a0berceau de l&rsquo;Humanit\u00e9 (ayant actuellement le vent en poupe) peut s&rsquo;enorgueillir de poss\u00e9der une croissance \u00e9conomique\u00a0dynamique, une richesse artistique et culturelle\u00a0ne souffrant pas la discussion\u00a0ainsi que de nombreuses personnes, p\u00e9tries de talent, qui, chacune dans leurs domaines, contribuent par leurs travail, talent et cr\u00e9ativit\u00e9, \u00e0\u00a0l&rsquo;\u00e9dification d&rsquo;une autre image\u00a0de l&rsquo;Afrique.<\/span><\/p>\n<p style=\"text-align: center;\">\u00a0<\/p>\n<p style=\"text-align: center;\">\u00a0<\/p>\n<p style=\"text-align: center;\"><span style=\"color: #000000; font-family: arial, helvetica, sans-serif; font-size: 14pt;\">Une\u00a0vision positive\u00a0qui rime, p\u00e8le-m\u00eale,\u00a0avec avenir, renouveau,\u00a0espoir et changement. <\/span><\/p>\n<p style=\"text-align: center;\">\u00a0<\/p>\n<p style=\"text-align: center;\">\u00a0<\/p>\n<p style=\"text-align: center;\"><span style=\"color: #000000; font-family: arial, helvetica, sans-serif; font-size: 14pt;\">Des substantifs auxquels (vous en conviendrez) elle\u00a0n&rsquo;est, habituellement,\u00a0que peu associ\u00e9e. <\/span><\/p>\n<p style=\"text-align: center;\">\u00a0<\/p>\n<p style=\"text-align: center;\">\u00a0<\/p>\n<p style=\"text-align: center;\"><span style=\"color: #000000; font-family: arial, helvetica, sans-serif; font-size: 14pt;\">C&rsquo;est donc\u00a0\u00e0 l&rsquo;aune de cette nouvelle perception que je comprends, en ce qui me concerne, votre engouement, dans ce Top 5 du mois de f\u00e9vrier, pour une designer qui fait la fiert\u00e9 de tout un continent ainsi que pour une journaliste en passe de concr\u00e9tiser son r\u00eave en cr\u00e9ant un m\u00e9dia qui\u00a0mettra, notamment, \u00e0 l&rsquo;honneur l&rsquo;univers de la mode africaine.<\/span><\/p>\n<p style=\"text-align: center;\">\u00a0<\/p>\n<p style=\"text-align: center;\">\u00a0<\/p>\n<p style=\"text-align: center;\"><span style=\"color: #000000; font-family: arial, helvetica, sans-serif; font-size: 14pt;\">Mais aussi pour des artistes dont la cr\u00e9ativit\u00e9 s&rsquo;expose d\u00e9sormais jusque dans les plus grands mus\u00e9es du monde, outre votre admiration pour un m\u00e9decin engag\u00e9 qui, depuis plusieurs d\u00e9cennies, a fait de la r\u00e9paration chirurgicale des femmes victimes de viols dans son pays ainsi que de la d\u00e9nonciation de l&rsquo;usage de ce crime, devenu \u00a0arme de destruction massive dans les zones en conflits, son cheval de bataille.<\/span><\/p>\n<p style=\"text-align: center;\">\u00a0<\/p>\n<p style=\"text-align: center;\">\u00a0<\/p>\n<p style=\"text-align: center;\"><span style=\"color: #000000; font-family: arial,helvetica,sans-serif; font-size: 14pt;\">De quoi d\u00e9montrez \u00e0 tous ceux qui en doutaient encore que l&rsquo;Afrique est bel et bien en marche \ud83d\ude42<\/span><\/p>\n<p style=\"text-align: center;\">\u00a0<\/p>\n<p style=\"text-align: center;\">\u00a0<\/p>\n<p style=\"text-align: center;\"><span style=\"color: #000000; font-family: arial,helvetica,sans-serif; font-size: 14pt;\"> Enfin, ce classement \u00a0vous m\u00e8nera \u00e9galement, dans la r\u00e9gion italienne des Pouilles, \u00e0 la d\u00e9couverte d&rsquo;une ville,\u00a0class\u00e9e au Patrimoine de l&rsquo;Unesco, \u00a0pour son\u00a0architecture atypique . <\/span><\/p>\n<p style=\"text-align: center;\">\u00a0<\/p>\n<p style=\"text-align: center;\">\u00a0<\/p>\n<p style=\"text-align: center;\"><span style=\"color: #000000; font-family: arial,helvetica,sans-serif; font-size: 14pt;\">Voyageusement v\u00f4tre !<\/span><\/p>\n<p style=\"text-align: center;\"><span style=\"color: #000000; font-family: arial, helvetica, sans-serif; font-size: 14pt;\">\u00a0<\/span><\/p>\n<p style=\"text-align: center;\">\u00a0<\/p>\n<p style=\"text-align: center;\"><strong><span style=\"color: #000000; font-family: arial black,sans-serif; font-size: 18pt;\">1.<\/span><\/strong><\/p>\n<p style=\"text-align: center;\">\u00a0<\/p>\n<p style=\"text-align: center;\">\u00a0<\/p>\n<p><img loading=\"lazy\" decoding=\"async\" class=\"wp-image-9711\" src=\"https:\/\/www.journaldunpigeonvoyageur.com\/blog\/wp-content\/uploads\/2016\/03\/1-1.jpg\" alt=\"\" width=\"768\" height=\"1024\" \/><\/p>\n<p style=\"text-align: center;\">poster \u00ab\u00a0My Africa Is\u00a0\u00bb, exposition Making of Africa, Guggenheim Bilbao<\/p>\n<p style=\"text-align: center;\">\u00a0<\/p>\n<p style=\"text-align: center;\">\u00a0<\/p>\n<p style=\"text-align: center;\">\u00a0<\/p>\n<p style=\"text-align: center;\"><span style=\"color: #000000; font-family: arial,helvetica,sans-serif; font-size: 14pt;\">Lorsque j&rsquo;ai quitt\u00e9 <a href=\"https:\/\/www.journaldunpigeonvoyageur.com\/blog\/2014\/10\/30\/de-bilbao-paris-gehry-dans-tous-ses\/\">Bilbao<\/a>\u00a0en cette fin d\u2019apr\u00e8s midi du mois de janvier 2008, je n&rsquo;imaginais pas, un seul instant, \u00a0y retourner un jour.\u00a0<\/span><\/p>\n<p style=\"text-align: center;\">\u00a0<\/p>\n<p style=\"text-align: center;\">\u00a0<\/p>\n<p style=\"text-align: center;\"><span style=\"color: #000000; font-family: arial,helvetica,sans-serif;\"><span style=\"font-size: 14pt;\">Car hormis\u00a0son magnifique mus\u00e9e Guggenheim, <strong>Bilbao<\/strong> (qui m&rsquo;\u00e9tait\u00a0alors apparue grise et\u00a0peu d\u00e9velopp\u00e9e)\u00a0ne m&rsquo;avait, je l&rsquo;avoue,\u00a0\u00a0nullement<\/span><span style=\"font-size: 14pt;\">\u00a0laiss\u00e9e un souvenir imp\u00e9rissable.. <\/span><\/span><\/p>\n<p style=\"text-align: center;\">\u00a0<\/p>\n<p style=\"text-align: center;\">\u00a0<\/p>\n<p style=\"text-align: center;\"><span style=\"color: #000000; font-family: arial,helvetica,sans-serif; font-size: 14pt;\">Pourtant, en cette fin octobre 2015, \u00a0 mon amour pour l&rsquo;Art ainsi que\u00a0mon d\u00e9sir de d\u00e9couvrir une exposition mettant \u00e0 l&rsquo;honneur le design contemporain, aux multiples facettes, s&rsquo;exprimant sur\u00a0le continent africain me pousseront\u00a0\u00e0 m&rsquo;envoler, pour la deuxi\u00e8me fois, vers la <a href=\"https:\/\/www.journaldunpigeonvoyageur.com\/blog\/2015\/11\/08\/48-heures-a-bilbao-capitale-chrysalide-du-pays-basque-espagno\/\">capitale culturelle\u00a0du pays basque espagnol<\/a>.<\/span><\/p>\n<p style=\"text-align: justify;\">\u00a0<\/p>\n<p style=\"text-align: center;\">\u00a0<\/p>\n<p style=\"text-align: center;\"><span style=\"color: #000000; font-family: arial,helvetica,sans-serif; font-size: 14pt;\">Cette exposition, <strong>Making \u00a0Africa<\/strong>, a su remplir toutes ses promesses en me faisant d\u00e9couvrir, \u00e0 travers plusieurs pays, \u00a0un panorama artistique dont j&rsquo;ignorais, jusque l\u00e0, certains\u00a0aspects. <\/span><\/p>\n<p style=\"text-align: center;\">\u00a0<\/p>\n<p style=\"text-align: center;\">\u00a0<\/p>\n<p style=\"text-align: center;\"><span style=\"color: #000000; font-family: arial,helvetica,sans-serif; font-size: 14pt;\">Autant vous dire que mes coups de c\u0153ur y furent, d\u00e8s lors, nombreux.<\/span><\/p>\n<p style=\"text-align: center;\">\u00a0<\/p>\n<p style=\"text-align: center;\">\u00a0<\/p>\n<p style=\"text-align: center;\"><span style=\"color: #000000; font-family: arial,helvetica,sans-serif; font-size: 14pt;\">Ce <strong>poster \u00a0\u00ab\u00a0My Africa Is\u00a0\u00bb<\/strong> en fait ainsi partie.<\/span><\/p>\n<p style=\"text-align: center;\">\u00a0<\/p>\n<p style=\"text-align: center;\">\u00a0<\/p>\n<p style=\"text-align: center;\"><span style=\"color: #000000; font-family: arial,helvetica,sans-serif; font-size: 14pt;\"> En premier lieu parce que cette \u0153uvre, r\u00e9alis\u00e9e en \u00e9dition limit\u00e9e, est le r\u00e9sultat d&rsquo;une collaboration entre deux artistes africains dont la renomm\u00e9e n&rsquo;est plus \u00e0 faire. <\/span><\/p>\n<p style=\"text-align: center;\">\u00a0<\/p>\n<p style=\"text-align: center;\">\u00a0<\/p>\n<p style=\"text-align: center;\"><span style=\"color: #000000;\"><span style=\"font-family: arial, helvetica, sans-serif; font-size: 14pt;\"><strong>Sindiso Nyoni, surnomm\u00e9 Riot<\/strong>, \u00a0designer, graphiste et street artiste zimbabw\u00e9en install\u00e9 \u00e0 Johannesburg et\u00a0<\/span>\u00a0<span style=\"font-family: arial, helvetica, sans-serif; font-size: 14pt;\"><strong>Nosarieme Garrick<\/strong>, r\u00e9alisatrice nig\u00e9riane ayant notamment con\u00e7u la <strong>s\u00e9rie documentaire \u00ab\u00a0My Africa \u00a0is\u00a0\u00bb<\/strong>.<\/span><\/span><\/p>\n<p style=\"text-align: center;\"><span style=\"color: #000000;\">\u00a0<\/span><\/p>\n<p style=\"text-align: center;\">\u00a0<\/p>\n<p style=\"text-align: center;\"><span style=\"color: #000000; font-family: arial,helvetica,sans-serif; font-size: 14pt;\">Cette derni\u00e8re offrant un portrait de l&rsquo;Afrique subsaharienne\u00a0en marche, vue de l&rsquo;int\u00e9rieur, \u00a0par le biais\u00a0de jeunes y vivant et gr\u00e2ce \u00e0 qui elle \u00e9volue\u00a0 et se d\u00e9veloppe.<\/span><\/p>\n<p style=\"text-align: center;\">\u00a0<\/p>\n<p style=\"text-align: center;\"><span style=\"color: #000000;\">\u00a0<\/span><\/p>\n<p style=\"text-align: center;\"><span style=\"color: #000000; font-family: arial,helvetica,sans-serif; font-size: 14pt;\">En second lieu parce que ce poster (devenu le\u00a0logo du documentaire My Africa Is) \u00a0interpelle par ce profil d&rsquo;une figure f\u00e9minine au style d\u00e9tonnant : coupe capillaire\u00a0structur\u00e9e, collier dor\u00e9 et\u00a0boucles d&rsquo;oreilles me faisant penser \u00e0 celles port\u00e9es par les femmes peules.<\/span><\/p>\n<p style=\"text-align: center;\">\u00a0<\/p>\n<p style=\"text-align: center;\">\u00a0<\/p>\n<p style=\"text-align: center;\"><span style=\"color: #000000; font-family: arial,helvetica,sans-serif; font-size: 14pt;\">Une repr\u00e9sentation (aux antipodes de l&rsquo;image traditionnellement pr\u00e9sent\u00e9e, par les m\u00e9dias, de la femme africaine) qui, en sonnant comme un nouveau pied de nez aux clich\u00e9s, s&rsquo;inscrit, in fine, dans la ligne directrice poursuivie par Nosarieme Garrick : \u00e0 savoir r\u00e9v\u00e9ler, au Monde, son continent sous un angle diff\u00e9rent. <\/span><\/p>\n<p style=\"text-align: center;\">\u00a0<\/p>\n<p style=\"text-align: center;\">\u00a0<\/p>\n<p style=\"text-align: center;\"><span style=\"color: #000000; font-family: arial,helvetica,sans-serif; font-size: 14pt;\">Une initiative \u00e0 laquelle j&rsquo;adh\u00e8re totalement !<\/span><\/p>\n<p style=\"text-align: center;\">\u00a0<\/p>\n<p style=\"text-align: center;\">\u00a0<\/p>\n<p style=\"text-align: center;\"><span style=\"color: #000000; font-family: arial,helvetica,sans-serif; font-size: 14pt;\"> D\u00e9sormais cl\u00f4tur\u00e9e au Guggenheim de Bilbao,\u00a0 Making Africa a, depuis le 23 mars 2016 (et ce jusqu&rsquo;au 31 juillet), pris ses quartiers au centre <strong>Culturel Contemporain de Barcelone<\/strong>.<\/span><\/p>\n<p style=\"text-align: center;\">\u00a0<\/p>\n<p style=\"text-align: center;\"><span style=\"color: #000000; font-family: arial,helvetica,sans-serif; font-size: 14pt;\"> Une raison de plus pour programmer une \u00e9chapp\u00e9e (que je vous promets exceptionnelle), \u00a0m\u00ealant voyage et art, dans la ville f\u00e9tiche de Gaudi vous ne pensez pas ?<\/span><\/p>\n<p style=\"text-align: center;\">\u00a0<\/p>\n<p style=\"text-align: center;\"><span style=\"color: #000000; font-family: arial,helvetica,sans-serif; font-size: 14pt;\"> A d\u00e9faut, le Journal d&rsquo;un Pigeon Voyageur vous permet, \u00e9galement, de d\u00e9couvrir virtuellement quelques unes des magnifiques \u0153uvres rassembl\u00e9es dans cette<a href=\"https:\/\/www.journaldunpigeonvoyageur.com\/blog\/2015\/11\/08\/48-heures-a-bilbao-capitale-chrysalide-du-pays-basque-espagno\/\"> exposition<\/a>.<\/span><\/p>\n<p style=\"text-align: center;\">\u00a0<\/p>\n<p style=\"text-align: center;\"><span style=\"color: #000000; font-family: arial,helvetica,sans-serif; font-size: 14pt;\"> Une alternative, ma foi, tout aussi int\u00e9ressante :-).<\/span><\/p>\n<p style=\"text-align: center;\">\u00a0<\/p>\n<p style=\"text-align: center;\">\u00a0<\/p>\n<p style=\"text-align: center;\"><strong><span style=\"color: #000000; font-family: arial black,sans-serif; font-size: 18pt;\">2.\u00a0<\/span><\/strong><\/p>\n<p style=\"text-align: center;\">\u00a0<\/p>\n<p style=\"text-align: center;\">\u00a0<\/p>\n<p><img loading=\"lazy\" decoding=\"async\" class=\"wp-image-9713 size-full\" src=\"https:\/\/www.journaldunpigeonvoyageur.com\/blog\/wp-content\/uploads\/2016\/03\/3-e1458926795703.jpg\" alt=\"\" width=\"768\" height=\"1024\" \/><\/p>\n<p style=\"text-align: center;\">trullis, quartier Monti, Alberobello<\/p>\n<p style=\"text-align: center;\">\u00a0<\/p>\n<p style=\"text-align: center;\">\u00a0<\/p>\n<p style=\"text-align: center;\">\u00a0<\/p>\n<p style=\"text-align: center;\"><span style=\"color: #000000; font-family: arial,helvetica,sans-serif; font-size: 14pt;\">Lors de mon r\u00e9cent s\u00e9jour dans la ville italienne de <a href=\"https:\/\/www.journaldunpigeonvoyageur.com\/blog\/2016\/03\/11\/mon-top-5-pour-decouvrir-matera-joyau-meconnu-du-sud-de-litalie\/\">Matera<\/a>, \u00a0j&rsquo;ai mis \u00e0 profit une apr\u00e8s midi ensoleill\u00e9e pour m&rsquo;aventurer dans la r\u00e9gion limitrophe des Pouilles.<\/span><\/p>\n<p style=\"text-align: center;\">\u00a0<\/p>\n<p style=\"text-align: center;\">\u00a0<\/p>\n<p style=\"text-align: center;\"><span style=\"color: #000000; font-family: arial,helvetica,sans-serif; font-size: 14pt;\">Ma destination ? <strong>Alberobello<\/strong>, surnomm\u00e9e la capitale des <strong>Trullis<\/strong>\u00a0en r\u00e9f\u00e9rence \u00e0\u00a0ses fascinantes\u00a0habitations typiques de la r\u00e9gion (caract\u00e9ris\u00e9es par des toits coniques gris\u00a0se terminant par une boule\u00a0ainsi que des\u00a0murs blancs) \u00a0\u00e0 l&rsquo;origine de son\u00a0<strong>classement au patrimoine de l&rsquo;Unesco<\/strong>.<\/span><\/p>\n<p style=\"text-align: center;\">\u00a0<\/p>\n<p style=\"text-align: center;\">\u00a0<\/p>\n<p style=\"text-align: center;\"><span style=\"color: #000000; font-family: arial,helvetica,sans-serif; font-size: 14pt;\">Apr\u00e8s y avoir d\u00e9ambul\u00e9 de longues minutes, c&rsquo;est dans le <strong>quartier<\/strong> (plut\u00f4t commercial) de <strong>Monti<\/strong>, abritant plusieurs centaines de trullis dont\u00a0\u00a0celles <strong>siamoises<\/strong>, que j&rsquo;ai finalement \u00a0(non sans avoir auparavant effectu\u00e9 plusieurs\u00a0tentatives infructueuses, je l&rsquo;avoue) pris ce clich\u00e9. <\/span><\/p>\n<p style=\"text-align: center;\">\u00a0<\/p>\n<p style=\"text-align: center;\">\u00a0<\/p>\n<p style=\"text-align: center;\"><span style=\"color: #000000; font-family: arial,helvetica,sans-serif; font-size: 14pt;\">Un paysage qui, \u00a0exception faite de la couleur des toits, ressemble presque \u00e0 s&rsquo;y m\u00e9prendre \u00e0 celui offert par quelques unes des \u00eeles des Cyclades grecques. <\/span><\/p>\n<p style=\"text-align: center;\">\u00a0<\/p>\n<p style=\"text-align: center;\">\u00a0<\/p>\n<p style=\"text-align: center;\"><span style=\"color: #000000; font-family: arial,helvetica,sans-serif; font-size: 14pt;\">Ne trouvez pas, en effet,\u00a0qu&rsquo;il y a comme un air de <a href=\"https:\/\/www.journaldunpigeonvoyageur.com\/blog\/2014\/11\/29\/sea-sun-party-glamour-paillettes-et-beautiful-people-bienvenue-a-mykonos\/\">Mykonos <\/a>,\u00a0<a href=\"https:\/\/www.journaldunpigeonvoyageur.com\/blog\/2014\/12\/17\/paros-la-perle-au-coeur-des-cyclades\/\">Paros<\/a>\u00a0ou\u00a0<a href=\"https:\/\/www.journaldunpigeonvoyageur.com\/blog\/2014\/11\/07\/mon-top-5-a-santorini-la-reine-des-cyclades\/\">Santorin ?<\/a><\/span><\/p>\n<p style=\"text-align: center;\">\u00a0<\/p>\n<p style=\"text-align: center;\">\u00a0<\/p>\n<p style=\"text-align: center;\"><span style=\"font-family: arial, helvetica, sans-serif; font-size: 14pt; color: #000000;\">Difficile, en cons\u00e9quence, de ne pas succomber au charme d&rsquo;Alberobello&#8230;<\/span><\/p>\n<p style=\"text-align: center;\">\u00a0<\/p>\n<p style=\"text-align: center;\">\u00a0<\/p>\n<p style=\"text-align: center;\"><span style=\"color: #000000; font-size: 18pt;\"><strong><span style=\"font-family: arial,helvetica,sans-serif;\"><span style=\"font-family: arial black,sans-serif;\">3.<\/span> <\/span><\/strong><\/span><\/p>\n<p style=\"text-align: center;\">\u00a0<\/p>\n<p><a href=\"https:\/\/www.journaldunpigeonvoyageur.com\/blog\/wp-content\/uploads\/2016\/03\/2-e1458926836397.jpg\"><img loading=\"lazy\" decoding=\"async\" class=\"wp-image-9712 size-large\" src=\"https:\/\/www.journaldunpigeonvoyageur.com\/blog\/wp-content\/uploads\/2016\/03\/2-768x1024.jpg\" alt=\"\" width=\"768\" height=\"1024\" \/><\/a><\/p>\n<p style=\"text-align: center;\">Chayet, r\u00e9dactrice du blog Nothing But The Wax, dans la crat\u00e8re du Ngorongoro en Tanzanie<\/p>\n<p style=\"text-align: center;\">\u00a0<\/p>\n<p style=\"text-align: center;\"><span style=\"color: #000000; font-family: arial,helvetica,sans-serif; font-size: 14pt;\">Premi\u00e8re blogueuse fran\u00e7aise \u00e0 s&rsquo;\u00eatre v\u00e9ritablement int\u00e9ress\u00e9e, il y a un peu plus de 5 ans, au d\u00e9veloppement et aux enjeux de la mode africaine; journaliste ayant, ces derniers mois, r\u00e9dig\u00e9 des articles pointus pour plusieurs grands\u00a0m\u00e9dias ( fran\u00e7ais\u00a0ou \u00e9trangers), r\u00e9alisatrice d&rsquo;int\u00e9ressants documentaires (audios ou non), <strong>Chayet<\/strong>, la r\u00e9dactrice du <strong>blog Nothing But the Wax<\/strong>,(qui, souvenez vous,\u00a0avait d&rsquo;ailleurs \u00e9t\u00e9 la<a href=\"https:\/\/www.journaldunpigeonvoyageur.com\/blog\/2015\/04\/26\/paroles-damoureux-du-voyage-chaye\/\"> premi\u00e8re<\/a> invit\u00e9e de <a href=\"https:\/\/www.journaldunpigeonvoyageur.com\/blog\/category\/paroles-damoureux-du-voyage\/\">Paroles d&rsquo;Amoureux du Voyage<\/a>\u00a0)\u00a0est, progressivement,\u00a0devenue une voix dont l&rsquo;analyse compte dans le d\u00e9cryptage de l&rsquo;\u00e9volution de la mode africaine.<\/span><\/p>\n<p style=\"text-align: center;\">\u00a0<\/p>\n<p style=\"text-align: center;\">\u00a0<\/p>\n<p style=\"text-align: center;\"><span style=\"color: #000000; font-family: arial,helvetica,sans-serif; font-size: 14pt;\">Qu&rsquo;elle soit issue du continent,\u00a0 soit l&rsquo;\u0153uvre des membres de sa diaspora ou de ceux qui recourent \u00e0 ses tissus embl\u00e9matiques. <\/span><\/p>\n<p style=\"text-align: center;\">\u00a0<\/p>\n<p style=\"text-align: center;\">\u00a0<\/p>\n<p style=\"text-align: center;\"><span style=\"color: #000000; font-family: arial,helvetica,sans-serif; font-size: 14pt;\">Laur\u00e9ate, fin 2015, du concours M\u00e9dia Maker, Chayet s&rsquo;appr\u00eate \u00e0 lancer, dans quelques semaines, un nouveau m\u00e9dia o\u00f9 elle offrira\u00a0(notamment)\u00a0une information\u00a0encore plus qualitative\u00a0sur l&rsquo;univers, qui la passionne tant, de la mode africaine.<\/span><\/p>\n<p style=\"text-align: center;\">\u00a0<\/p>\n<p style=\"text-align: center;\">\u00a0<\/p>\n<p style=\"text-align: center;\"><span style=\"color: #000000; font-family: arial,helvetica,sans-serif; font-size: 14pt;\">So stay tuned \ud83d\ude42<\/span><\/p>\n<p style=\"text-align: center;\">\u00a0<\/p>\n<p style=\"text-align: center;\">\u00a0<\/p>\n<p style=\"text-align: center;\"><span style=\"color: #000000; font-family: arial,helvetica,sans-serif; font-size: 14pt;\">En attendant, c&rsquo;est au c\u0153ur du <strong>crat\u00e8re tanzanien du Ngorongoro<\/strong>, un lieu \u00e0 la beaut\u00e9 indicible qui a su l\u2019envo\u00fbter,\u00a0que cette photo de Chayet nous emm\u00e8ne. <\/span><\/p>\n<p style=\"text-align: center;\">\u00a0<\/p>\n<p style=\"text-align: center;\">\u00a0<\/p>\n<p style=\"text-align: center;\"><span style=\"color: #000000; font-family: arial,helvetica,sans-serif; font-size: 14pt;\">Situ\u00e9 au c\u0153ur du territoire Massai, cette zone de conservation class\u00e9e \u00e0 l&rsquo;Unesco \u00a0est l&rsquo;une de celle dont on garde un souvenir imp\u00e9rissable\u00a0apr\u00e8s l&rsquo;avoir d\u00e9couverte\u00a0comme j&rsquo;ai, moi m\u00eame, pu vous le raconter <a href=\"https:\/\/www.journaldunpigeonvoyageur.com\/blog\/2014\/09\/14\/karibu-in-north-tanzania-a-la-recherche-des-big-5\/\">ici<\/a>.<\/span><\/p>\n<p style=\"text-align: center;\">\u00a0<\/p>\n<p style=\"text-align: center;\">\u00a0<\/p>\n<p style=\"text-align: center;\"><span style=\"color: #000000; font-family: arial,helvetica,sans-serif; font-size: 14pt;\">Inutile de vous pr\u00e9ciser que l&rsquo;exploration de ce crat\u00e8re, \u00e0 l&rsquo;instar de celle des autres \u00a0parcs nationaux de la Tanzanie du Nord, est \u00e0 inscrire \u00e0 votre Must Travel List\u00a0.<\/span><\/p>\n<p style=\"text-align: center;\">\u00a0<\/p>\n<p style=\"text-align: center;\">\u00a0<\/p>\n<p style=\"text-align: center;\">\u00a0<\/p>\n<p style=\"text-align: center;\"><span style=\"color: #000000; font-family: arial black,sans-serif; font-size: 18pt;\"><strong>4.<\/strong><\/span><\/p>\n<p style=\"text-align: center;\">\u00a0<\/p>\n<p style=\"text-align: center;\">\u00a0<\/p>\n<p><img loading=\"lazy\" decoding=\"async\" class=\"wp-image-9714 size-large\" src=\"https:\/\/www.journaldunpigeonvoyageur.com\/blog\/wp-content\/uploads\/2016\/03\/4-768x1024.jpg\" alt=\"\" width=\"768\" height=\"1024\" \/><\/p>\n<p style=\"text-align: center;\">Loza Mal\u00e9ombho, Commanderie, Grand Bassam, Cote d&rsquo;Ivoire<\/p>\n<p style=\"text-align: center;\">\u00a0<\/p>\n<p style=\"text-align: center;\">\u00a0<\/p>\n<p style=\"text-align: center;\"><span style=\"color: #000000; font-family: arial,helvetica,sans-serif; font-size: 14pt;\">En juillet 2015, j&rsquo;ai publi\u00e9 une <a href=\"https:\/\/www.journaldunpigeonvoyageur.com\/blog\/2015\/07\/14\/paroles-damoureux-du-voyage-loza\/\">interview<\/a>, ax\u00e9e sur le voyage (dont elle est \u00e9galement f\u00e9rue), de\u00a0<strong>Loza Maleombho<\/strong>.<\/span><\/p>\n<p style=\"text-align: center;\"><span style=\"color: #000000;\">\u00a0<\/span><\/p>\n<p style=\"text-align: center;\"><span style=\"color: #000000;\">\u00a0<\/span><\/p>\n<p style=\"text-align: center;\"><span style=\"color: #000000; font-family: arial,helvetica,sans-serif; font-size: 14pt;\">\u00a0Une designer que je vous invitais \u00e0 suivre, toutes affaires cessantes, tant son talent est grand et sa vision de la mode (en particulier) conjugu\u00e9e \u00e0\u00a0sa<strong> perception, unique<\/strong>,\u00a0de l&rsquo;Art (de fa\u00e7on plus globale) a quelque chose de tout simplement in\u00e9dit.<\/span><\/p>\n<p style=\"text-align: center;\">\u00a0<\/p>\n<p style=\"text-align: center;\">\u00a0<\/p>\n<p style=\"text-align: center;\"><span style=\"color: #000000; font-family: arial,helvetica,sans-serif; font-size: 14pt;\">Apr\u00e8s avoir \u00e9t\u00e9 adoub\u00e9e par Solange Knowles, l&rsquo;apparition d&rsquo;un ensemble issu de <strong>Zaouli<\/strong>\u00a0[sa derni\u00e8re (printemps\/\u00e9t\u00e9 2016) et f\u00e9minine\u00a0collection baptis\u00e9e ainsi en\u00a0 hommage \u00e0 la princesse \u00e9ponyme de <strong>l\u2019ethnie ivoirienne gouro\u00a0<\/strong>(connue, notamment, pour la beaut\u00e9 de ses masques dont quelques uns ont d&rsquo;ailleurs \u00e9t\u00e9\u00a0<a href=\"https:\/\/www.journaldunpigeonvoyageur.com\/blog\/2015\/04\/14\/quand-le-quai-branly-met-a-l-honneur-les-grands-maitres-de-la-sculpture-traditionnelle-ivoirienne\/\">expos\u00e9s<\/a> en avril dernier au mus\u00e9e parisien du Quai Branly) ], dans<strong> Formation<\/strong>, le r\u00e9cent\u00a0clip de <strong>Queen B<\/strong> (aka Beyonc\u00e9), a \u00a0donn\u00e9 une visibilit\u00e9 internationale \u00e0 Loza Mal\u00e9ombho.<\/span><\/p>\n<p style=\"text-align: center;\"><span style=\"color: #000000; font-family: arial,helvetica,sans-serif; font-size: 14pt;\">\u00a0<\/span><\/p>\n<p style=\"text-align: center;\"><span style=\"color: #000000; font-family: arial,helvetica,sans-serif; font-size: 14pt;\">Une cons\u00e9cration bien m\u00e9rit\u00e9e pour cette talentueuse\u00a0designer ivoirienne, de la nouvelle g\u00e9n\u00e9ration, dont l&rsquo;ambition est de valoriser les tissus et la culture de son pays la Cote d&rsquo;Ivoire (charit\u00e9 bien ordonn\u00e9e commence par soi m\u00eame n&rsquo;est ce pas ?), \u00a0mais\u00a0\u00e9galement\u00a0de tout le continent africain, \u00e0 travers des v\u00eatements alliant coupes modernes et influences m\u00e9tiss\u00e9es.<\/span><\/p>\n<p style=\"text-align: center;\">\u00a0<\/p>\n<p style=\"text-align: center;\"><span style=\"color: #000000; font-family: arial,helvetica,sans-serif; font-size: 14pt;\">\u00a0<\/span><\/p>\n<p style=\"text-align: center;\"><span style=\"color: #000000; font-family: arial,helvetica,sans-serif; font-size: 14pt;\">Sky is really not the limit, so GO LOZA !\u00a0<\/span><\/p>\n<p style=\"text-align: center;\">\u00a0<\/p>\n<p style=\"text-align: center;\">\u00a0<\/p>\n<p style=\"text-align: center;\"><span style=\"color: #000000; font-family: arial,helvetica,sans-serif; font-size: 14pt;\">Je ne peux n\u00e9anmoins\u00a0m&#8217;emp\u00eacher d&rsquo;\u00e9crire quelques mots sur le lieu o\u00f9 cette photo de Loza a \u00e9t\u00e9 prise : la <strong>Commanderie<\/strong>. <\/span><\/p>\n<p style=\"text-align: center;\">\u00a0<\/p>\n<p style=\"text-align: center;\">\u00a0<\/p>\n<p style=\"text-align: center;\"><span style=\"color: #000000; font-family: arial,helvetica,sans-serif; font-size: 14pt;\">Une ancienne<strong> maison coloniale<\/strong>, d\u00e9sormais reconvertie en h\u00f4tel, situ\u00e9e dans le quartier, historique, France de <strong>Grand Bassam.<\/strong><\/span><\/p>\n<p style=\"text-align: center;\">\u00a0<\/p>\n<p style=\"text-align: center;\">\u00a0<\/p>\n<p style=\"text-align: center;\"><span style=\"color: #000000; font-family: arial,helvetica,sans-serif; font-size: 14pt;\">Situ\u00e9e \u00e0 une quarantaine de kilom\u00e8tres d&rsquo;Abidjan (le noyau \u00e9conomique du pays) Grand Bassam fut la premi\u00e8re capitale de la C\u00f4te d&rsquo;Ivoire.<\/span><\/p>\n<p style=\"text-align: center;\">\u00a0<\/p>\n<p style=\"text-align: center;\">\u00a0<\/p>\n<p style=\"text-align: center;\"><span style=\"color: #000000; font-family: arial,helvetica,sans-serif; font-size: 14pt;\">\u00a0 <strong>Class\u00e9e, en 2012,\u00a0au Patrimoine de l&rsquo;Unesco<\/strong> \u00a0pour ses vestiges coloniaux et r\u00e9put\u00e9e pour sa douceur de vivre, ses belles plages (o\u00f9 se succ\u00e8dent h\u00f4tels et restaurants) accueillaient, en outre, durant le week-end : ivoiriens, \u00e9trangers (dont j&rsquo;ai moi m\u00eame fait partie durant mon enfance et mon adolescence) et expatri\u00e9s venus s&rsquo;y d\u00e9lasser en toute qui\u00e9tude.\u00a0<\/span><\/p>\n<p style=\"text-align: center;\"><span style=\"font-family: arial, helvetica, sans-serif; font-size: 14pt; color: #000000;\">\u00a0<\/span><\/p>\n<p style=\"text-align: center;\">\u00a0<\/p>\n<p style=\"text-align: center;\"><span style=\"color: #000000; font-size: 14pt; font-family: arial, helvetica, sans-serif;\">Grand Bassam, une ville sur laquelle les projecteurs du monde entier \u00a0se sont malheureusement braqu\u00e9s le <strong>13 mars\u00a0dernier<\/strong> lorsqu&rsquo; \u00e0 l&rsquo;heure du d\u00e9jeuner des terroristes ont d\u00e9cid\u00e9 d&rsquo;y perp\u00e9trer un attentat.<\/span><\/p>\n<p style=\"text-align: center;\"><span style=\"font-size: 14pt; font-family: arial, helvetica, sans-serif; color: #000000;\">\u00a0<\/span><\/p>\n<p style=\"text-align: center;\">\u00a0<\/p>\n<p style=\"text-align: center;\"><span style=\"color: #000000; font-size: 14pt; font-family: arial, helvetica, sans-serif;\">Mais il en faut plus, beaucoup plus,\u00a0pour abattre\u00a0le Pays de la Joie comme le surnomment ses propres\u00a0habitants.<\/span><\/p>\n<p style=\"text-align: center;\">\u00a0<\/p>\n<p style=\"text-align: center;\"><span style=\"color: #000000;\">\u00a0<\/span><\/p>\n<p style=\"text-align: center;\"><span style=\"color: #000000;\"><strong><span style=\"font-size: 14pt; font-family: arial, helvetica, sans-serif;\">#MEMEPASPEUR# !<\/span><\/strong><\/span><\/p>\n<p style=\"text-align: center;\"><span style=\"color: #000000;\">\u00a0<\/span><\/p>\n<p style=\"text-align: center;\"><span style=\"color: #000000; font-size: 14pt; font-family: arial, helvetica, sans-serif;\">Merci aux chanteurs du <strong>collectif Bassam<\/strong> pour cette chanson, hommage aux victimes du 13 mars, dont le clip a \u00e9t\u00e9 tourn\u00e9 sur les lieux de la trag\u00e9die, ainsi que pour ces paroles criantes de V\u00e9rit\u00e9( \u00ab\u00a0En Cote d&rsquo;Ivoire, nous on est debout, djihadiste on n&rsquo;a m\u00eame pas peur \u00a0\/ Mahomet n&rsquo;est pas un terroriste\/ L&rsquo;Islam est une religion qui pr\u00f4ne l&rsquo;amour, le pardon, \u00a0la tol\u00e9rance \/ A cause de 70 vierges tu tues des innocents mais tu n&rsquo;iras pas au Paradis \/ Ne tuez pas la personne humaine car Dieu l&rsquo;a d\u00e9clar\u00e9e sacr\u00e9e\u00a0\u00bb) qui disent NON\u00a0\u00a0\u00e0 la Mort, \u00e0 la Haine et \u00e0 la Terreur.<\/span><\/p>\n<p style=\"text-align: center;\">\u00a0<\/p>\n<p style=\"text-align: center;\">\u00a0<\/p>\n<p style=\"text-align: center;\"><span style=\"font-family: arial, helvetica, sans-serif; font-size: 14pt; color: #000000;\">#<strong>MEMEPASPEUR<\/strong>#, la Vie continue !<\/span><\/p>\n<p style=\"text-align: center;\"><span style=\"font-size: 14pt;\">\u00a0<span style=\"color: #000000;\"><strong><span style=\"font-family: 'arial black', sans-serif;\">\u00a0<\/span><\/strong><\/span><\/span><\/p>\n<p style=\"text-align: center;\">\u00a0<\/p>\n<p style=\"text-align: center;\"><span style=\"color: #000000;\"><strong><span style=\"font-family: arial,helvetica,sans-serif; font-size: 18pt;\"><span style=\"font-family: arial black,sans-serif;\">5.<\/span> <\/span><\/strong><\/span><\/p>\n<p style=\"text-align: center;\">\u00a0<\/p>\n<p style=\"text-align: center;\">\u00a0<\/p>\n<p><img loading=\"lazy\" decoding=\"async\" class=\"wp-image-9715 size-large\" src=\"https:\/\/www.journaldunpigeonvoyageur.com\/blog\/wp-content\/uploads\/2016\/03\/5-768x1024.jpg\" alt=\"\" width=\"768\" height=\"1024\" \/><\/p>\n<p style=\"text-align: center;\">affiche du documentaire consacr\u00e9 au Dr Denis Mukwege, Cin\u00e9ma Espace Saint Michel<\/p>\n<p style=\"text-align: center;\">\u00a0<\/p>\n<p style=\"text-align: center;\">\u00a0<\/p>\n<p style=\"text-align: center;\">\u00a0<\/p>\n<p style=\"text-align: center;\"><span style=\"color: #000000; font-family: arial,helvetica,sans-serif; font-size: 14pt;\">R\u00e9alis\u00e9 par Thierry Michel,\u00a0<strong>L&rsquo;Homme qui r\u00e9pare les femmes<\/strong>, ce documentaire (ayant d\u00e9j\u00e0 remport\u00e9 plusieurs prix) consacr\u00e9 \u00e0 <strong>Denis Mukwege<\/strong>, gyn\u00e9cologue congolais r\u00e9cipiendaire du prix Sakharov en 2014, m&rsquo;a \u00e9mue aux larmes.<\/span><\/p>\n<p style=\"text-align: center;\"><span style=\"color: #000000;\">\u00a0<\/span><\/p>\n<p style=\"text-align: center;\"><span style=\"color: #000000; font-family: arial,helvetica,sans-serif; font-size: 14pt;\">Alors qu&rsquo;en ce soir de la mi f\u00e9vrier, \u00a0je me trouve, au lendemain de sa sortie sur grand \u00e9cran, dans la file d&rsquo;attente\u00a0du\u00a0cin\u00e9ma Espace Saint Michel, je me demande si le documentaire que je m&rsquo;appr\u00eate \u00e0 voir me procurera des sentiments aussi puissants que ceux que j&rsquo;ai pu ressentir, deux ans plus t\u00f4t, \u00e0 la lecture de l&rsquo;ouvrage du Dr Mukwege.<\/span><\/p>\n<p style=\"text-align: center;\">\u00a0<\/p>\n<p style=\"text-align: center;\"><span style=\"color: #000000; font-family: arial,helvetica,sans-serif; font-size: 14pt;\">Deux heures plus tard, \u00a0je ressors boulevers\u00e9e de cette projection.<\/span><\/p>\n<p style=\"text-align: center;\">\u00a0<\/p>\n<p style=\"text-align: center;\"><span style=\"color: #000000; font-family: arial,helvetica,sans-serif; font-size: 14pt;\">Car \u00e0 l&rsquo; <strong>h\u00f4pital de Panzi<\/strong> qu&rsquo;il a fond\u00e9, en 1999 \u00e0 Bukavu (\u00e0 l&rsquo;est du Congo), envers et contre tout (le tout incluant \u00a0des menaces de mort ainsi que les tentatives d&rsquo;assassinat dont il a \u00e9t\u00e9 victime), ce m\u00e9decin m\u00e8ne un combat \u00e9prouvant mais \u00f4 combien important !<\/span><\/p>\n<p style=\"text-align: center;\">\u00a0<\/p>\n<p style=\"text-align: center;\"><span style=\"color: #000000; font-family: arial,helvetica,sans-serif; font-size: 14pt;\">Celui de <strong>r\u00e9parer physiquement<\/strong> \u00a0les femmes, jeunes filles (\u00e9ternelles et privil\u00e9gi\u00e9es\u00a0victimes des conflits \u00e0 travers le monde) voire m\u00eame b\u00e9b\u00e9s qui ont vu, durant ces derni\u00e8res d\u00e9cennies o\u00f9 la guerre a ravag\u00e9 l&rsquo;est de son pays, les pires atrocit\u00e9s sexuelles \u00eatre commises \u00e0 leur encontre par des civils et militaires congolais ou \u00e9trangers.<\/span><\/p>\n<p style=\"text-align: center;\">\u00a0<\/p>\n<p style=\"text-align: center;\"><span style=\"color: #000000; font-size: 14pt; font-family: arial, helvetica, sans-serif;\">Celui de les aider, aussi bien sur le plan moral que mat\u00e9riel, \u00e0 surmonter ce douloureux traumatisme \u00a0(\u00e0 la suite duquel elles se retrouvent exclues de la communaut\u00e9) \u00a0afin qu&rsquo;elles puissent se reconstruire et prendre un nouveau d\u00e9part dans la vie.<\/span><\/p>\n<p style=\"text-align: center;\">\u00a0<\/p>\n<p style=\"text-align: center;\"><span style=\"color: #000000; font-family: arial,helvetica,sans-serif; font-size: 14pt;\">Celui, enfin, de porter \u00e0 la connaissance du monde l&rsquo;horreur de cette barbarie et, partant, de sensibiliser tout un chacun, hommes compris, \u00e0 cette probl\u00e9matique.<\/span><\/p>\n<p style=\"text-align: center;\">\u00a0<\/p>\n<p style=\"text-align: center;\"><span style=\"color: #000000; font-family: arial,helvetica,sans-serif; font-size: 14pt;\">Un documentaire tout \u00e0 la fois bouleversant et plein d&rsquo;espoir. <\/span><\/p>\n<p style=\"text-align: center;\">\u00a0<\/p>\n<p style=\"text-align: center;\"><span style=\"color: #000000; font-family: arial,helvetica,sans-serif; font-size: 14pt;\">Un documentaire qui questionne, \u00e9galement, la responsabilit\u00e9 de l&rsquo;Etat congolais dans cette trag\u00e9die humaine o\u00f9 l&rsquo;impunit\u00e9 des violeurs semble \u00eatre\u00a0toujours de mise.<\/span><\/p>\n<p style=\"text-align: center;\">\u00a0<\/p>\n<p style=\"text-align: center;\"><span style=\"color: #000000; font-family: arial,helvetica,sans-serif; font-size: 14pt;\"> \u00a0Et un documentaire consacr\u00e9 \u00e0 un m\u00e9decin pour lequel le \u00a0serment d\u2019Hippocrate a encore un sens.<\/span><\/p>\n<p style=\"text-align: center;\">\u00a0<\/p>\n<p style=\"text-align: center;\"><span style=\"color: #000000; font-family: arial,helvetica,sans-serif; font-size: 14pt;\">Il parait d\u00e8s lors incompr\u00e9hensible que ce film ait, un temps,\u00a0 \u00e9t\u00e9 interdit de diffusion dans son pays.<\/span><\/p>\n<p style=\"text-align: center;\">\u00a0<\/p>\n<p style=\"text-align: center;\"><span style=\"color: #000000; font-family: arial,helvetica,sans-serif; font-size: 14pt;\">Je vous exhorte donc vivement \u00e0 aller d\u00e9couvrir, en salles, L&rsquo;homme qui r\u00e9pare les femmes.<\/span><\/p>\n<p style=\"text-align: center;\">\u00a0<\/p>\n<p style=\"text-align: center;\"><span style=\"color: #000000; font-family: arial,helvetica,sans-serif; font-size: 14pt;\">Et pour ceux qui souhaiteraient acqu\u00e9rir \u00a0le dvd, sachez qu&rsquo;il est d\u00e9j\u00e0 possible\u00a0de le commander aupr\u00e8s des Films de la Passerelle en Belgique.\u00a0<\/span><\/p>\n<p style=\"text-align: center;\">\u00a0<\/p>\n<p style=\"text-align: center;\"><span style=\"font-size: 14pt; font-family: arial, helvetica, sans-serif; color: #000000;\"><b><span data-blogger-escaped-style=\"font-family: &quot;times&quot; , &quot;times new roman&quot; , serif; font-size: x-large;\">E<\/span><\/b><span data-blogger-escaped-style=\"font-family: &quot;arial&quot; , &quot;helvetica&quot; , sans-serif;\">t vous ? Quel \u00e9tait votre clich\u00e9 JPV pr\u00e9f\u00e9r\u00e9, publi\u00e9 sur Instagram, du mois de F\u00e9vrier?<\/span><\/span><\/p>\n<p style=\"text-align: center;\">\u00a0<\/p>\n<p style=\"text-align: center;\">\n<p><span style=\"font-family: arial, helvetica, sans-serif; font-size: 14pt; color: #000000;\" data-blogger-escaped-style=\"font-family: &quot;arial&quot; , &quot;helvetica&quot; , sans-serif;\">N&rsquo;h\u00e9sitez pas \u00e0 m&rsquo;en faire part dans vos commentaires.<\/span><\/p>\n<p style=\"text-align: center;\">\u00a0<\/p>\n<p style=\"text-align: center;\">\u00a0<\/p>\n","protected":false},"excerpt":{"rendered":"<p>\u00a0\u00a0 \u00a0TOP 5 Instagram F\u00e9vrier 2016 \u00a0 F\u00c9VRIER\u00a02016 \u00a0 Ce nouveau rendez vous de\u00a0\u00ab\u00a0Vos Insta Pics Pr\u00e9f\u00e9r\u00e9es\u00a0\u00bb fait, indiscutablement (\u00e0 80%), la part belle \u00e0\u00a0l&rsquo;Afrique. \u00a0 \u00a0 Un constat dont je me r\u00e9jouis tant il permet de tordre le cou aux nombreux pr\u00e9jug\u00e9s\u00a0et id\u00e9es re\u00e7ues\u00a0dont&#8230;<\/p>\n","protected":false},"author":2,"featured_media":17605,"comment_status":"open","ping_status":"closed","sticky":false,"template":"","format":"standard","meta":{"slim_seo":{"title":"VOS INSTA PICS PR\u00c9F\u00c9R\u00c9ES, F\u00c9VRIER 2016 - Journal d&#039;un Pigeon Voyageur","description":"\u00a0\u00a0 \u00a0TOP 5 Instagram F\u00e9vrier 2016 \u00a0 F\u00c9VRIER \u00a02016 \u00a0 Ce nouveau rendez vous de\u00a0 \"Vos Insta Pics Pr\u00e9f\u00e9r\u00e9es\" fait, indiscutablement (\u00e0 80%), la part belle \u00e0\u00a0l'Afriq"},"footnotes":""},"categories":[12,55,2,39,3,5,37,6,16,32,20],"tags":[144,181],"class_list":["post-9354","post","type-post","status-publish","format-standard","has-post-thumbnail","hentry","category-afrique","category-afrique-du-sud","category-art","category-espagne","category-europe","category-italie","category-le-jpv-autrement","category-musee","category-paroles-damoureux-du-voyage","category-tanzanie","category-vos-insta-pics-preferees","tag-classement-jpv","tag-instagram"],"_links":{"self":[{"href":"https:\/\/www.journaldunpigeonvoyageur.com\/blog\/wp-json\/wp\/v2\/posts\/9354","targetHints":{"allow":["GET"]}}],"collection":[{"href":"https:\/\/www.journaldunpigeonvoyageur.com\/blog\/wp-json\/wp\/v2\/posts"}],"about":[{"href":"https:\/\/www.journaldunpigeonvoyageur.com\/blog\/wp-json\/wp\/v2\/types\/post"}],"author":[{"embeddable":true,"href":"https:\/\/www.journaldunpigeonvoyageur.com\/blog\/wp-json\/wp\/v2\/users\/2"}],"replies":[{"embeddable":true,"href":"https:\/\/www.journaldunpigeonvoyageur.com\/blog\/wp-json\/wp\/v2\/comments?post=9354"}],"version-history":[{"count":35,"href":"https:\/\/www.journaldunpigeonvoyageur.com\/blog\/wp-json\/wp\/v2\/posts\/9354\/revisions"}],"predecessor-version":[{"id":27449,"href":"https:\/\/www.journaldunpigeonvoyageur.com\/blog\/wp-json\/wp\/v2\/posts\/9354\/revisions\/27449"}],"wp:featuredmedia":[{"embeddable":true,"href":"https:\/\/www.journaldunpigeonvoyageur.com\/blog\/wp-json\/wp\/v2\/media\/17605"}],"wp:attachment":[{"href":"https:\/\/www.journaldunpigeonvoyageur.com\/blog\/wp-json\/wp\/v2\/media?parent=9354"}],"wp:term":[{"taxonomy":"category","embeddable":true,"href":"https:\/\/www.journaldunpigeonvoyageur.com\/blog\/wp-json\/wp\/v2\/categories?post=9354"},{"taxonomy":"post_tag","embeddable":true,"href":"https:\/\/www.journaldunpigeonvoyageur.com\/blog\/wp-json\/wp\/v2\/tags?post=9354"}],"curies":[{"name":"wp","href":"https:\/\/api.w.org\/{rel}","templated":true}]}}