{"id":9041,"date":"2016-02-21T11:06:23","date_gmt":"2016-02-21T10:06:23","guid":{"rendered":"https:\/\/journaldunpigeonvoyageur.com\/blog\/?p=9041"},"modified":"2016-11-05T21:27:57","modified_gmt":"2016-11-05T20:27:57","slug":"vos-insta-pics-preferees-janvier-2016","status":"publish","type":"post","link":"https:\/\/www.journaldunpigeonvoyageur.com\/blog\/2016\/02\/21\/vos-insta-pics-preferees-janvier-2016\/","title":{"rendered":"VOS INSTA PICS PR\u00c9F\u00c9R\u00c9ES, JANVIER 2016"},"content":{"rendered":"<p>&nbsp;<\/p>\n<p><img loading=\"lazy\" decoding=\"async\" class=\"wp-image-17653 size-full aligncenter\" src=\"https:\/\/www.journaldunpigeonvoyageur.com\/blog\/wp-content\/uploads\/2016\/02\/JPVJANV16-1.jpe\" alt=\"\" width=\"410\" height=\"547\" srcset=\"https:\/\/www.journaldunpigeonvoyageur.com\/blog\/wp-content\/uploads\/2016\/02\/JPVJANV16-1.jpe 410w, https:\/\/www.journaldunpigeonvoyageur.com\/blog\/wp-content\/uploads\/2016\/02\/JPVJANV16-1-225x300.jpe 225w\" sizes=\"auto, (max-width: 410px) 100vw, 410px\" \/><\/p>\n<p>&nbsp;<\/p>\n<p>&nbsp;<\/p>\n<p style=\"text-align: center;\"><span style=\"font-family: arial, helvetica, sans-serif;\"><em>votre Top 5 du mois de Janvier\u00a0<\/em><\/span><\/p>\n<p>&nbsp;<\/p>\n<p>&nbsp;<\/p>\n<p style=\"text-align: center;\"><span style=\"font-family: arial, helvetica, sans-serif; color: #000000;\"><strong><span style=\"font-size: 18pt;\">JANVIER 2016<\/span><\/strong><\/span><\/p>\n<p>&nbsp;<\/p>\n<p style=\"text-align: center;\"><span style=\"font-family: arial, helvetica, sans-serif; font-size: 14pt; color: #000000;\">Comme pour oublier\u00a0la saison hivernale (avec son lot de grisaille, de froid et de pluie) qui s\u00e9vit actuellement sous nos latitudes, votre classement du premier mois de l&rsquo;ann\u00e9e 2016 est une v\u00e9ritable <strong>ode \u00e0 la couleur<\/strong> qui nous transporte au c\u0153ur de 3 continents.<\/span><\/p>\n<p style=\"text-align: center;\">\u00a0<\/p>\n<p style=\"text-align: center;\"><span style=\"font-family: arial, helvetica, sans-serif; font-size: 14pt; color: #000000;\">L&rsquo;envie d&rsquo;\u00e9vasion y est palpable : qu&rsquo;il s&rsquo;agisse de profiter des beaut\u00e9s de la nature lors d&rsquo;une ballade en barque en Asie du sud est, d&rsquo;explorer un village m\u00e9di\u00e9val italien ou de profiter des joies offertes par de superbes \u00eeles grecque et\u00a0malawite.<\/span><\/p>\n<p style=\"text-align: center;\">\u00a0<\/p>\n<p style=\"text-align: center;\"><span style=\"font-family: arial, helvetica, sans-serif; font-size: 14pt; color: #000000;\"> Enjoy !<\/span><\/p>\n<p style=\"text-align: center;\">\u00a0<\/p>\n<p style=\"text-align: center;\"><strong><span style=\"color: #000000;\"><span style=\"font-size: 18pt; font-family: arial, helvetica, sans-serif;\">N\u00b01<\/span><\/span><\/strong><\/p>\n<p style=\"text-align: center;\">\u00a0<\/p>\n<p>&nbsp;<\/p>\n<p style=\"text-align: center;\">\u00a0<\/p>\n<p>&nbsp;<\/p>\n<p style=\"text-align: center;\"><span style=\"font-size: 14pt; color: #000000; font-family: arial, helvetica, sans-serif;\">Panoramas \u00e0 couper le souffle, couchers de soleil inoubliables, maisons troglodytes blanches accroch\u00e9es aux\u00a0falaises abruptes et quelques uns des plus beaux h\u00f4tels du monde : <strong>Oia<\/strong>, la perle de l\u2019\u00eele cycladique de <strong>Santorin<\/strong>, n&rsquo;a absolument pas usurp\u00e9 son statut de destination europ\u00e9enne pr\u00e9f\u00e9r\u00e9e des newly wed.<\/span><\/p>\n<p style=\"text-align: center;\"><span style=\"font-family: arial, helvetica, sans-serif; font-size: 14pt; color: #000000;\">\u00a0<\/span><\/p>\n<p style=\"text-align: center;\"><span style=\"font-size: 14pt; color: #000000; font-family: arial, helvetica, sans-serif;\">Avouez que d\u00e9jeuner, en amoureux, dans un lieu\u00a0aussi exclusif que celui que j&rsquo;ai pris en photo ici \u00a0est d&rsquo;un romantisme sans \u00e9gal.<\/span><\/p>\n<p style=\"text-align: center;\">\u00a0<\/p>\n<p style=\"text-align: center;\"><span style=\"font-size: 14pt; color: #000000; font-family: arial, helvetica, sans-serif;\">Vous ne trouvez pas ?<\/span><\/p>\n<p style=\"text-align: center;\">\u00a0<\/p>\n<p style=\"text-align: center;\"><span style=\"font-size: 14pt; color: #000000; font-family: arial, helvetica, sans-serif;\">Pour d\u00e9couvrir les autres attraits de la s\u00e9duisante Santorin, c&rsquo;est par\u00a0<a style=\"color: #000000;\" href=\"https:\/\/www.journaldunpigeonvoyageur.com\/blog\/2014\/11\/07\/mon-top-5-a-santorini-la-reine-des-cyclades\/\">ici<\/a><\/span><\/p>\n<p style=\"text-align: center;\">\u00a0<\/p>\n<p style=\"text-align: center;\"><span style=\"font-family: arial, helvetica, sans-serif; color: #000000;\"><strong><span style=\"font-size: 18pt;\">N\u00b02<\/span><\/strong><\/span><\/p>\n<p style=\"text-align: center;\">\u00a0<\/p>\n<p>&nbsp;<\/p>\n<p style=\"text-align: center;\">\u00a0<\/p>\n<p style=\"text-align: center;\">\u00a0<\/p>\n<p style=\"text-align: center;\"><span style=\"font-size: 14pt; font-family: arial, helvetica, sans-serif; color: #000000;\">En ce premier dimanche de l&rsquo;ann\u00e9e 2016, le ciel de Venise est d&rsquo;un bleu \u00e9clatant.<\/span><\/p>\n<p style=\"text-align: center;\">\u00a0<\/p>\n<p style=\"text-align: center;\"><span style=\"font-size: 14pt; font-family: arial, helvetica, sans-serif; color: #000000;\">\u00a0Un temps id\u00e9al dont je profite, \u00e0 \u00a0seulement quelques heures \u00a0de mon retour \u00e0 Paris, pour aller \u00e0 la d\u00e9couverte de <strong>Burano<\/strong>, \u00a0l&rsquo;une des <strong>\u00eeles<\/strong> principales de la lagune de la S\u00e9r\u00e9nissime\u00a0que je ne connaissais pas encore.<\/span><\/p>\n<p style=\"text-align: center;\">\u00a0<\/p>\n<p style=\"text-align: center;\"><span style=\"font-size: 14pt; font-family: arial, helvetica, sans-serif; color: #000000;\">Ce <strong>village de p\u00eacheurs et de dentelli\u00e8res<\/strong>, j&rsquo;en suis tomb\u00e9e amoureuse d\u00e8s mon arriv\u00e9e.<\/span><\/p>\n<p style=\"text-align: center;\">\u00a0<\/p>\n<p style=\"text-align: center;\"><span style=\"font-size: 14pt; font-family: arial, helvetica, sans-serif; color: #000000;\">En effet, comment r\u00e9sister, un seul instant, \u00e0 la beaut\u00e9 des petits ponts qui enjambent ses <strong>canaux<\/strong> mais surtout aux \u00e9blouissantes<strong> maisons color\u00e9es<\/strong>, \u00e0 l&rsquo;instar de celles du quai norv\u00e9gien de<strong><a style=\"color: #000000;\" href=\"https:\/\/www.journaldunpigeonvoyageur.com\/blog\/2014\/10\/05\/24-heures-bergen-lhanseatique-mes-mus\/\"> Bryggen<\/a> <\/strong>ou des <a style=\"color: #000000;\" href=\"https:\/\/www.journaldunpigeonvoyageur.com\/blog\/2015\/06\/03\/islande-terre-de-culture-d-architecture-d-art-et-de-design\/\"><strong>fjords de l&rsquo;est islandais<\/strong> <\/a>, qui bordent ces derniers ?<\/span><\/p>\n<p style=\"text-align: center;\"><span style=\"font-size: 14pt; font-family: arial, helvetica, sans-serif; color: #000000;\">\u00a0<\/span><\/p>\n<p style=\"text-align: center;\"><span style=\"font-size: 14pt; font-family: arial, helvetica, sans-serif; color: #000000;\">Burano, une tr\u00e8s jolie escapade que je vous ferai d\u00e9couvrir prochainement sur le blog. <\/span><\/p>\n<p style=\"text-align: center;\"><span style=\"font-family: arial, helvetica, sans-serif; font-size: 14pt; color: #000000;\">\u00a0<\/span><\/p>\n<p style=\"text-align: center;\"><span style=\"font-size: 14pt; font-family: arial, helvetica, sans-serif; color: #000000;\">So stay tuned \ud83d\ude42<\/span><\/p>\n<p style=\"text-align: center;\"><span style=\"font-family: arial, helvetica, sans-serif; font-size: 14pt; color: #000000;\">\u00a0<\/span><\/p>\n<p style=\"text-align: center;\"><span style=\"color: #000000;\"><strong><span style=\"font-size: 18pt; font-family: arial, helvetica, sans-serif;\">N\u00b03<\/span><\/strong><\/span><\/p>\n<p style=\"text-align: center;\">\u00a0<\/p>\n<p>&nbsp;<\/p>\n<p style=\"text-align: center;\">\u00a0<\/p>\n<p style=\"text-align: center;\">\u00a0<\/p>\n<p style=\"text-align: center;\"><span style=\"font-family: arial, helvetica, sans-serif; font-size: 14pt; color: #000000;\">Rien de tel pour d\u00e9compresser et se relaxer que de profiter des bienfaits d&rsquo;un massage. <\/span><\/p>\n<p style=\"text-align: center;\">\u00a0<\/p>\n<p style=\"text-align: center;\"><span style=\"font-family: arial, helvetica, sans-serif; font-size: 14pt; color: #000000;\">Une m\u00e9thode \u00a0qui a largement \u00a0fait ses preuves:)<\/span><\/p>\n<p style=\"text-align: center;\">\u00a0<\/p>\n<p style=\"text-align: center;\"><span style=\"font-family: arial, helvetica, sans-serif; font-size: 14pt; color: #000000;\">A <strong>Kaya Mawa<\/strong>, ce bijou h\u00f4telier malawite dont il a \u00e9t\u00e9 question <a href=\"https:\/\/www.journaldunpigeonvoyageur.com\/blog\/2014\/10\/12\/kaya-mawa-le-joyau-malawite-de-la-tres\/\">ici<\/a>, le <strong>cadre<\/strong> choisi pour en profiter contribue, sans l&rsquo;ombre d&rsquo;un doute, \u00a0\u00e0 rendre inoubliable ce moment de d\u00e9tente\u00a0privil\u00e9gi\u00e9.<\/span><\/p>\n<p style=\"text-align: center;\">\u00a0<\/p>\n<p style=\"text-align: center;\"><span style=\"font-family: arial, helvetica, sans-serif; font-size: 14pt; color: #000000;\">Franchir une passerelle faite de pierres et de bois, entendre, au loin, \u00a0les chants des p\u00eacheurs partant travailler, \u00a0admirer la beaut\u00e9 des eaux calmes du <strong>lac Malawi<\/strong> \u00e0 vos pieds \u00a0puis se retrouver, comme par enchantement, dans un merveilleux cocon.<\/span><\/p>\n<p style=\"text-align: center;\">\u00a0<\/p>\n<p style=\"text-align: center;\"><span style=\"font-family: arial, helvetica, sans-serif; font-size: 14pt; color: #000000;\">Celui d&rsquo;une bien jolie case blanche o\u00f9 les mains expertes d&rsquo;une professionnelle du bien \u00eatre ne tarderont pas \u00e0 vous faire sombrer dans un bonheur indicible.<\/span><\/p>\n<p style=\"text-align: center;\">\u00a0<\/p>\n<p style=\"text-align: center;\"><span style=\"font-family: arial, helvetica, sans-serif; font-size: 14pt; color: #000000;\">\u00a0Mais \u00a0Kaya Mawa offre bien d&rsquo;autres moments de f\u00e9licit\u00e9, auxquels il est impossible de ne pas succomber, que je vous laisse d\u00e9couvrir dans ce <a style=\"color: #000000;\" href=\"https:\/\/www.journaldunpigeonvoyageur.com\/blog\/2014\/10\/12\/kaya-mawa-le-joyau-malawite-de-la-tres\/\">billet\u00a0<\/a><\/span><\/p>\n<p style=\"text-align: center;\">\u00a0\u00a0<\/p>\n<p style=\"text-align: center;\"><span style=\"color: #000000;\"><strong><span style=\"font-size: 18pt;\">N\u00b04<\/span><\/strong><\/span><\/p>\n<p>&nbsp;<\/p>\n<p>&nbsp;<\/p>\n<p style=\"text-align: center;\">\u00a0<\/p>\n<p style=\"text-align: center;\">\u00a0<\/p>\n<p style=\"text-align: center;\"><span style=\"font-size: 14pt; font-family: arial, helvetica, sans-serif; color: #000000;\">Le village <strong>m\u00e9di\u00e9val<\/strong> italien, aujourd&rsquo;hui class\u00e9 au Patrimoine de l&rsquo;Unesco, de <strong>San Gimignano<\/strong> fut l&rsquo;une des plus belles surprises de mon r\u00e9cent autotour toscan .<\/span><\/p>\n<p style=\"text-align: center;\">\u00a0<\/p>\n<p style=\"text-align: center;\"><span style=\"font-size: 14pt; font-family: arial, helvetica, sans-serif; color: #000000;\">Une merveille, fortuitement d\u00e9couverte au moment de l&rsquo;\u00e9laboration de mon itin\u00e9raire touristique, o\u00f9 je me suis sentie transport\u00e9e quelques si\u00e8cles plus t\u00f4t. \u00a0<\/span><\/p>\n<p style=\"text-align: center;\">\u00a0<\/p>\n<p style=\"text-align: center;\"><span style=\"font-size: 14pt; font-family: arial, helvetica, sans-serif; color: #000000;\">Impressionn\u00e9e, je l&rsquo;ai \u00e9t\u00e9 . <\/span><\/p>\n<p style=\"text-align: center;\">\u00a0<\/p>\n<p style=\"text-align: center;\"><span style=\"font-size: 14pt; font-family: arial, helvetica, sans-serif; color: #000000;\">Par son imposant mur d&rsquo;enceinte, par ses distinctives <strong>maisons tours<\/strong>, par ses nombreux palais, par ses \u00e9tonnantes places mais aussi, et plus simplement, par les perspectives, sur la campagne environnante ou non, que r\u00e9servent ses \u00e9troites ruelles. <\/span><\/p>\n<p style=\"text-align: center;\">\u00a0<\/p>\n<p style=\"text-align: center;\"><span style=\"font-size: 14pt; font-family: arial, helvetica, sans-serif; color: #000000;\">Ruelles o\u00f9 j&rsquo;ai pris plaisir \u00e0 me perdre &#8230; <\/span><\/p>\n<p style=\"text-align: center;\">\u00a0<\/p>\n<p style=\"text-align: center;\"><span style=\"font-size: 14pt; font-family: arial, helvetica, sans-serif; color: #000000;\"><a style=\"color: #000000;\" href=\"https:\/\/www.journaldunpigeonvoyageur.com\/blog\/2016\/01\/07\/de-la-beaute-de-la-toscane-en-hiver\/\">San Gimignano<\/a>, o\u00f9 Histoire et Beaut\u00e9 se conjuguent de la plus belle mani\u00e8re, est donc une halte que je vous recommande vivement.<\/span><\/p>\n<p style=\"text-align: center;\">\u00a0<\/p>\n<p style=\"text-align: center;\"><span style=\"font-size: 18pt; color: #000000;\"><strong><span style=\"font-family: arial, helvetica, sans-serif;\"> N\u00b05<\/span><\/strong><\/span><\/p>\n<p style=\"text-align: center;\">\u00a0<\/p>\n<p>&nbsp;<\/p>\n<p style=\"text-align: center;\">\u00a0<\/p>\n<p style=\"text-align: center;\">\u00a0<\/p>\n<p style=\"text-align: center;\"><span style=\"font-size: 14pt; font-family: arial, helvetica, sans-serif; color: #000000;\">C&rsquo;est sous une chaleur \u00e9crasante, en ce mois d\u2019ao\u00fbt 2014, que j&rsquo;entreprends cette balade fluviale qui me m\u00e8nera jusqu&rsquo;aux<a style=\"color: #000000;\" href=\"https:\/\/www.journaldunpigeonvoyageur.com\/blog\/2014\/10\/25\/pleins-feux-sur-la-region-de-la-deuxieme-baie-d-along\/\"> grottes de Tam Coc<\/a>, les merveilles touristiques de la r\u00e9gion de Baie d&rsquo;Along terrestre vietnamienne.<\/span><\/p>\n<p style=\"text-align: center;\">\u00a0<\/p>\n<p style=\"text-align: center;\"><span style=\"font-size: 14pt; font-family: arial, helvetica, sans-serif; color: #000000;\">Le voyage d\u00e9bute \u00e0 peine mais je suis d\u00e9j\u00e0 \u00e9merveill\u00e9e.<\/span><\/p>\n<p style=\"text-align: center;\">\u00a0<\/p>\n<p style=\"text-align: center;\"><span style=\"font-size: 14pt; font-family: arial, helvetica, sans-serif; color: #000000;\">Par la nature qui m&rsquo;entoure et les multiples formations rocheuses qui de dressent d\u00e9j\u00e0 devant moi, cela va de soi, mais aussi par les<strong> rameurs<\/strong> qui, plusieurs fois par jour, \u00a0convoient les touristes, <strong>\u00e0 la seule force de leurs pieds<\/strong>, jusqu&rsquo;\u00e0 ces grottes.<\/span><\/p>\n<p style=\"text-align: center;\">\u00a0<\/p>\n<p style=\"text-align: center;\"><span style=\"font-size: 14pt; font-family: arial, helvetica, sans-serif; color: #000000;\">Oui oui vous avez bien lu, ici la tradition consiste \u00e0 ramer avec les pieds. <\/span><\/p>\n<p style=\"text-align: center;\">\u00a0<\/p>\n<p style=\"text-align: center;\"><span style=\"font-size: 14pt; font-family: arial, helvetica, sans-serif; color: #000000;\">V\u00e9ritable exploit qui rajoute un cachet suppl\u00e9mentaire (si besoin encore \u00e9tait) \u00e0 cette exp\u00e9dition dont je garde des souvenirs encore \u00e9mus.<\/span><\/p>\n<p style=\"text-align: center;\">\u00a0<\/p>\n<p style=\"text-align: center;\"><span style=\"font-size: 14pt; font-family: arial, helvetica, sans-serif; color: #000000;\">La Baie d&rsquo;Along Terrestre, une magnifique r\u00e9gion vietnamienne que je vous propose de d\u00e9couvrir en images <a style=\"color: #000000;\" href=\"https:\/\/www.journaldunpigeonvoyageur.com\/blog\/2014\/10\/25\/pleins-feux-sur-la-region-de-la-deuxieme-baie-d-along\/\">ici<\/a>.<\/span><\/p>\n<p style=\"text-align: center;\">\u00a0<\/p>\n<p style=\"text-align: center;\">\u00a0<\/p>\n<p style=\"text-align: center;\">\u00a0<\/p>\n<p style=\"text-align: center;\"><span style=\"font-size: 14pt; font-family: arial, helvetica, sans-serif; color: #000000;\"><b><span data-blogger-escaped-style=\"font-family: &quot;times&quot; , &quot;times new roman&quot; , serif; font-size: x-large;\">E<\/span><\/b><span data-blogger-escaped-style=\"font-family: &quot;arial&quot; , &quot;helvetica&quot; , sans-serif;\">t vous ? Quel \u00e9tait votre clich\u00e9 JPV pr\u00e9f\u00e9r\u00e9, publi\u00e9 sur Instagram, du mois de janvier\u00a0?<\/span><\/span><\/p>\n<p style=\"text-align: center;\">\n<p><span style=\"font-family: arial, helvetica, sans-serif; font-size: 14pt; color: #000000;\" data-blogger-escaped-style=\"font-family: &quot;arial&quot; , &quot;helvetica&quot; , sans-serif;\">N&rsquo;h\u00e9sitez pas \u00e0 m&rsquo;en faire part dans vos commentaires.<\/span><\/p>\n","protected":false},"excerpt":{"rendered":"<p>&nbsp; &nbsp; &nbsp; votre Top 5 du mois de Janvier\u00a0 &nbsp; &nbsp; JANVIER 2016 &nbsp; Comme pour oublier\u00a0la saison hivernale (avec son lot de grisaille, de froid et de pluie) qui s\u00e9vit actuellement sous nos latitudes, votre classement du premier mois de l&rsquo;ann\u00e9e 2016 est&#8230;<\/p>\n","protected":false},"author":2,"featured_media":17653,"comment_status":"open","ping_status":"closed","sticky":false,"template":"","format":"standard","meta":{"slim_seo":{"title":"VOS INSTA PICS PR\u00c9F\u00c9R\u00c9ES, JANVIER 2016 - Journal d&#039;un Pigeon Voyageur","description":"&nbsp; &nbsp; &nbsp; votre Top 5 du mois de Janvier\u00a0 &nbsp; &nbsp; JANVIER 2016 &nbsp; Comme pour oublier\u00a0la saison hivernale (avec son lot de grisaille, de fro"},"footnotes":""},"categories":[12,13,3,40,5,37,41,35,20],"tags":[144,181],"class_list":["post-9041","post","type-post","status-publish","format-standard","has-post-thumbnail","hentry","category-afrique","category-asie","category-europe","category-grece","category-italie","category-le-jpv-autrement","category-malawi","category-vietnam","category-vos-insta-pics-preferees","tag-classement-jpv","tag-instagram"],"_links":{"self":[{"href":"https:\/\/www.journaldunpigeonvoyageur.com\/blog\/wp-json\/wp\/v2\/posts\/9041","targetHints":{"allow":["GET"]}}],"collection":[{"href":"https:\/\/www.journaldunpigeonvoyageur.com\/blog\/wp-json\/wp\/v2\/posts"}],"about":[{"href":"https:\/\/www.journaldunpigeonvoyageur.com\/blog\/wp-json\/wp\/v2\/types\/post"}],"author":[{"embeddable":true,"href":"https:\/\/www.journaldunpigeonvoyageur.com\/blog\/wp-json\/wp\/v2\/users\/2"}],"replies":[{"embeddable":true,"href":"https:\/\/www.journaldunpigeonvoyageur.com\/blog\/wp-json\/wp\/v2\/comments?post=9041"}],"version-history":[{"count":24,"href":"https:\/\/www.journaldunpigeonvoyageur.com\/blog\/wp-json\/wp\/v2\/posts\/9041\/revisions"}],"predecessor-version":[{"id":17796,"href":"https:\/\/www.journaldunpigeonvoyageur.com\/blog\/wp-json\/wp\/v2\/posts\/9041\/revisions\/17796"}],"wp:featuredmedia":[{"embeddable":true,"href":"https:\/\/www.journaldunpigeonvoyageur.com\/blog\/wp-json\/wp\/v2\/media\/17653"}],"wp:attachment":[{"href":"https:\/\/www.journaldunpigeonvoyageur.com\/blog\/wp-json\/wp\/v2\/media?parent=9041"}],"wp:term":[{"taxonomy":"category","embeddable":true,"href":"https:\/\/www.journaldunpigeonvoyageur.com\/blog\/wp-json\/wp\/v2\/categories?post=9041"},{"taxonomy":"post_tag","embeddable":true,"href":"https:\/\/www.journaldunpigeonvoyageur.com\/blog\/wp-json\/wp\/v2\/tags?post=9041"}],"curies":[{"name":"wp","href":"https:\/\/api.w.org\/{rel}","templated":true}]}}