{"id":74,"date":"2015-05-10T12:28:00","date_gmt":"2015-05-10T11:28:00","guid":{"rendered":"https:\/\/journaldunpigeonvoyageur.com\/jpv\/2015\/05\/10\/paroles-d-amoureux-du-voyage-joelle-bah-redactrice-du-blog-elle-dit-8\/"},"modified":"2016-11-08T16:26:07","modified_gmt":"2016-11-08T15:26:07","slug":"paroles-d-amoureux-du-voyage-joelle-bah-redactrice-du-blog-elle-dit-8","status":"publish","type":"post","link":"https:\/\/www.journaldunpigeonvoyageur.com\/blog\/2015\/05\/10\/paroles-d-amoureux-du-voyage-joelle-bah-redactrice-du-blog-elle-dit-8\/","title":{"rendered":"PAROLES D&rsquo;AMOUREUX DU VOYAGE : JOELLE BAH, REDACTRICE DU BLOG ELLE DIT 8"},"content":{"rendered":"<div style=\"text-align: center;\">\u00a0<\/p>\n<table class=\"tr-caption-container\" style=\"margin-left: auto; margin-right: auto; text-align: center;\" cellspacing=\"0\" cellpadding=\"0\" align=\"center\">\n<tbody>\n<tr>\n<td style=\"text-align: center;\"><a style=\"margin-left: auto; margin-right: auto;\" href=\"http:\/\/4.bp.blogspot.com\/-JgPVWqRS5Bw\/VUjKAmAjSGI\/AAAAAAAAyPo\/SJhr84rznP8\/s1600\/elledit8jpvinterview.jpg\"><img loading=\"lazy\" decoding=\"async\" src=\"http:\/\/4.bp.blogspot.com\/-JgPVWqRS5Bw\/VUjKAmAjSGI\/AAAAAAAAyPo\/SJhr84rznP8\/s640\/elledit8jpvinterview.jpg\" alt=\"\" width=\"640\" height=\"426\" border=\"0\" \/><\/a><\/td>\n<\/tr>\n<tr>\n<td class=\"tr-caption\" style=\"text-align: center;\"><i>Joelle Bah. San Francisco<\/i><\/td>\n<\/tr>\n<\/tbody>\n<\/table>\n<p>\u00a0<\/p><\/div>\n<div style=\"text-align: center;\">\u00a0<\/div>\n<div id=\"yui_3_16_0_1_1429999241149_2171\" style=\"background-color: #fafafa; color: #333333; line-height: 19.6px; margin: 0px; outline: medium none; padding: 0px; text-align: center;\"><span style=\"color: #800080; font-size: 14pt;\"><b id=\"yui_3_16_0_1_1429999241149_2176\"><i>Parce que les possibilit\u00e9s d&rsquo;envisager les voyages sont infinies,<\/i><\/b><\/span><\/div>\n<div style=\"background-color: #fafafa; color: #333333; line-height: 19.6px; margin: 0px; outline: medium none; padding: 0px; text-align: center;\">\u00a0<\/div>\n<div style=\"background-color: #fafafa; color: #333333; line-height: 19.6px; margin: 0px; outline: medium none; padding: 0px; text-align: center;\">\u00a0<\/div>\n<div style=\"background-color: #fafafa; color: #333333; line-height: 19.6px; margin: 0px; outline: medium none; padding: 0px; text-align: center;\"><span style=\"color: #800080; font-size: 14pt;\"><b id=\"yui_3_16_0_1_1429999241149_2176\"><i>Parce qu&rsquo;\u00eatre un(e) \u00ab\u00a0traveladdict\u00a0\u00bb est une d\u00e9pendance,\u00a0 non\u00a0 r\u00e9pr\u00e9hensible p\u00e9nalement, qui, au contraire, nous enrichit,<\/i><\/b><\/span><\/div>\n<div style=\"background-color: #fafafa; color: #333333; line-height: 19.6px; margin: 0px; outline: medium none; padding: 0px; text-align: center;\">\u00a0<\/div>\n<div id=\"yui_3_16_0_1_1429999241149_2171\" style=\"background-color: #fafafa; color: #333333; line-height: 19.6px; margin: 0px; outline: medium none; padding: 0px; text-align: center;\"><span style=\"color: #800080; font-size: 14pt;\"><b><i>\u00a0<\/i><\/b><\/span><\/div>\n<div id=\"yui_3_16_0_1_1429999241149_2171\" style=\"background-color: #fafafa; color: #333333; line-height: 19.6px; margin: 0px; outline: medium none; padding: 0px; text-align: center;\"><span style=\"color: #800080; font-size: 14pt;\"><b id=\"yui_3_16_0_1_1429999241149_2176\"><i>Parce que de la d\u00e9couverte d&rsquo;une m\u00eame destination,<\/i><\/b><i><b>\u00a0<\/b><\/i><b id=\"yui_3_16_0_1_1429999241149_2176\"><i>chaque voyageur ressent\u00a0 et garde en m\u00e9moire des \u00e9motions ainsi que des souvenirs qui lui sont propres, lesquels sont marqu\u00e9s par son exp\u00e9rience et son histoire personnelles,<\/i><\/b><\/span><\/div>\n<div style=\"background-color: #fafafa; color: #333333; line-height: 19.6px; margin: 0px; outline: medium none; padding: 0px; text-align: center;\">\u00a0<\/div>\n<div id=\"yui_3_16_0_1_1429999241149_2171\" style=\"background-color: #fafafa; color: #333333; line-height: 19.6px; margin: 0px; outline: medium none; padding: 0px; text-align: center;\"><span style=\"color: #800080; font-size: 14pt;\"><b><i>\u00a0<\/i><\/b><\/span><\/div>\n<div id=\"yui_3_16_0_1_1429999241149_2171\" style=\"background-color: #fafafa; color: #333333; line-height: 19.6px; margin: 0px; outline: medium none; padding: 0px; text-align: center;\"><span style=\"color: #800080; font-size: 14pt;\"><b id=\"yui_3_16_0_1_1429999241149_2176\"><i>Parce que plusieurs avis valent toujours mieux qu&rsquo;un seul,<\/i><\/b><\/span><\/div>\n<div style=\"background-color: #fafafa; color: #333333; line-height: 19.6px; margin: 0px; outline: medium none; padding: 0px; text-align: center;\">\u00a0<\/div>\n<div id=\"yui_3_16_0_1_1429999241149_2171\" style=\"background-color: #fafafa; color: #333333; line-height: 19.6px; margin: 0px; outline: medium none; padding: 0px; text-align: center;\"><span style=\"color: #800080; font-size: 14pt;\"><b><i>\u00a0<\/i><\/b><\/span><\/div>\n<div id=\"yui_3_16_0_1_1429999241149_2171\" style=\"background-color: #fafafa; color: #333333; line-height: 19.6px; margin: 0px; outline: medium none; padding: 0px; text-align: center;\"><span style=\"color: #800080; font-size: 14pt;\"><b id=\"yui_3_16_0_1_1429999241149_2176\"><i>Parce que tout simplement l&rsquo;essence du JPV demeure, depuis l&rsquo;origine, le partage,<\/i><\/b><\/span><\/div>\n<div style=\"background-color: #fafafa; color: #333333; line-height: 19.6px; margin: 0px; outline: medium none; padding: 0px; text-align: center;\">\u00a0<\/div>\n<div id=\"yui_3_16_0_1_1429999241149_2171\" style=\"background-color: #fafafa; color: #333333; line-height: 19.6px; margin: 0px; outline: medium none; padding: 0px; text-align: center;\"><span style=\"color: #800080; font-size: 14pt;\"><b><i>\u00a0<\/i><\/b><\/span><\/div>\n<div id=\"yui_3_16_0_1_1429999241149_2171\" style=\"background-color: #fafafa; color: #333333; line-height: 19.6px; margin: 0px; outline: medium none; padding: 0px; text-align: center;\"><span style=\"color: #800080; font-size: 14pt;\"><b id=\"yui_3_16_0_1_1429999241149_2176\"><i>Donner la parole, sur le blog, \u00e0 des amoureux du voyage, m&rsquo;est d\u00e8s lors apparu comme une \u00e9vidence.<\/i><\/b><\/span><\/div>\n<div style=\"background-color: #fafafa; color: #333333; line-height: 19.6px; margin: 0px; outline: medium none; padding: 0px; text-align: center;\">\u00a0<\/div>\n<div style=\"text-align: center;\">\u00a0<\/div>\n<div style=\"text-align: center;\"><span style=\"color: #000000;\"><i><span style=\"color: #000000;\"><b>\u00a0\u00a0\u00a0 <\/b><\/span><span style=\"font-size: 14pt; color: #000000;\">Ne jamais dire fontaine je ne boirai jamais de ton eau !<\/span><\/i><\/span><\/div>\n<div style=\"text-align: center;\">\u00a0<\/div>\n<div style=\"text-align: center;\"><span style=\"font-size: 14pt;\"><span style=\"color: #000000;\"> <i>Telle pourrait \u00eatre ma devise depuis que j&rsquo;ai commenc\u00e9 ce blog il y a presqu&rsquo;un an.<\/i> <\/span><\/span><\/div>\n<div style=\"text-align: center;\">\u00a0<\/div>\n<div style=\"text-align: center;\"><span style=\"font-size: 14pt;\"><span style=\"color: #000000;\"><i>En effet comme je vous l&rsquo;avais d\u00e9j\u00e0 racont\u00e9 <a style=\"color: #000000;\" href=\"https:\/\/www.journaldunpigeonvoyageur.com\/blog\/2014\/12\/30\/quand-vient-lheure-du-bilan\/\" target=\"_blank\">ici<\/a>, si j&rsquo;ai, pendant longtemps, repouss\u00e9 aux calendes grecques mes d\u00e9buts dans la blogosph\u00e8re c&rsquo;est tout simplement parce que j&rsquo;estimais ne pas \u00eatre assez dou\u00e9e en mati\u00e8re de nouvelles technologies pour tenir un blog.<\/i> <i>\u00a0\u00a0<\/i><\/span><\/span><\/div>\n<div style=\"text-align: center;\">\u00a0<\/div>\n<div style=\"text-align: center;\"><span style=\"font-size: 14pt;\"><span style=\"color: #000000;\"><i> Le 6 juillet 2014, j&rsquo;ai pourtant fait le grand saut, non sans craintes, pour donner naissance au JPV. <\/i><\/span><\/span><\/div>\n<div style=\"text-align: center;\">\u00a0<\/div>\n<div style=\"text-align: center;\"><span style=\"font-size: 14pt;\"><span style=\"color: #000000;\"> <i>10 mois plus tard, ce dernier ne ressemble, certes, pas encore visuellement \u00e0 ce que je voudrais qu&rsquo;il soit mais j&rsquo;arrive \u00e0 publier mes articles et \u00e0 r\u00e9soudre,<\/i><i><i> sans appeler \u00e0 la rescousse (avec une voix paniqu\u00e9e) mes ami(e)s clairement plus dou\u00e9s que moi<\/i>, les petits soucis qu&rsquo;il m&rsquo;arrive de rencontrer sur la plate forme Blogger.<\/i><\/span><\/span><\/div>\n<div style=\"text-align: center;\">\u00a0<\/div>\n<div style=\"text-align: center;\"><span style=\"font-size: 14pt;\"><span style=\"color: #000000;\"> <i>Je pourrais vous citer d&rsquo;autres objectifs, plus ou moins technologiques et ayant trait au JPV, que j&rsquo;avais tout simplement refus\u00e9 de me fixer, ayant ab initio d\u00e9cr\u00e9t\u00e9 qu&rsquo;il aurait \u00e9t\u00e9 impossible pour moi de les d\u00e9passer.<\/i> <\/span><\/span><\/div>\n<div style=\"text-align: center;\">\u00a0<\/div>\n<div style=\"text-align: center;\"><span style=\"font-size: 14pt;\"><span style=\"color: #000000;\"><i>Comme quoi notre meilleur ennemi sommeille en nous m\u00eame&#8230;<\/i> <i>\u00a0\u00a0 <\/i><\/span><\/span><\/div>\n<div style=\"text-align: center;\">\u00a0<\/div>\n<div style=\"text-align: center;\"><span style=\"font-size: 14pt;\"><span style=\"color: #000000;\"><i>Heureusement, autour de moi, plusieurs petites voix, qui se\u00a0reconna\u00eetront, ont su se montrer insistantes et ont finalement r\u00e9ussi, \u00e0 force de persuasion, \u00e0 me\u00a0convaincre que je ne devais pas \u00eatre effray\u00e9e par les changements qui se profilaient \u00e0 l&rsquo;horizon.<\/i> <\/span><\/span><\/div>\n<div style=\"text-align: center;\">\u00a0<\/div>\n<div style=\"text-align: center;\"><span style=\"font-size: 14pt;\"><span style=\"color: #000000;\"><i>Comme lors de la cr\u00e9ation du blog, quelques mois plus t\u00f4t, il suffisait que je mette un peu la main dans le cambouis pour m&rsquo;en sortir \ud83d\ude42<\/i> <i>\u00a0\u00a0 <\/i><\/span><\/span><\/div>\n<div style=\"text-align: center;\">\u00a0<\/div>\n<div style=\"text-align: center;\"><span style=\"font-size: 14pt;\"><span style=\"color: #000000;\"><i>Telles sont les circonstances qui m&rsquo;ont donc conduites, il y a trois mois \u00e0 peine, \u00e0 <strong>lancer la page Instagram du JPV<\/strong>.<\/i><\/span><\/span><\/div>\n<div style=\"text-align: center;\">\u00a0<\/div>\n<div style=\"text-align: center;\"><span style=\"font-size: 14pt;\"><span style=\"color: #000000;\"> <i>Un brin h\u00e9sitante les premiers jours, j&rsquo;en suis d\u00e9sormais devenue presqu&rsquo;addict !<\/i> <\/span><\/span><\/div>\n<div style=\"text-align: center;\">\u00a0<\/div>\n<div style=\"text-align: center;\"><span style=\"font-size: 14pt;\"><span style=\"color: #000000;\"><i>Car c&rsquo;est bien simple,\u00a0 je \u00ab\u00a0kiffe\u00a0\u00bb ce r\u00e9seau social !<\/i> <\/span><\/span><\/div>\n<div style=\"text-align: center;\">\u00a0<\/div>\n<div style=\"text-align: center;\"><span style=\"font-size: 14pt;\"><span style=\"color: #000000;\"><i>Parce qu&rsquo;il me permet de partager quelques unes de mes photos de voyage (fans de photographie bonjour); de vivre une interaction, diff\u00e9rente, avec mon lectorat mais aussi ceux qui plongent \u00e0 peine dans l&rsquo;univers du blog et enfin, un aspect qui n&rsquo;est pas des moindres, de d\u00e9couvrir, plus ais\u00e9ment et avec toujours beaucoup de plaisir, d&rsquo;autres profils, qu&rsquo;ils soient ou non li\u00e9s aux voyages.<\/i> <i><b>\u00a0<\/b>\u00a0 <\/i><\/span><\/span><\/div>\n<div style=\"text-align: center;\">\u00a0<\/div>\n<div style=\"text-align: center;\"><span style=\"font-size: 14pt;\"><span style=\"color: #000000;\"><i>Si j&rsquo;ai, aujourd&rsquo;hui, choisi de vous parler d&rsquo; Instagram c&rsquo;est parce qu&rsquo;il s&rsquo;agit du r\u00e9seau social sur lequel j&rsquo;ai d\u00e9couvert, comme j&rsquo;ai pu vous le raconter <a style=\"color: #000000;\" href=\"https:\/\/www.journaldunpigeonvoyageur.com\/blog\/2015\/04\/06\/quand-le-jpv-se-livre-dans-la-rubrique-paroles-de-blogueuses-du-blog-elle-dit-8\/\" target=\"_blank\">ici<\/a>, celle qui sera <strong>notre 4 eme invit\u00e9e de \u00ab\u00a0Paroles d&rsquo;Amoureux du Voyage\u00a0\u00bb<\/strong>.<\/i> <\/span><\/span><\/div>\n<div style=\"text-align: center;\">\u00a0<\/div>\n<div style=\"text-align: center;\"><span style=\"color: #000000;\"><i><span style=\"font-size: 14pt;\">Elle c&rsquo;est <strong>Jo\u00eblle Bah, la r\u00e9dactrice d&rsquo; <a style=\"color: #000000;\" href=\"http:\/\/www.elledit8.com\/\" target=\"_blank\">Elle Dit 8<\/a>,<\/strong> un blog qui a su, d\u00e8s mes premi\u00e8res lectures, me s\u00e9duire.<\/span><\/i><span style=\"font-size: 14pt;\"> <i><span style=\"color: #000000;\">\u00a0<\/span><\/i><\/span><\/span><\/div>\n<div style=\"text-align: center;\">\u00a0<\/div>\n<div style=\"text-align: center;\"><span style=\"color: #000000;\"><span style=\"font-size: 14pt;\"><i><span style=\"color: #000000;\">\u00a0 Arm\u00e9e de sa<strong> tr\u00e8s belle plume<\/strong>, cette professeur des \u00e9coles trentenaire nous fait part, en effet, de <\/span><strong><span style=\"color: #000000;\">ses coups de c\u0153ur culturels et<\/span> <span style=\"color: #000000;\">artistiques<\/span><\/strong><span style=\"color: #000000;\"> (livres, films, musique, expositions : tout y passe ou presque), nous <strong>livre ses adresses parisiennes o\u00f9 se r\u00e9galer le palais et partage, enfin,\u00a0 sa passion pour tout ce qui touche, de pr\u00e8s ou de loin, \u00e0 l&rsquo;univers du Voyage.<\/strong><\/span><\/i><\/span><\/span><\/div>\n<div style=\"text-align: center;\">\u00a0<\/div>\n<div style=\"text-align: center;\"><span style=\"color: #000000;\"><span style=\"font-size: 14pt;\"><span style=\"color: #000000;\"> <i>Autant de sujets qui, moi aussi, m&rsquo;attirent.<\/i> <i>\u00a0<\/i><\/span><\/span><\/span><\/div>\n<div style=\"text-align: center;\">\u00a0<\/div>\n<div style=\"text-align: center;\"><span style=\"color: #000000;\"><span style=\"font-size: 14pt;\"><span style=\"color: #000000;\"><i> <\/i> <i>C&rsquo;est donc tout naturellement que je suis tomb\u00e9e sous le charme de ce blog, que je suis\u00a0assid\u00fbment\u00a0depuis sa d\u00e9couverte \u00e0 la mi mars 2015,\u00a0 et tout aussi\u00a0naturellement que <strong>j&rsquo;ai accept\u00e9 d&rsquo;\u00eatre l&rsquo;invit\u00e9e d&rsquo;Elle Dit 8 dans un article publi\u00e9 <a style=\"color: #000000;\" href=\"http:\/\/www.elledit8.com\/pdb-jpv\/\" target=\"_blank\">ici<\/a>.<\/strong><\/i> <\/span><\/span><\/span><\/div>\n<div style=\"text-align: center;\">\u00a0<\/div>\n<div style=\"text-align: center;\"><span style=\"color: #000000;\"><span style=\"font-size: 14pt;\"><span style=\"color: #000000;\"><i>Mais au fond de moi je n&rsquo;avais qu&rsquo;une h\u00e2te : celle, d\u2019\u00e0 mon tour, pouvoir vous pr\u00e9senter, cette passionn\u00e9e du Voyage.<\/i> <\/span><\/span><\/span><\/div>\n<div style=\"text-align: center;\">\u00a0<\/div>\n<div style=\"text-align: center;\"><span style=\"color: #000000;\"><span style=\"font-size: 14pt;\"><span style=\"color: #000000;\"><i>So here we go ! <\/i> <i>A vos marques, pr\u00eats, embarquez \ud83d\ude42<\/i><\/span><\/span><\/span><\/div>\n<div style=\"text-align: center;\">\u00a0<\/div>\n<div style=\"text-align: center;\"><span style=\"color: #000000;\"><span style=\"font-size: 14pt;\"><span style=\"color: #000000;\"> <i><b>&#8230;&#8230;&#8230;&#8230;&#8230;&#8230;&#8230;&#8230;&#8230;&#8230;&#8230;\u00a0<\/b><\/i> <\/span><\/span><\/span><\/div>\n<div style=\"text-align: center;\"><span style=\"font-size: 14pt; color: #000000;\">\u00a0<\/span><\/div>\n<div style=\"text-align: center;\">\u00a0<\/div>\n<div dir=\"ltr\" style=\"background-color: white;\">\n<div>\n<div>\n<div>\n<div>\n<div>\n<div>\n<div style=\"text-align: center;\"><span style=\"font-size: 14pt; color: #000000;\"><b>Que t&rsquo; \u00e9voque la notion de voyage ?<\/b><\/span><\/div>\n<div style=\"text-align: center;\">\u00a0<\/div>\n<div style=\"text-align: center;\"><span style=\"font-size: 14pt; color: #000000;\">\u00a0<\/span><\/div>\n<div style=\"text-align: center;\"><span style=\"font-size: 14pt; color: #000000;\"><b>\u00a0L<\/b>orsque comme moi <b>on grandit\u00a0sur une \u00eele, le voyage est une notion concr\u00e8te d\u00e8s le plus jeune \u00e2ge<\/b>.<\/span><\/div>\n<div style=\"font-family: Arial,Helvetica,sans-serif; text-align: center;\"><span style=\"font-size: 14pt; color: #000000;\">\u00a0<\/span><\/div>\n<div style=\"font-family: Arial,Helvetica,sans-serif; text-align: center;\"><span style=\"font-size: 14pt; color: #000000;\">En Guadeloupe, chacun a un membre de sa famille, un ami, un voisin\u00a0parti vivre sous d&rsquo;autres latitudes\u00a0qui revient en voyage de temps en temps. <b>Les retours <\/b>sont accompagn\u00e9s de\u00a0mille anecdotes, d&rsquo;habitudes diff\u00e9rentes: une <b>premi\u00e8re repr\u00e9sentation du\u00a0voyage<\/b>.<\/span><\/div>\n<div style=\"font-family: Arial,Helvetica,sans-serif; text-align: center;\"><span style=\"font-size: 14pt; color: #000000;\">\u00a0<\/span><\/div>\n<div style=\"font-family: Arial,Helvetica,sans-serif; text-align: center;\"><span style=\"font-size: 14pt; color: #000000;\">\u00a0L&rsquo;avion ou le bateau aide \u00e0 formaliser la <b>deuxi\u00e8me \u00e9tape<\/b>: <b>l&rsquo;\u00e9vasion exp\u00e9riment\u00e9e avec\u00a0ses propres yeux.<\/b><\/span><\/div>\n<div style=\"font-family: Arial,Helvetica,sans-serif; text-align: center;\"><span style=\"font-size: 14pt;\">\u00a0<\/span><\/div>\n<div style=\"font-family: Arial,Helvetica,sans-serif; text-align: center;\"><span style=\"font-size: 14pt; color: #000000;\">\u00a0Ma m\u00e8re adorant les voyages, mes parents m&rsquo;y ont initi\u00e9e tr\u00e8s t\u00f4t.<\/span><\/div>\n<div style=\"font-family: Arial,Helvetica,sans-serif; text-align: center;\"><span style=\"font-size: 14pt; color: #000000;\">\u00a0<\/span><\/div>\n<div style=\"text-align: center;\"><span style=\"font-size: 14pt; color: #000000;\"><b>\u00a0J<\/b>&lsquo;ai v\u00e9cu cette exp\u00e9rience comme une <b style=\"font-family: Arial,Helvetica,sans-serif;\">r\u00e9v\u00e9lation<\/b>.<\/span><\/div>\n<div style=\"font-family: Arial,Helvetica,sans-serif; text-align: center;\"><span style=\"font-size: 14pt; color: #000000;\">\u00a0<\/span><\/div>\n<div style=\"font-family: Arial,Helvetica,sans-serif; text-align: center;\"><span style=\"font-size: 14pt; color: #000000;\">La premi\u00e8re fois\u00a0c&rsquo;\u00e9tait \u00e0 Caracas et depuis,\u00a0le voyage est un<b> puits dans lequel je puise de l&rsquo;inspiration, un puits dans lequel\u00a0je m&rsquo;abreuve de cultures diff\u00e9rentes<\/b>.<\/span><\/div>\n<div style=\"font-family: Arial,Helvetica,sans-serif; text-align: center;\"><span style=\"color: #000000;\">\u00a0<\/span><\/div>\n<div style=\"font-family: Arial,Helvetica,sans-serif; text-align: center;\"><span style=\"font-size: 14pt; color: #000000;\">Et puis <b>on apprend beaucoup sur soi<\/b>\u00a0durant les voyages, <b>on grandit<\/b>.<\/span><\/div>\n<div style=\"text-align: center;\"><span style=\"font-size: 14pt; color: #000000;\">\u00a0<\/span><\/div>\n<div style=\"text-align: center;\">\u00a0<\/div>\n<\/div>\n<div style=\"text-align: center;\"><span style=\"font-size: 14pt; color: #000000;\"><b>Que recherches tu lorsque tu parcours un blog de voyage?<\/b><\/span><\/div>\n<div style=\"text-align: center;\"><span style=\"font-size: 14pt; color: #000000;\">\u00a0<\/span><\/div>\n<\/div>\n<div style=\"color: #222222; text-align: center;\"><span style=\"font-size: 14pt; color: #000000;\">\u00a0<\/span><\/div>\n<div>\n<div style=\"text-align: center;\"><span style=\"font-size: 14pt; color: #000000;\">En parcourant un blog de voyage, je suis essentiellement\u00a0<b>\u00e0 la recherche de bonnes adresses test\u00e9es, de coups de\u00a0c\u0153urs\u00a0partag\u00e9s.\u00a0<\/b><\/span><\/div>\n<div style=\"text-align: center;\"><span style=\"font-size: 14pt;\">\u00a0<\/span><\/div>\n<div style=\"text-align: center;\"><span style=\"font-size: 14pt; color: #000000;\">Gr\u00e2ce aux r\u00e9seaux sociaux qui y sont reli\u00e9s,\u00a0les\u00a0blogueurs partagent spontan\u00e9ment\u00a0des bons plans qui sortent des sentiers battus.<\/span><\/div>\n<div style=\"text-align: center;\"><span style=\"font-size: 14pt; color: #000000;\">\u00a0<\/span><\/div>\n<div style=\"text-align: center;\"><span style=\"font-size: 14pt; color: #000000;\">C&rsquo;est un\u00a0<b>compl\u00e9ment int\u00e9ressant <\/b>aux <b>informations\u00a0que je glane dans les magazines ou dans les guides de voyage<\/b>.<\/span><\/div>\n<div style=\"text-align: center;\"><span style=\"font-size: 14pt; color: #000000;\">\u00a0<\/span><\/div>\n<\/div>\n<div style=\"text-align: center;\">\u00a0<\/div>\n<div style=\"text-align: center;\"><span style=\"font-size: 14pt; color: #000000;\"><b>Comment d\u00e9finis tu le Journal d&rsquo;un Pigeon Voyageur en deux ou trois adjectifs ?<\/b><\/span><\/div>\n<div style=\"text-align: center;\"><span style=\"font-size: 14pt; color: #000000;\">\u00a0<\/span><\/div>\n<\/div>\n<div style=\"color: #222222; text-align: center;\"><span style=\"font-size: 14pt; color: #000000;\">\u00a0<\/span><\/div>\n<div style=\"text-align: center;\"><span style=\"font-size: 14pt; color: #000000;\">Je dirais:<b> surprenant, p\u00e9tillant, chiad\u00e9<\/b>.<\/span><\/div>\n<div style=\"text-align: center;\"><span style=\"font-size: 14pt; color: #000000;\">\u00a0<\/span><\/div>\n<\/div>\n<\/div>\n<div style=\"font-family: Arial,Helvetica,sans-serif; text-align: center;\"><span style=\"font-size: 14pt; color: #000000;\">\u00a0<\/span><\/div>\n<div>\n<div>\n<div>\n<div style=\"text-align: center;\"><span style=\"font-size: 14pt; color: #000000;\"><b>Le JPV t a t il donn\u00e9 envie de d\u00e9couvrir une destination d\u00e9j\u00e0 \u00e9voqu\u00e9e sur le blog ? Si oui, laquelle et pourquoi ?<\/b><\/span><\/div>\n<div style=\"font-family: Arial,Helvetica,sans-serif; text-align: center;\"><span style=\"font-size: 14pt; color: #000000;\">\u00a0<\/span><\/div>\n<div style=\"font-family: Arial,Helvetica,sans-serif; text-align: center;\">\u00a0<\/div>\n<\/div>\n<div style=\"text-align: center;\"><span style=\"font-size: 14pt; color: #000000;\">J&rsquo;ai eu un <b>coup de\u00a0c\u0153ur\u00a0pour le Malawi <\/b>en te lisant.<\/span><\/div>\n<div style=\"text-align: center;\"><span style=\"font-size: 14pt; color: #000000;\">\u00a0<\/span><\/div>\n<div style=\"text-align: center;\"><span style=\"font-size: 14pt; color: #000000;\">C&rsquo;est une destination que je connaissais peu.\u00a0Ton r\u00e9cit et tes photos m&rsquo;ont donn\u00e9 envie d&rsquo;en savoir plus.<\/span><\/div>\n<div style=\"text-align: center;\"><span style=\"font-size: 14pt; color: #000000;\">\u00a0<\/span><\/div>\n<div style=\"text-align: center;\"><span style=\"font-size: 14pt;\"><span style=\"color: #000000;\">Je me suis abonn\u00e9e au <b>compte destination_malawi sur Instagram<\/b> et je d\u00e9couvre en photos un pays vers lequel je<\/span> <span style=\"color: #000000;\">m&rsquo;envolerais volontiers.<\/span><\/span><\/div>\n<div style=\"text-align: center;\"><span style=\"font-size: 14pt; color: #000000;\">\u00a0<\/span><\/div>\n<div style=\"text-align: center;\"><span style=\"font-size: 14pt; color: #000000;\">\u00a0Pas partie\u00a0en voyage de noces \u00e0 cause de l&rsquo;agenda de Charles, je conserve l&rsquo;adresse de l&rsquo;h\u00f4tel mentionn\u00e9 pour m&rsquo;y rendre un jour\u00a0\u00e0 un anniversaire de mariage, pourquoi pas !<\/span><\/div>\n<div style=\"text-align: center;\"><span style=\"font-size: 14pt; color: #000000;\">\u00a0<\/span><\/div>\n<\/div>\n<\/div>\n<\/div>\n<div style=\"text-align: center;\"><span style=\"font-size: 14pt; color: #000000;\">\u00a0<\/span><\/div>\n<div>\n<div>\n<div style=\"text-align: center;\"><span style=\"font-size: 14pt; color: #000000;\"><b>Pourquoi avoir choisi cette photo pour illustrer l&rsquo;interview ?<\/b><\/span><\/div>\n<\/div>\n<div style=\"text-align: center;\"><span style=\"color: #000000;\">\u00a0<\/span><\/div>\n<div>\n<div style=\"text-align: center;\"><span style=\"color: #000000;\">\u00a0<\/span><\/div>\n<div style=\"text-align: center;\"><span style=\"font-size: 14pt;\"><span style=\"color: #000000;\">J&rsquo;ai choisi cette photo\u00a0parce que<b> San Francisco m&rsquo;\u00e9voque un tr\u00e8s beau souvenir de voyage<\/b>, et plus encore&#8230;\u00a0<\/span><\/span><\/div>\n<div style=\"text-align: center;\">\u00a0<\/div>\n<div style=\"text-align: center;\"><span style=\"font-size: 14pt;\"><span style=\"color: #000000;\">Je m&rsquo;y suis sentie chez moi alors que je m&rsquo;y rendais pour la premi\u00e8re fois. <b>\u00a0 \u00a0<\/b><\/span><\/span><\/div>\n<div style=\"text-align: center;\">\u00a0<\/div>\n<div style=\"text-align: center;\"><span style=\"font-size: 14pt;\"><span style=\"color: #000000;\"><b>Y<\/b> sont\u00a0r\u00e9unis des points que j&rsquo;appr\u00e9cie particuli\u00e8rement: <b style=\"font-family: Arial,Helvetica,sans-serif;\">une vraie identit\u00e9,\u00a0le c\u00f4t\u00e9 urbain, la vie en bord de mer, une architecture singuli\u00e8re,\u00a0un dynamisme\u00a0culturel, un engagement pour le d\u00e9veloppement durable.<\/b> <\/span><\/span><\/div>\n<div style=\"text-align: center;\">\u00a0<\/div>\n<div style=\"text-align: center;\"><span style=\"font-size: 14pt;\"><span style=\"color: #000000;\">San Francisco \u00e9tait une \u00e9tape de\u00a0mon road trip en Californie, une premi\u00e8re fois pour ce\u00a0mode de voyage jamais exp\u00e9riment\u00e9 auparavant et que je recommande vivement \u00e0 tous.<\/span><\/span><\/div>\n<div style=\"text-align: center;\">\u00a0<\/div>\n<div style=\"text-align: center;\"><span style=\"font-size: 14pt;\"><span style=\"color: #000000;\"> Il y a une telle diversit\u00e9 de paysages \u00e0 d\u00e9couvrir! <b>\u00a0 \u00a0 <\/b><\/span><\/span><\/div>\n<div style=\"text-align: center;\">\u00a0<\/div>\n<div style=\"text-align: center;\"><span style=\"font-size: 14pt;\"><span style=\"color: #000000;\"><b>C<\/b>ette<b style=\"font-family: Arial,Helvetica,sans-serif;\">\u00a0ville\u00a0m&rsquo;\u00e9voque aussi\u00a0de grands films comme\u00a0<\/b><i style=\"font-family: Arial,Helvetica,sans-serif; text-align: start;\"><b>Bullitt,<\/b><\/i>\u00a0dans lequel Steve McQueen s&rsquo;est illustr\u00e9 dans les ann\u00e9es 60\u00a0ou un film plus r\u00e9cent qui m&rsquo;a touch\u00e9e:\u00a0<i style=\"font-family: Arial,Helvetica,sans-serif; text-align: start;\"><b>Harvey Milk.<\/b>\u00a0<\/i><\/span><\/span><\/div>\n<div style=\"text-align: center;\">\u00a0<\/div>\n<div style=\"text-align: center;\"><span style=\"font-size: 14pt;\"><span style=\"color: #000000;\"> Des\u00a0<b>s\u00e9ries t\u00e9l\u00e9vis\u00e9es\u00a0am\u00e9ricaines<\/b> que j&rsquo;ai beaucoup\u00a0appr\u00e9ci\u00e9es\u00a0<b>ont \u00e9t\u00e9 tourn\u00e9es l\u00e0-bas<\/b>. Je pense \u00e0\u00a0<i style=\"text-align: start;\"><b>La f\u00eate \u00e0 la maison<\/b>\u00a0<\/i>que je ne ratais sous aucun pr\u00e9texte quand j&rsquo;\u00e9tais plus jeune ou\u00a0\u00e0 <i style=\"text-align: start;\"><b>Facing Kate<\/b><\/i>\u00a0plus r\u00e9cemment, une\u00a0s\u00e9rie dans laquelle\u00a0une t\u00e9nor du barreau de San Francisco devient m\u00e9diatrice pour lutter contre les injustices du syst\u00e8me judiciaire.<i style=\"text-align: start;\">\u00a0<\/i> <\/span><\/span><\/div>\n<div style=\"text-align: center;\">\u00a0<\/div>\n<div style=\"text-align: center;\"><span style=\"font-size: 14pt;\"><span style=\"color: #000000;\"><b>\u00a0 \u00a0R<\/b>\u00e9cemment <b style=\"font-family: Arial,Helvetica,sans-serif;\">Laura Villanova<\/b>,\u00a0une copine <b style=\"font-family: Arial,Helvetica,sans-serif;\">blogueuse expatri\u00e9e sur la c\u00f4te ouest<\/b>,\u00a0a sorti un<b style=\"font-family: Arial,Helvetica,sans-serif;\"> guide sur San\u00a0Francisco aux \u00c9ditions Nomades<\/b>: une excellente raison d&rsquo;y retourner! <\/span><\/span><\/div>\n<div style=\"text-align: center;\">\u00a0<\/div>\n<div style=\"text-align: center;\"><span style=\"font-size: 14pt;\"><span style=\"color: #000000;\">Voil\u00e0, San Francisco m&rsquo;\u00e9voque tout cela et je suis certaine d&rsquo;avoir oubli\u00e9 d&rsquo;autres \u00e9l\u00e9ments!<\/span><\/span><\/div>\n<\/div>\n<p><span style=\"font-size: 14pt; color: #000000;\">\u00a0<\/span><\/p>\n<div style=\"text-align: center;\"><span style=\"font-size: 14pt; color: #000000;\"><b>Raconte moi ton plus beau souvenir de voyage<\/b><\/span><\/div>\n<\/div>\n<div style=\"text-align: center;\"><span style=\"font-size: 14pt; color: #000000;\">\u00a0<\/span><\/div>\n<div style=\"text-align: center;\"><span style=\"font-size: 14pt; color: #000000;\">\u00a0<\/span><\/div>\n<div>\n<div style=\"text-align: center;\"><span style=\"font-size: 14pt; color: #000000;\">Mon plus <b>beau souvenir de voyage <\/b>est sans h\u00e9siter la<b> C\u00f4te d&rsquo;Ivoire<\/b> .<\/span><\/div>\n<div style=\"text-align: center;\"><span style=\"color: #000000;\">\u00a0<\/span><\/div>\n<div style=\"text-align: center;\"><span style=\"font-size: 14pt; color: #000000;\">Ce fut mon <b>premier voyage sur le continent africain<\/b>, une exp\u00e9rience forte pour tout Antillais. <b>L&rsquo;Afrique de l&rsquo;ouest et les Antilles sont\u00a0des voisins que l&rsquo;oc\u00e9an s\u00e9pare, avec un h\u00e9ritage\u00a0commun&#8230;<\/b><\/span><\/div>\n<div style=\"text-align: center;\"><span style=\"font-size: 14pt;\">\u00a0<\/span><\/div>\n<div style=\"text-align: center;\"><span style=\"font-size: 14pt; color: #000000;\">J&rsquo;y ai rencontr\u00e9 des personnes formidables, d\u00e9couvert un artisanat riche, visit\u00e9 des sites de toute beaut\u00e9 et go\u00fbt\u00e9 des mets fort savoureux.<\/span><\/div>\n<div style=\"text-align: center;\"><span style=\"font-size: 14pt; color: #000000;\">\u00a0<\/span><\/div>\n<div style=\"text-align: center;\"><span style=\"font-size: 14pt; color: #000000;\">Je pense spontan\u00e9ment\u00a0<b>\u00e0 Khorogo, \u00e0 la basilique de Yamoussokro, \u00e0 Bassam, aux rives bordant la Lagune<\/b>&#8230;<\/span><\/div>\n<div style=\"text-align: center;\"><span style=\"font-size: 14pt; color: #000000;\">\u00a0<\/span><\/div>\n<div style=\"text-align: center;\"><span style=\"font-size: 14pt; color: #000000;\">\u00a0Un couple d&rsquo;amis com\u00e9diens partis\u00a0s&rsquo;y installer m&rsquo;ont d\u00e9crit de nombreux\u00a0changements.<\/span><\/div>\n<div style=\"text-align: center;\"><span style=\"font-size: 14pt; color: #000000;\">\u00a0<\/span><\/div>\n<div style=\"text-align: center;\"><span style=\"font-size: 14pt; color: #000000;\">Un second voyage l\u00e0-bas se dessine.<\/span><\/div>\n<div style=\"text-align: center;\"><span style=\"font-size: 14pt; color: #000000;\">\u00a0<\/span><\/div>\n<div style=\"text-align: center;\"><span style=\"font-size: 14pt; color: #000000;\">\u00a0<\/span><\/div>\n<\/div>\n<div style=\"text-align: center;\"><span style=\"font-size: 14pt; color: #000000;\"><b>Quelle est ta travel list id\u00e9ale et pourquoi ce choix de destinations ?<\/b><\/span><\/div>\n<div style=\"text-align: center;\"><span style=\"color: #000000;\">\u00a0<\/span><\/div>\n<\/div>\n<div dir=\"ltr\" style=\"background-color: white; color: #222222; text-align: center;\"><span style=\"color: #000000;\">\u00a0<\/span><\/div>\n<div dir=\"ltr\" style=\"background-color: white; text-align: center;\"><span style=\"font-size: 14pt; color: #000000;\">J&rsquo;ai abord\u00e9 le sujet\u00a0sur mon blog r\u00e9cemment en d\u00e9voilant le <b>top 10\u00a0de mes envies de voyage, une liste non exhaustive.\u00a0<\/b><\/span><\/div>\n<div dir=\"ltr\" style=\"background-color: white; text-align: center;\"><span style=\"font-size: 14pt; color: #000000;\">\u00a0<\/span><\/div>\n<div dir=\"ltr\" style=\"background-color: white; text-align: center;\"><span style=\"font-size: 14pt;\"><span style=\"color: #000000;\">Je\u00a0parle <\/span><b><span style=\"color: #000000;\">d&rsquo;Australie, de Cuba, d&rsquo;Islande, de Zanzibar, de la c\u00f4te est des Etats-Unis, de Nouvelle-Z\u00e9lande, de<\/span> <span style=\"color: #000000;\">Namibie,\u00a0\u00a0d&rsquo;Argentine, d&rsquo;Afrique du Sud et du Japon<\/span><\/b><span style=\"color: #000000;\"> pour commencer.<\/span><\/span><\/div>\n<div dir=\"ltr\" style=\"background-color: white; text-align: center;\"><span style=\"font-size: 14pt; color: #000000;\">\u00a0<\/span><\/div>\n<div dir=\"ltr\" style=\"background-color: white; text-align: center;\"><span style=\"font-size: 14pt; color: #000000;\"><b>L&rsquo;aspect culturel est souvent ma motivation premi\u00e8re.<\/b><\/span><\/div>\n<div dir=\"ltr\" style=\"background-color: white; text-align: center;\"><span style=\"font-size: 14pt; color: #000000;\">\u00a0<\/span><\/div>\n<div dir=\"ltr\" style=\"background-color: white; text-align: center;\"><span style=\"font-size: 14pt; color: #000000;\">\u00a0C&rsquo;est le cas par exemple pour l&rsquo;Australie o\u00f9 la culture aborig\u00e8ne me fascine depuis un\u00a0moment d\u00e9j\u00e0. <\/span><\/div>\n<div dir=\"ltr\" style=\"background-color: white; text-align: center;\">\u00a0<\/div>\n<div dir=\"ltr\" style=\"background-color: white; text-align: center;\"><span style=\"font-size: 14pt; color: #000000;\">Les mythes li\u00e9s au Dreamtime sont d&rsquo;une telle richesse, j&rsquo;ai soif d&rsquo;\u00e9motions nouvelles sur ce territoire.<\/span><\/div>\n<div dir=\"ltr\" style=\"background-color: white; text-align: center;\">\u00a0<\/div>\n<div dir=\"ltr\" style=\"background-color: white; text-align: center;\"><span style=\"font-size: 14pt; color: #000000;\"> A\u00a0Cuba, c&rsquo;est la musique et\u00a0l&rsquo;histoire de cette \u00eele\u00a0qui m&rsquo;attirent avant tout. L\u00e0-bas aussi, nous avons un couple d&rsquo;amis partis s&rsquo;installer. <\/span><\/div>\n<div dir=\"ltr\" style=\"background-color: white; text-align: center;\">\u00a0<\/div>\n<div dir=\"ltr\" style=\"background-color: white; text-align: center;\"><span style=\"font-size: 14pt; color: #000000;\">Rien de tel que des guides locaux pour vivre une exp\u00e9rience des plus authentiques!<\/span><\/div>\n<div dir=\"ltr\" style=\"background-color: white; text-align: center;\"><span style=\"font-size: 14pt; color: #000000;\">\u00a0<\/span><\/div>\n<div dir=\"ltr\" style=\"background-color: white; text-align: center;\"><span style=\"font-size: 14pt; color: #000000;\">Je vous invite \u00e0 d\u00e9couvrir ce qui m&rsquo;inspire dans les autres destinations sur mon blog :<b>\u00a0<a style=\"color: #000000;\" href=\"http:\/\/bit.ly\/top10-voyage-Elledit8\" target=\"_blank\">http:\/\/bit.ly\/top10-voyage-Elledit8<\/a><\/b>\u00a0.<\/span><\/div>\n<div dir=\"ltr\" style=\"background-color: white; text-align: center;\"><span style=\"font-size: 14pt; color: #000000;\">\u00a0<\/span><\/div>\n<div dir=\"ltr\" style=\"background-color: white; text-align: center;\"><span style=\"font-size: 14pt; color: #000000;\">Une<b> nouvelle liste <\/b>est dans les starting-block avec <b>quelques pays europ\u00e9ens qui<\/b> <b>m&rsquo;attirent<\/b>,\u00a0\u00e0 l&rsquo;instar de l&rsquo;Italie que je m&rsquo;appr\u00eate \u00e0 visiter.<\/span><\/div>\n<div dir=\"ltr\" style=\"background-color: white; text-align: center;\"><span style=\"font-size: 14pt; color: #000000;\">\u00a0<\/span><\/div>\n<div dir=\"ltr\" style=\"background-color: white; text-align: center;\"><span style=\"font-size: 14pt; color: #000000;\">Je r\u00eave souvent de contr\u00e9es lointaines, mais <b>juste \u00e0 c\u00f4t\u00e9\u00a0il y a aussi des tr\u00e9sors \u00e0 d\u00e9couvrir<\/b>.<\/span><\/div>\n<div dir=\"ltr\" style=\"background-color: white; text-align: center;\"><span style=\"font-size: 14pt;\">\u00a0<\/span><\/div>\n<div dir=\"ltr\" style=\"background-color: white; text-align: center;\"><span style=\"font-size: 14pt; color: #000000;\">\u00a0Pour ouvrir le bal, j&rsquo;h\u00e9sitais\u00a0entre Rome et Milan. <\/span><\/div>\n<div dir=\"ltr\" style=\"background-color: white; text-align: center;\">\u00a0<\/div>\n<div dir=\"ltr\" style=\"background-color: white; text-align: center;\"><span style=\"font-size: 14pt; color: #000000;\">Rome pour ses sites historiques\u00a0et Milan pour l&rsquo;exposition universelle qui a ouvert ses portes le 1er mai dernier.<\/span><\/div>\n<div dir=\"ltr\" style=\"background-color: white; text-align: center;\">\u00a0<\/div>\n<div dir=\"ltr\" style=\"background-color: white; text-align: center;\"><span style=\"font-size: 14pt; color: #000000;\"> Cinque Tierre s&rsquo;est ajout\u00e9e \u00e0 ma liste apr\u00e8s une invitation re\u00e7ue il y a peu.\u00a0<\/span><\/div>\n<div dir=\"ltr\" style=\"background-color: white; text-align: center;\">\u00a0<\/div>\n<div dir=\"ltr\" style=\"background-color: white; text-align: center;\"><span style=\"font-size: 14pt; color: #000000;\">Cette r\u00e9gion c\u00f4ti\u00e8re de la Riviera italienne est un v\u00e9ritable\u00a0petit bijou qu&rsquo;il me tarde de vous faire\u00a0d\u00e9couvrir via\u00a0ma cha\u00eene YouTube.<\/span><\/div>\n<div dir=\"ltr\" style=\"background-color: white; text-align: center;\"><span style=\"font-size: 14pt; color: #000000;\">\u00a0<\/span><\/div>\n<div dir=\"ltr\" style=\"background-color: white; text-align: center;\"><span style=\"font-size: 14pt; color: #000000;\">\u00a0<\/span><\/div>\n<div dir=\"ltr\" style=\"background-color: white; text-align: center;\">\n<div style=\"color: #333333; font-family: 'Helvetica Neue Light',HelveticaNeue-Light,'Helvetica Neue',Helvetica,Arial,sans-serif; font-size: 14px; line-height: 19.6px; margin: 0px; outline: medium none; padding: 0px;\"><span style=\"font-size: 14pt; color: #000000;\"><b><i>Merci Jo\u00eblle Bah de t&rsquo;\u00eatre pr\u00eat\u00e9e avec autant de bonne volont\u00e9, de d\u00e9tails et de sinc\u00e9rit\u00e9 au jeu des 7 r\u00e9ponses de la rubrique Paroles d&rsquo;Amoureux du Voyage du JPV<\/i><\/b><\/span><\/div>\n<div style=\"color: #333333; font-family: 'Helvetica Neue Light',HelveticaNeue-Light,'Helvetica Neue',Helvetica,Arial,sans-serif; font-size: 14px; line-height: 19.6px; margin: 0px; outline: medium none; padding: 0px;\"><span style=\"font-size: 14pt; color: #000000;\"><b><i>\u00a0<\/i><\/b><\/span><\/div>\n<div style=\"color: #333333; font-family: 'Helvetica Neue Light',HelveticaNeue-Light,'Helvetica Neue',Helvetica,Arial,sans-serif; font-size: 14px; line-height: 19.6px; margin: 0px; outline: medium none; padding: 0px;\"><span style=\"font-size: 14pt; color: #000000;\"><b><i>Chers lecteurs, ne manquez pas d&rsquo;aller d\u00e9couvrir l&rsquo;univers du blog Elle Dit 8, qui je suis certaine vous s\u00e9duira, sur les diff\u00e9rents r\u00e9seaux sociaux (Facebook et Instagram notamment) o\u00f9 \u00a0il est pr\u00e9sent.<\/i><\/b><\/span><\/div>\n<div style=\"color: #333333; font-family: 'Helvetica Neue Light',HelveticaNeue-Light,'Helvetica Neue',Helvetica,Arial,sans-serif; font-size: 14px; line-height: 19.6px; margin: 0px; outline: medium none; padding: 0px;\"><span style=\"font-size: 14pt; color: #000000;\"><b><i>\u00a0<\/i><\/b><\/span><\/div>\n<div style=\"color: #333333; font-family: 'Helvetica Neue Light',HelveticaNeue-Light,'Helvetica Neue',Helvetica,Arial,sans-serif; font-size: 14px; line-height: 19.6px; margin: 0px; outline: medium none; padding: 0px;\"><span style=\"font-size: 14pt; color: #000000;\"><b><i>Et pour ceux qui n&rsquo;ont pas encore lu l&rsquo;article du JPV, consacr\u00e9 au <a style=\"color: #000000;\" href=\"https:\/\/www.journaldunpigeonvoyageur.com\/blog\/2014\/10\/12\/kaya-mawa-le-joyau-malawite-de-la-tres\/\" target=\"_blank\">Malawi<\/a>, dont parle\u00a0Jo\u00eblle\u00a0Bah dans cette interview, vous savez ce qu&rsquo;il vous reste \u00e0 faire \ud83d\ude42<\/i><\/b><\/span><\/div>\n<div style=\"color: #333333; font-family: 'Helvetica Neue Light',HelveticaNeue-Light,'Helvetica Neue',Helvetica,Arial,sans-serif; font-size: 14px; line-height: 19.6px; margin: 0px; outline: medium none; padding: 0px;\"><span style=\"font-size: 14pt; color: #000000;\"><b><i>\u00a0<\/i><\/b><\/span><\/div>\n<p><span style=\"font-size: 14pt; color: #000000;\"><b><i>A tr\u00e8s vite pour d\u00e9couvrir un (e) autre amoureux du voyage!<\/i><\/b><\/span><\/div>\n<div dir=\"ltr\" style=\"background-color: white; text-align: right;\">\u00a0<\/div>\n","protected":false},"excerpt":{"rendered":"<p>\u00a0 Joelle Bah. San Francisco \u00a0 \u00a0 Parce que les possibilit\u00e9s d&rsquo;envisager les voyages sont infinies, \u00a0 \u00a0 Parce qu&rsquo;\u00eatre un(e) \u00ab\u00a0traveladdict\u00a0\u00bb est une d\u00e9pendance,\u00a0 non\u00a0 r\u00e9pr\u00e9hensible p\u00e9nalement, qui, au contraire, nous enrichit, \u00a0 \u00a0 Parce que de la d\u00e9couverte d&rsquo;une m\u00eame destination,\u00a0chaque voyageur ressent\u00a0&#8230;<\/p>\n","protected":false},"author":2,"featured_media":17537,"comment_status":"open","ping_status":"open","sticky":false,"template":"","format":"standard","meta":{"slim_seo":{"title":"PAROLES D'AMOUREUX DU VOYAGE : JOELLE BAH, REDACTRICE DU BLOG ELLE DIT 8 - Journal d&#039;un Pigeon Voyageur","description":"\u00a0 Joelle Bah. San Francisco \u00a0 \u00a0 Parce que les possibilit\u00e9s d'envisager les voyages sont infinies, \u00a0 \u00a0 Parce qu'\u00eatre un(e) \"traveladdict\" est une d\u00e9pendance,\u00a0 no"},"footnotes":""},"categories":[15,16,1],"tags":[239,186,238],"class_list":["post-74","post","type-post","status-publish","format-standard","has-post-thumbnail","hentry","category-france","category-paroles-damoureux-du-voyage","category-tous","tag-elle-dit-8","tag-interview-jpv","tag-joelle-bah-dralou"],"_links":{"self":[{"href":"https:\/\/www.journaldunpigeonvoyageur.com\/blog\/wp-json\/wp\/v2\/posts\/74","targetHints":{"allow":["GET"]}}],"collection":[{"href":"https:\/\/www.journaldunpigeonvoyageur.com\/blog\/wp-json\/wp\/v2\/posts"}],"about":[{"href":"https:\/\/www.journaldunpigeonvoyageur.com\/blog\/wp-json\/wp\/v2\/types\/post"}],"author":[{"embeddable":true,"href":"https:\/\/www.journaldunpigeonvoyageur.com\/blog\/wp-json\/wp\/v2\/users\/2"}],"replies":[{"embeddable":true,"href":"https:\/\/www.journaldunpigeonvoyageur.com\/blog\/wp-json\/wp\/v2\/comments?post=74"}],"version-history":[{"count":11,"href":"https:\/\/www.journaldunpigeonvoyageur.com\/blog\/wp-json\/wp\/v2\/posts\/74\/revisions"}],"predecessor-version":[{"id":18065,"href":"https:\/\/www.journaldunpigeonvoyageur.com\/blog\/wp-json\/wp\/v2\/posts\/74\/revisions\/18065"}],"wp:featuredmedia":[{"embeddable":true,"href":"https:\/\/www.journaldunpigeonvoyageur.com\/blog\/wp-json\/wp\/v2\/media\/17537"}],"wp:attachment":[{"href":"https:\/\/www.journaldunpigeonvoyageur.com\/blog\/wp-json\/wp\/v2\/media?parent=74"}],"wp:term":[{"taxonomy":"category","embeddable":true,"href":"https:\/\/www.journaldunpigeonvoyageur.com\/blog\/wp-json\/wp\/v2\/categories?post=74"},{"taxonomy":"post_tag","embeddable":true,"href":"https:\/\/www.journaldunpigeonvoyageur.com\/blog\/wp-json\/wp\/v2\/tags?post=74"}],"curies":[{"name":"wp","href":"https:\/\/api.w.org\/{rel}","templated":true}]}}