{"id":47,"date":"2015-07-23T16:15:00","date_gmt":"2015-07-23T15:15:00","guid":{"rendered":"https:\/\/journaldunpigeonvoyageur.com\/jpv\/2015\/07\/23\/paroles-d-amoureux-du-voyage-zainab-ashadu-creatrice-de-la-marque-d-accessoires-zashadu\/"},"modified":"2020-07-04T11:30:46","modified_gmt":"2020-07-04T10:30:46","slug":"paroles-d-amoureux-du-voyage-zainab-ashadu-creatrice-de-la-marque-d-accessoires-zashadu","status":"publish","type":"post","link":"https:\/\/www.journaldunpigeonvoyageur.com\/blog\/2015\/07\/23\/paroles-d-amoureux-du-voyage-zainab-ashadu-creatrice-de-la-marque-d-accessoires-zashadu\/","title":{"rendered":"PAROLES D&rsquo;AMOUREUX DU VOYAGE : ZAINAB ASHADU, CREATRICE DE LA MARQUE D&rsquo;ACCESSOIRES ZASHADU"},"content":{"rendered":"<table class=\" aligncenter\" cellspacing=\"0\" cellpadding=\"0\" align=\"center\">\n<tbody>\n<tr>\n<td><a href=\"http:\/\/4.bp.blogspot.com\/-FcQC5V8nQ28\/VbCp_Dg_DkI\/AAAAAAABAt4\/ZdIKBCvCxwk\/s1600\/zainab%2Bashadu.jpg\"><img loading=\"lazy\" decoding=\"async\" class=\"aligncenter\" src=\"http:\/\/4.bp.blogspot.com\/-FcQC5V8nQ28\/VbCp_Dg_DkI\/AAAAAAABAt4\/ZdIKBCvCxwk\/s640\/zainab%2Bashadu.jpg\" alt=\"\" width=\"426\" height=\"640\" border=\"0\" \/><\/a><\/td>\n<\/tr>\n<tr>\n<td><span style=\"color: #808080;\"><em>Zainab \u00e0 la Biennale de Venise 2015<\/em><\/span><\/td>\n<\/tr>\n<\/tbody>\n<\/table>\n<div id=\"yui_3_16_0_1_1429999241149_2171\" style=\"text-align: center;\">\n<div>\u00a0<\/div>\n<div>\n<div><span style=\"font-size: 14pt;\"><em><span style=\"color: #800080;\"><strong>Parce que les possibilit\u00e9s d&rsquo;envisager les voyages sont infinies,<\/strong><\/span><\/em><\/span><\/div>\n<div>\u00a0<\/div>\n<\/div>\n<div><span style=\"font-size: 14pt;\"><em><span style=\"color: #800080;\"><strong>\u00a0<\/strong><\/span><\/em><\/span><\/div>\n<div>\n<div><span style=\"font-size: 14pt;\"><em><span style=\"color: #800080;\"><strong>Parce qu&rsquo;\u00eatre un(e) \u00ab\u00a0traveladdict\u00a0\u00bb est une d\u00e9pendance,\u00a0 non\u00a0 r\u00e9pr\u00e9hensible p\u00e9nalement, qui, au contraire, nous enrichit,<\/strong><\/span><\/em><\/span><\/div>\n<div>\u00a0<\/div>\n<\/div>\n<div><span style=\"font-size: 14pt;\"><em><span style=\"color: #800080;\"><strong>\u00a0\u00a0<\/strong><\/span><\/em><\/span><\/div>\n<\/div>\n<div id=\"yui_3_16_0_1_1429999241149_2171\" style=\"text-align: center;\">\n<div>\n<div><span style=\"font-size: 14pt;\"><em><span style=\"color: #800080;\"><strong>Parce que de la d\u00e9couverte d&rsquo;une m\u00eame destination,\u00a0chaque voyageur ressent\u00a0 et garde en m\u00e9moire des \u00e9motions ainsi que des souvenirs qui lui sont propres, lesquels sont marqu\u00e9s par son exp\u00e9rience et son histoire personnelles,<\/strong><\/span><\/em><\/span><\/div>\n<div>\u00a0<\/div>\n<\/div>\n<\/div>\n<div style=\"text-align: center;\"><span style=\"font-size: 14pt;\"><em><span style=\"color: #800080;\"><strong>\u00a0<\/strong><\/span><\/em><\/span><\/div>\n<div id=\"yui_3_16_0_1_1429999241149_2171\" style=\"text-align: center;\">\n<div>\n<div><span style=\"font-size: 14pt;\"><em><span style=\"color: #800080;\"><strong>Parce que plusieurs avis valent toujours mieux qu&rsquo;un seul,<\/strong><\/span><\/em><\/span><\/div>\n<div>\u00a0<\/div>\n<\/div>\n<\/div>\n<div style=\"text-align: center;\"><span style=\"font-size: 14pt;\"><em><span style=\"color: #800080;\"><strong>\u00a0<\/strong><\/span><\/em><\/span><\/div>\n<div id=\"yui_3_16_0_1_1429999241149_2171\" style=\"text-align: center;\">\n<div>\n<div><span style=\"font-size: 14pt;\"><em><span style=\"color: #800080;\"><strong>Parce que tout simplement l&rsquo;essence du JPV demeure, depuis l&rsquo;origine, le partage,<\/strong><\/span><\/em><\/span><\/div>\n<div>\u00a0<\/div>\n<\/div>\n<\/div>\n<div style=\"text-align: center;\"><span style=\"font-size: 14pt;\"><em><span style=\"color: #800080;\"><strong>\u00a0<\/strong><\/span><\/em><\/span><\/div>\n<div style=\"text-align: center;\">\n<div><span style=\"font-size: 14pt;\"><em><span style=\"color: #800080;\"><strong>Donner la parole, sur le blog, \u00e0 des amoureux du voyage, m&rsquo;est d\u00e8s lors apparu comme une \u00e9vidence.<\/strong><\/span><\/em><\/span><\/div>\n<div>\u00a0<\/div>\n<\/div>\n<div style=\"text-align: center;\"><span style=\"font-size: 14pt;\">\u00a0<\/span><\/div>\n<div style=\"text-align: center;\">\n<div><span style=\"font-size: 14pt;\">&#8230;&#8230;&#8230;&#8230;&#8230;&#8230;&#8230;&#8230;&#8230;&#8230;&#8230;..<\/span><\/div>\n<div>\u00a0<\/div>\n<\/div>\n<div style=\"text-align: center;\"><span style=\"font-size: 14pt;\">\u00a0 \u00a0<span style=\"color: #000000;\"> Qui a dit que qualit\u00e9, d\u00e9marche responsable, marque \u00e9thique et luxe ne pouvait pas rimer avec made in Africa ? <\/span><\/span><\/div>\n<div style=\"text-align: center;\">\u00a0<\/div>\n<div style=\"text-align: center;\">\u00a0<\/div>\n<div style=\"text-align: center;\">\u00a0<\/div>\n<div style=\"text-align: center;\"><span style=\"font-size: 14pt;\"><span style=\"color: #000000;\">Qui croit encore que le Nig\u00e9ria n&rsquo;a pas son mot \u00e0 dire pour tout ce qui a trait \u00e0 l&rsquo;industrie de la Mode ?<\/span><\/span><\/div>\n<div style=\"text-align: center;\">\u00a0<\/div>\n<div style=\"text-align: center;\">\u00a0<\/div>\n<div style=\"text-align: center;\">\u00a0<\/div>\n<div style=\"text-align: center;\"><span style=\"color: #000000;\"><span style=\"font-size: 14pt;\">\u00a0 \u00a0 Qui persiste \u00e0 ne voir en Kano, la capitale de l&rsquo;Etat \u00e9ponyme du nord de ce pays, que la ville th\u00e9\u00e2tre, ces derni\u00e8res ann\u00e9es, des multiples attentats qui y ont \u00e9t\u00e9 perp\u00e9tr\u00e9s par Boko Haram alors qu&rsquo;elle est d\u00e9positaire de tant de richesses insoup\u00e7onn\u00e9es dont notamment une vivace culture de<\/span> <span style=\"font-size: 14pt;\">production de cuir \u00a0?<\/span><\/span><\/div>\n<div style=\"text-align: center;\">\u00a0<\/div>\n<div style=\"text-align: center;\">\u00a0<\/div>\n<div style=\"text-align: center;\"><span style=\"font-size: 14pt;\"><span style=\"color: #000000;\">Qui ignore encore que les cuirs du Nig\u00e9ria figurent parmi les plus r\u00e9put\u00e9s au monde et sont export\u00e9s vers l&rsquo;Europe et l&rsquo;Asie o\u00f9 de grandes marques internationales les utilisent ? <\/span><\/span><\/div>\n<div style=\"text-align: center;\">\u00a0<\/div>\n<div style=\"text-align: center;\">\u00a0<\/div>\n<div style=\"text-align: center;\"><span style=\"font-size: 14pt;\"><span style=\"color: #000000;\">Ces personnes ne connaissent sans doute pas (encore)\u00a0<strong>notre invit\u00e9e, de ce jour, de Paroles d&rsquo;Amoureux du Voyage : <\/strong><\/span><\/span><\/div>\n<div style=\"text-align: center;\">\u00a0<\/div>\n<div style=\"text-align: center;\">\u00a0<\/div>\n<div style=\"text-align: center;\">\u00a0<\/div>\n<div style=\"text-align: center;\"><span style=\"font-size: 14pt;\"><span style=\"color: #000000;\"><strong>Zainab Ashadu.<\/strong><\/span><\/span><\/div>\n<div style=\"text-align: center;\">\u00a0<\/div>\n<div style=\"text-align: center;\">\u00a0<\/div>\n<div style=\"text-align: center;\"><span style=\"font-size: 14pt;\"><span style=\"color: #000000;\"> Une<strong> repat<\/strong>, (r\u00e9install\u00e9e \u00e0 Lagos depuis six ans apr\u00e8s avoir pass\u00e9 une douzaine d&rsquo;ann\u00e9es \u00e0 Londres) qui, depuis 2010, tord all\u00e8grement le cou \u00e0 tous ces pr\u00e9jug\u00e9s avec sa <strong>marque d&rsquo;accessoires<\/strong> (compos\u00e9e essentiellement de sacs \u00e0 main fabriqu\u00e9s en \u00e9dition limit\u00e9e) <strong>ZASHADU (Z pour son pr\u00e9nom Zainab et Ashadu pour son nom), enti\u00e8rement made in Nig\u00e9ria !<\/strong><\/span><\/span><\/div>\n<div style=\"text-align: center;\">\u00a0<\/div>\n<div style=\"text-align: center;\">\u00a0<\/div>\n<div style=\"text-align: center;\"><span style=\"font-size: 14pt;\"><span style=\"color: #000000;\"> Si si vous avez bien lu !<\/span><\/span><\/div>\n<div style=\"text-align: center;\">\u00a0<\/div>\n<div style=\"text-align: center;\">\u00a0<\/div>\n<div style=\"text-align: center;\"><span style=\"font-size: 14pt;\"><span style=\"color: #000000;\"> Les cr\u00e9ations ZASHADU, n\u00e9es de son amour (remontant \u00e0 l&rsquo;enfance) pour les sacs, peuvent se targuer d&rsquo;\u00eatre cr\u00e9\u00e9es, de la conception jusqu&rsquo;\u00e0 la r\u00e9alisation, dans le pays de Fela, Wole Soyinka, Lisa Folawiyo et Okwui Enwezor !<\/span><\/span><\/div>\n<div style=\"text-align: center;\">\u00a0<\/div>\n<div style=\"text-align: center;\">\u00a0<\/div>\n<div style=\"text-align: center;\"><span style=\"font-size: 14pt;\"><span style=\"color: #000000;\"> Et cela a son importance puisqu&rsquo; il est ici question de <strong>mise en valeur de l&rsquo;H\u00e9ritage culturel et artistique nig\u00e9rian<\/strong>. <\/span><\/span><\/div>\n<div style=\"text-align: center;\">\u00a0<\/div>\n<div style=\"text-align: center;\">\u00a0<\/div>\n<div style=\"text-align: center;\"><span style=\"font-size: 14pt;\"><span style=\"color: #000000;\">Ainsi, \u00a0 le <strong>savoir faire ancestral en mati\u00e8re de tannage<\/strong> (transmis de g\u00e9n\u00e9rations en g\u00e9n\u00e9rations et reconnu depuis des si\u00e8cles) des artisans locaux conjugu\u00e9 \u00e0 la <strong>qualit\u00e9 du cuir de la ville de Kano<\/strong> (peaux que Zainab se fait fort d&rsquo;aller sourcer elle m\u00eame dans les march\u00e9s de Lagos, Abuja ou encore Kano), retrouvent leurs lettres de noblesse dans des sacs, r\u00e9alis\u00e9s manuellement (dans l&rsquo;atelier de Lagos de la marque) par des artisans nig\u00e9rians form\u00e9s sur place \u00e0 ce titre (que Zainab met un point d&rsquo;honneur \u00e0 bien r\u00e9mun\u00e9rer et \u00e0 qui elle accorde des avantages sociaux),\u00a0 qui tout en adoptant une ligne r\u00e9solument contemporaine, f\u00e9minine, distingu\u00e9e, unique et pratique n&rsquo;en oublient pas de r\u00e9pondre aux standards et exigences internationaux en la mati\u00e8re. <\/span><\/span><\/div>\n<div style=\"text-align: center;\">\u00a0<\/div>\n<div style=\"text-align: center;\">\u00a0<\/div>\n<div style=\"text-align: center;\"><span style=\"font-size: 14pt;\"><span style=\"color: #000000;\">Et force est de constater que le pari os\u00e9 de cette cr\u00e9atrice, celui de mettre en avant les techniques traditionnelles de son pays s&rsquo;agissant du travail du cuir \u00a0(\u00e0 l&rsquo;heure o\u00f9 celles ci semblaient oubli\u00e9es) \u00a0est en passe d&rsquo;\u00eatre gagn\u00e9. <\/span><\/span><\/div>\n<div style=\"text-align: center;\">\u00a0<\/div>\n<div style=\"text-align: center;\">\u00a0<\/div>\n<div style=\"text-align: center;\">\u00a0<\/div>\n<div style=\"text-align: center;\"><span style=\"color: #000000;\"><span style=\"font-size: 14pt;\">En effet, de Lagos \u00e0 Paris en passant par Accra, Johannesburg, Londres et New<\/span> <span style=\"font-size: 14pt;\">York, nombreuses sont les femmes, peu important leur profession, \u00e0 s&rsquo;\u00eatre laiss\u00e9es s\u00e9duire par cette marque nig\u00e9riane.<\/span><\/span><\/div>\n<div style=\"text-align: center;\">\u00a0<\/div>\n<div style=\"text-align: center;\">\u00a0<\/div>\n<div style=\"text-align: center;\"><span style=\"font-size: 14pt;\"><span style=\"color: #000000;\">Qu&rsquo;elles s&rsquo;appellent Lisa Folawiyo, Eku Edewor, Zara Okpara, Fatou N&rsquo;Diaye, Yagazie Emezie ou encore Chimamanda Adichie (oui oui !), elles ont toutes pour point commun, chacune \u00e0 leur mani\u00e8re, d&rsquo;\u00eatre des femmes battantes, des femmes dont la voix compte, des femmes qui n&rsquo;ont pas peur de s&rsquo;affirmer (et ce quand bien\u00a0m\u00eame\u00a0cela irait\u00a0\u00e0 l&rsquo;encontre de ce que la soci\u00e9t\u00e9 attend d&rsquo;elles) et des femmes qui ont \u00a0un ind\u00e9niable sens du style for sure ! <\/span><\/span><\/div>\n<div style=\"text-align: center;\">\u00a0<\/div>\n<div style=\"text-align: center;\">\u00a0<\/div>\n<div style=\"text-align: center;\"><span style=\"font-size: 14pt;\"><span style=\"color: #000000;\">Alors mesdames si vous ne voulez pas \u00ab\u00a0fit in mais plut\u00f4t stand out\u00a0\u00bb (selon l&rsquo;expression anglo saxonne consacr\u00e9e), c\u00e9dez \u00e0 la tentation des diff\u00e9rents accessoires (sacs et pochettes) Zashadu (aux couleurs vives, aux imprim\u00e9s floraux ou aux teintes plus sobres)\u00a0 m\u00ealant (selon les collections) cuirs classiques (ch\u00e8vre ou veau) et peaux plus atypiques (python, crocodile ou autruche) et aux noms \u00e9vocateurs : TKO (pour Total Knock Out en version mini ou non), Feline, Pleats Please, the Justice ou Understudy (pour ne citer que ceux l\u00e0) lesquels s&rsquo;adapteront ais\u00e9ment \u00e0 toutes vos occasions et gardes robe \u00a0! <\/span><\/span><\/div>\n<div style=\"text-align: center;\">\u00a0<\/div>\n<div style=\"text-align: center;\">\u00a0<\/div>\n<div style=\"text-align: center;\"><span style=\"font-size: 14pt;\"><span style=\"color: #000000;\">I promise \ud83d\ude42<\/span><\/span><\/div>\n<div style=\"text-align: center;\">\u00a0<\/div>\n<div style=\"text-align: center;\">\u00a0<\/div>\n<div style=\"text-align: center;\"><span style=\"color: #000000; font-size: 14pt;\">Depuis le mois de mars, des sandales, toujours tr\u00e8s modernes, sont m\u00eame venues compl\u00e9ter l&rsquo;offre.<\/span><\/div>\n<div style=\"text-align: center;\">\u00a0<\/div>\n<div style=\"text-align: center;\">\u00a0<\/div>\n<p style=\"text-align: center;\"><span style=\"color: #000000; font-size: 14pt;\">Mais Zashadu, cette toute jeune marque nig\u00e9riane, <strong>suscite d\u00e9j\u00e0 \u00e9galement l\u2019int\u00e9r\u00eat du monde de la mode.<\/strong><\/span><\/p>\n<p style=\"text-align: center;\">\u00a0<\/p>\n<p style=\"text-align: center;\">\u00a0<\/p>\n<p style=\"text-align: center;\"><span style=\"color: #000000; font-size: 14pt;\">En t\u00e9moignent sa place de finaliste, dans la cat\u00e9gorie \u00ab\u00a0The Feed Most Socially Responsible Handbag\u00a0\u00bb, aux Independant Handbag Designer Awards \u00e0 New York en 2014 (seule comp\u00e9tition \u00e0 promouvoir, depuis 2007, la\u00a0cr\u00e9ativit\u00e9\u00a0et le design de sacs a main produits dans le\u00a0monde entier ) \u00a0ainsi que la pr\u00e9sentation de ses collections au cours de la SS 14 Fashion Week Fran\u00e7aise et lors de la derni\u00e8re London Fashion Week, outre sa pr\u00e9sence \u00e0 la Mercedes Fashion Week de Johannesburg en novembre dernier.<\/span><\/p>\n<p style=\"text-align: center;\">\u00a0<\/p>\n<p style=\"text-align: center;\"><span style=\"color: #000000; font-size: 14pt;\">La vente de ses accessoires, via son eshop (autant sur le continent africain qu&rsquo;\u00e0 l&rsquo;\u00e9tranger) ainsi que dans les enseignes\u00a0 Wolf &amp; Badger&rsquo;s et Duro Olowu (autre poids lourd de la mode nig\u00e9riane) \u00e0 Londres; \u00a0Frank &amp; Fils \u00e0 Paris et Alara, le tout nouveau luxueux concept store de Lagos (o\u00f9 Queen of the Land, une collection exclusive Zashadu y est\u00a0 distribu\u00e9e), ainsi que les parutions qui lui sont consacr\u00e9es dans la presse sp\u00e9cialis\u00e9e, notamment dans les colonnes de Vogue Italia, sont en outre une autre illustration de son succ\u00e8s .<\/span><\/p>\n<p style=\"text-align: center;\">\u00a0<\/p>\n<p style=\"text-align: center;\"><span style=\"color: #000000; font-size: 14pt;\">ZASHADU est donc une marque qualitative qui s\u00e9duit par\u00a0del\u00e0 les fronti\u00e8res de\u00a0ce g\u00e9ant d&rsquo;Afrique, devenu premi\u00e8re puissance \u00e9conomique du continent, qu&rsquo;est le Nig\u00e9ria !<\/span><\/p>\n<p style=\"text-align: center;\">\u00a0<\/p>\n<p style=\"text-align: center;\"><span style=\"color: #000000; font-size: 14pt;\">Un constat qui, personnellement, me remplit de joie car j&rsquo;ai eu un coup de\u00a0c\u0153ur pour cette marque\u00a0lorsque je l&rsquo;ai d\u00e9couverte, en septembre 2012, aux d\u00e9tours de mes p\u00e9r\u00e9grinations virtuelles.<\/span><\/p>\n<p style=\"text-align: center;\">\u00a0<\/p>\n<p style=\"text-align: center;\"><span style=\"font-size: 14pt; color: #000000;\">Deux mois plus tard, c&rsquo;est en main propre, au cours d&rsquo;une br\u00e8ve entrevue au m\u00e9tro parisien Bourse, que Zainab Ashadu (alors de passage \u00e0 Paris pour assister, si je me souviens bien, \u00e0 la Foire Paris Photo se tenant au Grand Palais) m&rsquo;a remis mon tout premier sac Zashadu (dont la beaut\u00e9 continue d&rsquo;\u00e9blouir nombre de parisiens ou non) que je lui avais command\u00e9 quelques semaines plus t\u00f4t.<\/span><\/p>\n<p style=\"text-align: center;\">\u00a0<\/p>\n<p style=\"text-align: center;\"><span style=\"font-size: 14pt; color: #000000;\">C&rsquo;\u00e9tait il y a\u00a0bient\u00f4t\u00a03 ans&#8230;<\/span><\/p>\n<p style=\"text-align: center;\">\u00a0<\/p>\n<p style=\"text-align: center;\"><span style=\"font-size: 14pt; color: #000000;\">Depuis, ma collection s&rsquo;est enrichie d&rsquo;autres jolies pi\u00e8ces (\u00e0 ce propos je devrais songer \u00e0 y ajouter le bien nomm\u00e9 sac Justice, histoire d&rsquo;\u00eatre en ad\u00e9quation avec ma profession) et je ne compte plus les nombreuses discussions virtuelles que j&rsquo;ai pu avoir avec Zainab, une jeune femme inspirante au profil fascinant !<\/span><\/p>\n<p style=\"text-align: center;\">\u00a0<\/p>\n<p style=\"text-align: center;\"><span style=\"font-size: 14pt; color: #000000;\">Dipl\u00f4m\u00e9e en \u00a0litt\u00e9rature anglaise, architecture et en mode,\u00a0 mannequin, styliste, actrice, mais \u00e9galement passionn\u00e9e de photographies (ce qui lui a ouvert les portes de la direction de la Fondation Artistique Africaine de Lagos ainsi que celles du Lagos Photo Festival), d&rsquo;Art ainsi que de voyages \u00e0 travers le monde !<\/span><\/p>\n<p style=\"text-align: center;\">\u00a0<\/p>\n<p style=\"text-align: center;\"><span style=\"font-size: 14pt; color: #000000;\">Ce dernier amour est bien \u00e9videmment le fil conducteur qui me conduit aujourd&rsquo;hui \u00e0 partager avec vous ses pens\u00e9es sur le Voyage.<\/span><\/p>\n<p style=\"text-align: center;\">\u00a0<\/p>\n<p style=\"text-align: center;\"><span style=\"font-size: 14pt; color: #000000;\"><strong>So here we go !<\/strong><\/span><\/p>\n<p style=\"text-align: center;\">\u00a0<\/p>\n<p style=\"text-align: center;\"><span style=\"font-size: 14pt; color: #000000;\"> <strong> &#8230;&#8230;&#8230;&#8230;&#8230;&#8230;&#8230;&#8230;&#8230;&#8230;&#8230;&#8230;&#8230;<\/strong><\/span><\/p>\n<p style=\"text-align: center;\">\u00a0<\/p>\n<p style=\"text-align: center;\"><span style=\"font-size: 14pt; color: #000000;\"><strong>Que t&rsquo; \u00e9voque la notion de voyage ?<\/strong> <\/span><\/p>\n<p style=\"text-align: center;\"><span style=\"font-size: 14pt; color: #000000;\"><strong>(What does the world Travel mean to you ?)<\/strong><\/span><\/p>\n<p style=\"text-align: center;\">\u00a0<\/p>\n<p style=\"text-align: center;\"><span style=\"color: #000000; font-size: 14pt;\">Travel is<strong> adventure, sleep deprivation and luggage constraints<\/strong> \ud83d\ude42<\/span><\/p>\n<p style=\"text-align: center;\">\u00a0<\/p>\n<p style=\"text-align: center;\"><span style=\"font-size: 14pt; color: #000000;\"><strong>Que recherches tu lorsque tu parcours un blog de voyage?<\/strong><\/span><\/p>\n<p style=\"text-align: center;\"><span style=\"font-size: 14pt; color: #000000;\"> <strong> (What do you expect while visiting a blog dedicated to travels ?)<\/strong><\/span><\/p>\n<p style=\"text-align: center;\"><span style=\"font-size: 14pt; color: #000000;\">\u00a0<\/span><\/p>\n<p style=\"text-align: center;\"><span style=\"color: #000000; font-size: 14pt;\">I am searching for <strong>unique experiences<\/strong>, colourful pictures, loads of smiling faces, beautiful weather and gorgeous food but also <strong>secret spots and tips.<\/strong><\/span><\/p>\n<div id=\"yui_3_16_0_1_1437637532075_16178\" style=\"text-align: center;\"><span style=\"color: #000000; font-size: 14pt;\">\u00a0<\/span><\/div>\n<p style=\"text-align: center;\"><span style=\"font-size: 14pt; color: #000000;\"><strong>Comment d\u00e9finis tu le Journal d&rsquo;un Pigeon Voyageur en deux ou trois adjectifs ?<\/strong> <\/span><\/p>\n<p style=\"text-align: center;\"><span style=\"font-size: 14pt; color: #000000;\"><strong> (If you had to define Journal d&rsquo;un Pigeon Voyageur by using 2 or 3 adjectives ?)<\/strong><\/span><\/p>\n<p style=\"text-align: center;\"><span style=\"font-size: 14pt; color: #000000;\">\u00a0<\/span><\/p>\n<p style=\"text-align: center;\"><span style=\"color: #000000; font-size: 14pt;\">Those words would be : <strong>serious enjoyment, romantic and unique.<\/strong><\/span><\/p>\n<p style=\"text-align: center;\"><span style=\"font-size: 14pt;\">\u00a0<\/span><\/p>\n<p style=\"text-align: center;\"><span style=\"font-size: 14pt; color: #000000;\"><strong>Le JPV t a t il donn\u00e9 envie de d\u00e9couvrir une destination d\u00e9j\u00e0 \u00e9voqu\u00e9e sur le blog ? Si oui, laquelle et pourquoi ?<\/strong><\/span><\/p>\n<p style=\"text-align: center;\"><span style=\"font-size: 14pt; color: #000000;\"> <strong> (Are you interested in visiting a country, a town or a place I&rsquo;ve mentioned in a article already published on the blog ?\u00a0 If so, which place is it and why ?)<\/strong><\/span><\/p>\n<p style=\"text-align: center;\">\u00a0<\/p>\n<p style=\"text-align: center;\"><span style=\"color: #000000; font-size: 14pt;\"><strong>Malawi<\/strong> for sure !<\/span><\/p>\n<p style=\"text-align: center;\">\u00a0<\/p>\n<p style=\"text-align: center;\"><span style=\"color: #000000; font-size: 14pt;\">\u00a0It looks so gorgeous and I really want to visit more of East Africa at some point !<\/span><\/p>\n<p style=\"text-align: center;\"><span style=\"font-size: 14pt; color: #000000;\">\u00a0<\/span><\/p>\n<p style=\"text-align: center;\"><span style=\"font-size: 14pt; color: #000000;\"><strong>Pourquoi avoir choisi cette photo pour illustrer l&rsquo;interview ?<\/strong> <\/span><\/p>\n<p style=\"text-align: center;\"><span style=\"font-size: 14pt; color: #000000;\"><strong> ( Why have to decided to pick that particular picture ?\u00a0)<\/strong><\/span><\/p>\n<p style=\"text-align: center;\"><span style=\"font-size: 14pt; color: #000000;\">\u00a0<\/span><\/p>\n<p style=\"text-align: center;\"><span style=\"color: #000000; font-size: 14pt;\">This picture was taken, few months ago,<strong> in Venice, at Emeka Ogboh\u2019s sound installation, as part of the bienalle.<\/strong><\/span><\/p>\n<p style=\"text-align: center;\">\u00a0<\/p>\n<p style=\"text-align: center;\"><span style=\"color: #000000; font-size: 14pt;\">Unlike the majority of my travel which is done for work, this was pure fun attending the Venice Bienalle opening week, in may, as a guest with my partner.<\/span><\/p>\n<p style=\"text-align: center;\">\u00a0<\/p>\n<p style=\"text-align: center;\"><span style=\"color: #000000; font-size: 14pt;\">All the art fed my soul and I had an incredible time meeting lots of new people, and attending fabulous parties.<\/span><\/p>\n<p style=\"text-align: center;\">\u00a0<\/p>\n<p style=\"text-align: center;\"><span style=\"color: #000000; font-size: 14pt;\">At the end, I needed another holiday to recover from it!<\/span><\/p>\n<p style=\"text-align: center;\"><span style=\"color: #000000;\">\u00a0<\/span><\/p>\n<p style=\"text-align: center;\"><span style=\"font-size: 14pt; color: #000000;\"><strong>Raconte moi ton plus beau souvenir de voyage<\/strong> <\/span><\/p>\n<p style=\"text-align: center;\"><span style=\"font-size: 14pt; color: #000000;\"><strong> (Share with us your most memorable travel souvenir )<\/strong><\/span><\/p>\n<p style=\"text-align: center;\">\u00a0<\/p>\n<div id=\"yui_3_16_0_1_1437637532075_16161\" style=\"text-align: center;\"><span style=\"color: #000000; font-size: 14pt;\">I love make up : expensive, mid priced and cheap and tacky.<\/span><\/div>\n<div id=\"yui_3_16_0_1_1437637532075_16161\" style=\"text-align: center;\"><span style=\"color: #000000; font-size: 14pt;\">\u00a0<\/span><\/div>\n<div id=\"yui_3_16_0_1_1437637532075_16161\" style=\"text-align: center;\"><span style=\"color: #000000; font-size: 14pt;\">\u00a0I have a vast collection of cheap, tacky, fun make up and also, beauty products.<\/span><\/div>\n<div style=\"text-align: center;\">\u00a0<\/div>\n<div id=\"yui_3_16_0_1_1437637532075_16161\" style=\"text-align: center;\"><span style=\"font-size: 14pt; color: #000000;\">\u00a0<\/span><\/div>\n<div id=\"yui_3_16_0_1_1437637532075_16161\" style=\"text-align: center;\"><span style=\"font-size: 14pt; color: #000000;\">So each city I go to I always come back with at least 20 different face masks!Those satchet ones are really cool and handy; it\u2019s the way I fake a good night\u2019s sleep when I\u2019ve been partying all night. \u00a0<\/span><\/div>\n<div style=\"text-align: center;\">\u00a0<\/div>\n<p style=\"text-align: center;\"><span style=\"font-size: 14pt; color: #000000;\"><strong>Quelle est ta travel list id\u00e9ale et pourquoi ce choix de destinations ?<\/strong> <\/span><\/p>\n<p style=\"text-align: center;\"><span style=\"font-size: 14pt; color: #000000;\"><strong>(what is your ideal travel list ? why those destinations)<\/strong><\/span><\/p>\n<p style=\"text-align: center;\"><span style=\"font-size: 14pt;\">\u00a0<\/span><\/p>\n<p style=\"text-align: center;\"><span style=\"color: #000000; font-size: 14pt;\">I\u2019m off to <strong>Dakar<\/strong>, Senegal next month, I\u2019m keen to explore more of West Africa especially.<\/span><\/p>\n<p style=\"text-align: center;\">\u00a0<\/p>\n<p style=\"text-align: center;\"><span style=\"color: #000000; font-size: 14pt;\">I\u2019d also like to<strong> visit more of America<\/strong>, it seems such a strange and complex place, similarly more of Far Eastern Asia would be interesting.<\/span><\/p>\n<p style=\"text-align: center;\">\u00a0<\/p>\n<p style=\"text-align: center;\"><span style=\"color: #000000; font-size: 14pt;\">Besides, I enjoy visiting places that speak very little English ; it feels so good to be lost in this way; amongst my species but a different breed.<\/span><\/p>\n<p style=\"text-align: center;\">\u00a0<\/p>\n<p style=\"text-align: center;\"><span style=\"font-size: 14pt; color: #000000;\">&#8230;&#8230;&#8230;&#8230;&#8230;&#8230;&#8230;&#8230;&#8230;&#8230;&#8230;.<\/span><\/p>\n<div style=\"text-align: center;\"><span style=\"color: #000000; font-size: 14pt;\"><strong>Merci Zainab d&rsquo;avoir accept\u00e9, malgr\u00e9 ton planning charg\u00e9, de r\u00e9pondre \u00e0 cette interview.<\/strong><\/span><\/div>\n<div style=\"text-align: center;\">\u00a0<\/div>\n<div style=\"text-align: center;\"><span style=\"color: #000000; font-size: 14pt;\"><strong>Chers lecteurs, ne manquez pas \u00e0 pr\u00e9sent d&rsquo;aller d\u00e9couvrir l&rsquo;univers unique de Zainab Ashadu qui, \u00a0j&rsquo;en suis certaine, vous s\u00e9duira, sur le <a style=\"color: #000000;\" href=\"http:\/\/zashadu.com\/\" target=\"_blank\" rel=\"noopener\">site et l&rsquo;eshop de la marque<\/a>\u00a0mais \u00e9galement sur les r\u00e9seaux sociaux o\u00f9 cette derni\u00e8re est pr\u00e9sente : notamment ses pages <a style=\"color: #000000;\" href=\"https:\/\/instagram.com\/zashadu\/?hl=fr\" target=\"_blank\" rel=\"noopener\">instagram<\/a>,\u00a0\u00a0<a style=\"color: #000000;\" href=\"https:\/\/twitter.com\/zashadubags\" target=\"_blank\" rel=\"noopener\">twitter<\/a>\u00a0et <a style=\"color: #000000;\" href=\"https:\/\/www.facebook.com\/pages\/Zashadu\/360881013961729\" target=\"_blank\" rel=\"noopener\">facebook<\/a>.<\/strong><\/span><\/div>\n<div style=\"text-align: center;\">\u00a0<\/div>\n<div style=\"text-align: center;\"><span style=\"color: #000000; font-size: 14pt;\"><strong>Et pour ceux qui n&rsquo;ont pas encore lu l&rsquo;article du JPV consacr\u00e9 au <a style=\"color: #000000;\" href=\"https:\/\/www.journaldunpigeonvoyageur.com\/blog\/2014\/10\/12\/kaya-mawa-le-joyau-malawite-de-la-tres\/\" target=\"_blank\" rel=\"noopener\">Malawi<\/a>\u00a0dont parle Zainab \u00a0dans cette interview, vous savez ce qu&rsquo;il vous reste \u00e0 faire \ud83d\ude42<\/strong><\/span><\/div>\n<p style=\"text-align: center;\"><span style=\"color: #000000; font-size: 14pt;\"><strong>A tr\u00e8s vite pour d\u00e9couvrir un (e) autre amoureux du voyage!<\/strong><\/span><\/p>\n","protected":false},"excerpt":{"rendered":"<p>Zainab \u00e0 la Biennale de Venise 2015 \u00a0 Parce que les possibilit\u00e9s d&rsquo;envisager les voyages sont infinies, \u00a0 \u00a0 Parce qu&rsquo;\u00eatre un(e) \u00ab\u00a0traveladdict\u00a0\u00bb est une d\u00e9pendance,\u00a0 non\u00a0 r\u00e9pr\u00e9hensible p\u00e9nalement, qui, au contraire, nous enrichit, \u00a0 \u00a0\u00a0 Parce que de la d\u00e9couverte d&rsquo;une m\u00eame destination,\u00a0chaque voyageur&#8230;<\/p>\n","protected":false},"author":2,"featured_media":17560,"comment_status":"open","ping_status":"open","sticky":false,"template":"","format":"standard","meta":{"slim_seo":{"title":"PAROLES D'AMOUREUX DU VOYAGE : ZAINAB ASHADU, CREATRICE DE LA MARQUE D'ACCESSOIRES ZASHADU - Journal d&#039;un Pigeon Voyageur","description":"Zainab \u00e0 la Biennale de Venise 2015 \u00a0 Parce que les possibilit\u00e9s d'envisager les voyages sont infinies, \u00a0 \u00a0 Parce qu'\u00eatre un(e) \"traveladdict\" est une d\u00e9pendanc"},"footnotes":""},"categories":[47,16,1],"tags":[214,186,213],"class_list":["post-47","post","type-post","status-publish","format-standard","has-post-thumbnail","hentry","category-nigeria","category-paroles-damoureux-du-voyage","category-tous","tag-fashion","tag-interview-jpv","tag-zainab-ashadu"],"_links":{"self":[{"href":"https:\/\/www.journaldunpigeonvoyageur.com\/blog\/wp-json\/wp\/v2\/posts\/47","targetHints":{"allow":["GET"]}}],"collection":[{"href":"https:\/\/www.journaldunpigeonvoyageur.com\/blog\/wp-json\/wp\/v2\/posts"}],"about":[{"href":"https:\/\/www.journaldunpigeonvoyageur.com\/blog\/wp-json\/wp\/v2\/types\/post"}],"author":[{"embeddable":true,"href":"https:\/\/www.journaldunpigeonvoyageur.com\/blog\/wp-json\/wp\/v2\/users\/2"}],"replies":[{"embeddable":true,"href":"https:\/\/www.journaldunpigeonvoyageur.com\/blog\/wp-json\/wp\/v2\/comments?post=47"}],"version-history":[{"count":10,"href":"https:\/\/www.journaldunpigeonvoyageur.com\/blog\/wp-json\/wp\/v2\/posts\/47\/revisions"}],"predecessor-version":[{"id":36845,"href":"https:\/\/www.journaldunpigeonvoyageur.com\/blog\/wp-json\/wp\/v2\/posts\/47\/revisions\/36845"}],"wp:featuredmedia":[{"embeddable":true,"href":"https:\/\/www.journaldunpigeonvoyageur.com\/blog\/wp-json\/wp\/v2\/media\/17560"}],"wp:attachment":[{"href":"https:\/\/www.journaldunpigeonvoyageur.com\/blog\/wp-json\/wp\/v2\/media?parent=47"}],"wp:term":[{"taxonomy":"category","embeddable":true,"href":"https:\/\/www.journaldunpigeonvoyageur.com\/blog\/wp-json\/wp\/v2\/categories?post=47"},{"taxonomy":"post_tag","embeddable":true,"href":"https:\/\/www.journaldunpigeonvoyageur.com\/blog\/wp-json\/wp\/v2\/tags?post=47"}],"curies":[{"name":"wp","href":"https:\/\/api.w.org\/{rel}","templated":true}]}}