{"id":44299,"date":"2025-07-05T10:19:34","date_gmt":"2025-07-05T09:19:34","guid":{"rendered":"https:\/\/journaldunpigeonvoyageur.com\/blog\/?p=44299"},"modified":"2025-07-05T10:19:34","modified_gmt":"2025-07-05T09:19:34","slug":"a-la-croisee-des-chemins","status":"publish","type":"post","link":"https:\/\/www.journaldunpigeonvoyageur.com\/blog\/2025\/07\/05\/a-la-croisee-des-chemins\/","title":{"rendered":"A LA CROISEE DES CHEMINS"},"content":{"rendered":"<p><span style=\"font-family: verdana, geneva, sans-serif; font-size: 14pt; color: #000000;\"><img loading=\"lazy\" decoding=\"async\" class=\"wp-image-44301 size-large aligncenter\" src=\"https:\/\/www.journaldunpigeonvoyageur.com\/blog\/wp-content\/uploads\/2025\/07\/jpv11-683x1024.jpg\" alt=\"\" width=\"683\" height=\"1024\" srcset=\"https:\/\/www.journaldunpigeonvoyageur.com\/blog\/wp-content\/uploads\/2025\/07\/jpv11-683x1024.jpg 683w, https:\/\/www.journaldunpigeonvoyageur.com\/blog\/wp-content\/uploads\/2025\/07\/jpv11-200x300.jpg 200w, https:\/\/www.journaldunpigeonvoyageur.com\/blog\/wp-content\/uploads\/2025\/07\/jpv11-768x1152.jpg 768w, https:\/\/www.journaldunpigeonvoyageur.com\/blog\/wp-content\/uploads\/2025\/07\/jpv11.jpg 1000w\" sizes=\"auto, (max-width: 683px) 100vw, 683px\" \/><\/span><\/p>\n<p style=\"text-align: center;\"><span style=\"color: #000000;\">Portrait r\u00e9alis\u00e9 par\u00a0<a style=\"color: #000000;\" href=\"https:\/\/essentiellephotographie.com\/\">l&rsquo;extraordinaire photographe Fatou Belaud<\/a><\/span><\/p>\n<div style=\"text-align: center;\">\n<h1>\u00a0<\/h1>\n<h1><span style=\"font-family: verdana, geneva, sans-serif; font-size: 14pt; color: #000000;\">Cela fait 11 ans aujourd\u2019hui.<\/span><\/h1>\n<\/div>\n<div style=\"text-align: center;\">\u00a0<\/div>\n<div style=\"text-align: center;\">\n<h1><span style=\"font-family: verdana, geneva, sans-serif; font-size: 14pt; color: #000000;\">11 ans que j\u2019ai choisi de rendre publique et de partager ici , sur mon blog \u00e9ponyme, ma d\u00e9vorante passion pour le Voyage .<\/span><\/h1>\n<\/div>\n<div style=\"text-align: center;\">\u00a0<\/div>\n<div style=\"text-align: center;\">\n<h1><span style=\"font-family: verdana, geneva, sans-serif; font-size: 14pt; color: #000000;\">Cette addiction, fort heureusement non r\u00e9pr\u00e9hensible p\u00e9nalement , que j\u2019appr\u00e9hende, depuis toujours, \u00e0 travers une pluralit\u00e9 de prismes.<\/span><\/h1>\n<\/div>\n<div style=\"text-align: center;\">\n<h1>\u00a0<\/h1>\n<\/div>\n<div style=\"text-align: center;\">\n<h1><span style=\"font-family: verdana, geneva, sans-serif; font-size: 14pt; color: #000000;\">Cette passion qui, au plus pr\u00e8s comme \u00e0 mille lieux de chez moi , n\u2019a , entre autre et d\u2019aussi loin que je m\u2019en souvienne, jamais <\/span><span style=\"color: #000000; font-family: verdana, geneva, sans-serif; font-size: 14pt;\">cess\u00e9 de me nourrir.<\/span><\/h1>\n<\/div>\n<div style=\"text-align: center;\">\u00a0<\/div>\n<div style=\"text-align: center;\">\n<h1><span style=\"font-family: verdana, geneva, sans-serif; font-size: 14pt; color: #000000;\">De m\u2019inviter \u00e0 d\u2019inoubliables d\u00e9couvertes multisensorielles .<\/span><\/h1>\n<\/div>\n<div style=\"text-align: center;\">\u00a0<\/div>\n<div style=\"text-align: center;\">\n<h1><span style=\"font-family: verdana, geneva, sans-serif; font-size: 14pt; color: #000000;\">De m\u2019apprendre l\u2019Humilit\u00e9. <\/p>\n<p><\/span><\/h1>\n<\/div>\n<div style=\"text-align: center;\">\n<h1><span style=\"font-family: verdana, geneva, sans-serif; font-size: 14pt; color: #000000;\">De me confronter \u00e0 des facettes de moi-m\u00eame jusque l\u00e0 insoup\u00e7onn\u00e9es.<\/span><\/h1>\n<h1><span style=\"font-family: verdana, geneva, sans-serif; font-size: 14pt; color: #000000;\">De m\u2019ouvrir au Monde.<\/span><\/h1>\n<\/div>\n<div style=\"text-align: center;\">\u00a0<\/div>\n<div style=\"text-align: center;\">\n<h1><span style=\"font-family: verdana, geneva, sans-serif; font-size: 14pt; color: #000000;\">Et, surtout, de me permettre d\u2019aller \u00e0 la rencontre de l\u2019Autre, dans toute ses singularit\u00e9 et Humanit\u00e9.<\/span><\/h1>\n<\/div>\n<div style=\"text-align: center;\">\n<h1><span style=\"font-family: verdana, geneva, sans-serif; font-size: 14pt; color: #000000;\">Instill\u00e9 en moi, d\u00e8s l\u2019enfance, \u00a0par ma m\u00e8re, <\/span><\/h1>\n<h1><span style=\"color: #000000; font-family: verdana, geneva, sans-serif; font-size: 14pt;\">R\u00e9guli\u00e8rement entretenu durant mon adolescence et ma vie estudiantine\u00a0<\/span><\/h1>\n<h1><span style=\"color: #000000; font-family: verdana, geneva, sans-serif; font-size: 14pt;\">Puis avidement partag\u00e9, ces 18 derni\u00e8res ann\u00e9es, avec mon conjoint et , d\u00e9sormais aussi, avec notre baby N , ce go\u00fbt du Voyage est , pour qui me conna\u00eet \u00e0 titre personnel, indiscutablement l\u2019un de mes feux sacr\u00e9s.<\/span><\/h1>\n<h1><span style=\"font-family: verdana, geneva, sans-serif; font-size: 14pt; color: #000000;\">L\u2019originel \u00a0\u00ab reason why \u00bb du Journal d\u2019un Pigeon Voyageur.<\/span><\/h1>\n<\/div>\n<div style=\"text-align: center;\">\n<h1><span style=\"font-family: verdana, geneva, sans-serif; font-size: 14pt; color: #000000;\">Mais voil\u00e0 , alors que mon envie d\u2019\u00e9crire, notamment aliment\u00e9e par les mille et uns r\u00e9cits d\u2019\u00e9chapp\u00e9es non encore publi\u00e9s ici mais que j\u2019aurais encore aim\u00e9s vous compter, n\u2019a pourtant pas disparue, les contingences d\u2019une vie quotidienne depuis quelques ann\u00e9es de facto r\u00e9invent\u00e9e ainsi que les vicissitudes de la vie, auxquelles nul n\u2019\u00e9chappe, ont peu \u00e0 peu, comme je l\u2019\u00e9voquais en filigrane dans mes 3 derniers billets-anniversaire,\u00a0 eu raison de ma pr\u00e9sence assidue <\/span><span style=\"font-family: verdana, geneva, sans-serif; font-size: 14pt; color: #000000;\">sur le<\/span><\/h1>\n<h1><span style=\"font-family: verdana, geneva, sans-serif; font-size: 14pt; color: #000000;\">www.journaldunpigeonvoyageur.com<\/span><\/h1>\n<\/div>\n<div>\n<h1>\u00a0<\/h1>\n<h1 style=\"text-align: center;\"><span style=\"font-family: verdana, geneva, sans-serif; font-size: 14pt; color: #000000;\">Aujourd\u2019hui, 11 ans apr\u00e8s les d\u00e9buts de cette belle aventure, formatrice \u00e0 tant d\u2019 \u00e9gards, je me retrouve donc, plus que jamais , \u00a0\u00e0 la crois\u00e9e des chemins.<\/span><\/h1>\n<p>&nbsp;<\/p>\n<h1 style=\"text-align: center;\"><span style=\"font-family: verdana, geneva, sans-serif; font-size: 14pt; color: #000000;\">Me demandant si l\u2019heure de tourner cette page pour envisager autre chose n\u2019est pas \u00e0 pr\u00e9sent venue. \u00a0<\/span><\/h1>\n<p>&nbsp;<\/p>\n<h1 style=\"text-align: center;\"><span style=\"font-family: verdana, geneva, sans-serif; font-size: 14pt; color: #000000;\">En tout \u00e9tat de cause et quelle que soit ma d\u00e9cision finale, j&rsquo;aimerais chaudement vous remercier , cher(e)s \u00a0lecteurs et lectrices, pour votre engag\u00e9e pr\u00e9sence \u00e0 mes c\u00f4t\u00e9s. <\/span><\/h1>\n<h1 style=\"text-align: center;\"><span style=\"font-family: verdana, geneva, sans-serif; font-size: 14pt; color: #000000;\">Pour tous vos messages , commentaires, partages, \u00e9changes , soutiens, vues , discussions et \u00a0recommandations, lesquels m&rsquo;ont, au fil des ans, incroyablement port\u00e9e .<\/span><\/h1>\n<h1 style=\"text-align: center;\"><span style=\"font-family: verdana, geneva, sans-serif; font-size: 14pt; color: #000000;\"> En plus de progressivement contribuer \u00e0 faire sortir le JPV d\u2019une confidentialit\u00e9 \u00a0\u00e0 laquelle son intrins\u00e8que essence l\u2019avait ab initio confin\u00e9e . <br \/>\n<\/span><\/h1>\n<h1 style=\"text-align: center;\"><span style=\"font-family: verdana, geneva, sans-serif; font-size: 14pt; color: #000000;\">Et pour terminer sur une note un peu plus personnelle , j\u2019ajouterai :<\/span><\/h1>\n<h1 style=\"text-align: center;\"><span style=\"font-family: verdana, geneva, sans-serif; font-size: 14pt; color: #000000;\">Qu\u2019en faisant, le 5 juillet 2014, ce saut vers l\u2019inconnu, j\u2019ai, sans le savoir , renou\u00e9 avec l\u2019audace , le r\u00eave et la cr\u00e9ativit\u00e9.<\/span><\/h1>\n<h1 style=\"text-align: center;\"><span style=\"font-family: verdana, geneva, sans-serif; font-size: 14pt; color: #000000;\">Trois pans de ma personnalit\u00e9 que je croyais, \u00e0 tort, avoir perdus.<\/span><\/h1>\n<h1 style=\"text-align: center;\"><span style=\"color: #000000; font-family: verdana, geneva, sans-serif; font-size: large;\"><span style=\"caret-color: #000000;\">Et cette reconnexion avec moi-m\u00eame, op\u00e9r\u00e9e gr\u00e2ce au Journal d\u2019un Pigeon Voyageur, est, sans aucun doute, l\u2019une de mes plus belles victoires. <br \/>\n<\/span><\/span><\/h1>\n<h1 style=\"text-align: center;\"><span style=\"color: #000000; font-family: verdana, geneva, sans-serif; font-size: large;\"><span style=\"caret-color: #000000;\">L\u2019une de celles dont je reste la plus fi\u00e8re.<\/span><\/span><\/h1>\n<h1 style=\"text-align: center;\"><span style=\"color: #000000; font-family: verdana, geneva, sans-serif; font-size: large;\"><span style=\"caret-color: #000000;\">Et cela n\u2019a assur\u00e9ment pas de prix. <\/span><\/span><\/h1>\n<h1 style=\"text-align: center;\"><span style=\"color: #000000; font-family: verdana, geneva, sans-serif; font-size: large;\"><span style=\"caret-color: #000000;\">\u00a0\u2026\u2026.<\/span><\/span><\/h1>\n<h1 style=\"text-align: center;\"><span style=\"color: #000000; font-family: verdana, geneva, sans-serif; font-size: large;\"><span style=\"caret-color: #000000;\">Alea Jacta Est !<\/span><\/span><\/h1>\n<h1 style=\"text-align: center;\"><span style=\"color: #000000; font-family: verdana, geneva, sans-serif; font-size: large;\"><span style=\"caret-color: #000000;\"> Ivy D.O<\/span><\/span><\/h1>\n<\/div>\n","protected":false},"excerpt":{"rendered":"<p>Portrait r\u00e9alis\u00e9 par\u00a0l&rsquo;extraordinaire photographe Fatou Belaud \u00a0 Cela fait 11 ans aujourd\u2019hui. \u00a0 11 ans que j\u2019ai choisi de rendre publique et de partager ici , sur mon blog \u00e9ponyme, ma d\u00e9vorante passion pour le Voyage . \u00a0 Cette addiction, fort heureusement non r\u00e9pr\u00e9hensible p\u00e9nalement&#8230;<\/p>\n","protected":false},"author":2,"featured_media":44301,"comment_status":"open","ping_status":"closed","sticky":false,"template":"","format":"standard","meta":{"slim_seo":{"title":"A LA CROISEE DES CHEMINS - Journal d&#039;un Pigeon Voyageur","description":"Portrait r\u00e9alis\u00e9 par\u00a0 l'extraordinaire photographe Fatou Belaud \u00a0 Cela fait 11 ans aujourd\u2019hui. \u00a0 11 ans que j\u2019ai choisi de rendre publique et de partager ici ,"},"footnotes":""},"categories":[14,1],"tags":[163],"class_list":["post-44299","post","type-post","status-publish","format-standard","has-post-thumbnail","hentry","category-interviews-vie-du-blog-concours","category-tous","tag-anniversaire-jpv"],"_links":{"self":[{"href":"https:\/\/www.journaldunpigeonvoyageur.com\/blog\/wp-json\/wp\/v2\/posts\/44299","targetHints":{"allow":["GET"]}}],"collection":[{"href":"https:\/\/www.journaldunpigeonvoyageur.com\/blog\/wp-json\/wp\/v2\/posts"}],"about":[{"href":"https:\/\/www.journaldunpigeonvoyageur.com\/blog\/wp-json\/wp\/v2\/types\/post"}],"author":[{"embeddable":true,"href":"https:\/\/www.journaldunpigeonvoyageur.com\/blog\/wp-json\/wp\/v2\/users\/2"}],"replies":[{"embeddable":true,"href":"https:\/\/www.journaldunpigeonvoyageur.com\/blog\/wp-json\/wp\/v2\/comments?post=44299"}],"version-history":[{"count":14,"href":"https:\/\/www.journaldunpigeonvoyageur.com\/blog\/wp-json\/wp\/v2\/posts\/44299\/revisions"}],"predecessor-version":[{"id":44314,"href":"https:\/\/www.journaldunpigeonvoyageur.com\/blog\/wp-json\/wp\/v2\/posts\/44299\/revisions\/44314"}],"wp:featuredmedia":[{"embeddable":true,"href":"https:\/\/www.journaldunpigeonvoyageur.com\/blog\/wp-json\/wp\/v2\/media\/44301"}],"wp:attachment":[{"href":"https:\/\/www.journaldunpigeonvoyageur.com\/blog\/wp-json\/wp\/v2\/media?parent=44299"}],"wp:term":[{"taxonomy":"category","embeddable":true,"href":"https:\/\/www.journaldunpigeonvoyageur.com\/blog\/wp-json\/wp\/v2\/categories?post=44299"},{"taxonomy":"post_tag","embeddable":true,"href":"https:\/\/www.journaldunpigeonvoyageur.com\/blog\/wp-json\/wp\/v2\/tags?post=44299"}],"curies":[{"name":"wp","href":"https:\/\/api.w.org\/{rel}","templated":true}]}}