{"id":43586,"date":"2024-07-05T11:23:42","date_gmt":"2024-07-05T10:23:42","guid":{"rendered":"https:\/\/journaldunpigeonvoyageur.com\/blog\/?p=43586"},"modified":"2025-08-25T13:12:18","modified_gmt":"2025-08-25T12:12:18","slug":"de-voyages-de-passion-d-affirmation-de-soi-et-d-ecriture-3650-jours-deja","status":"publish","type":"post","link":"https:\/\/www.journaldunpigeonvoyageur.com\/blog\/2024\/07\/05\/de-voyages-de-passion-d-affirmation-de-soi-et-d-ecriture-3650-jours-deja\/","title":{"rendered":"DE VOYAGES, DE PASSION, D&rsquo;AFFIRMATION DE SOI ET D&rsquo;ECRITURE : 3650 JOURS DEJA"},"content":{"rendered":"<p style=\"text-align: center;\">\u00a0<\/p>\n<p style=\"text-align: center;\"><img loading=\"lazy\" decoding=\"async\" class=\"aligncenter wp-image-43613 size-full\" src=\"https:\/\/www.journaldunpigeonvoyageur.com\/blog\/wp-content\/uploads\/2024\/07\/IMG_5980.jpg\" alt=\"\" width=\"1280\" height=\"1089\" srcset=\"https:\/\/www.journaldunpigeonvoyageur.com\/blog\/wp-content\/uploads\/2024\/07\/IMG_5980.jpg 1280w, https:\/\/www.journaldunpigeonvoyageur.com\/blog\/wp-content\/uploads\/2024\/07\/IMG_5980-300x255.jpg 300w, https:\/\/www.journaldunpigeonvoyageur.com\/blog\/wp-content\/uploads\/2024\/07\/IMG_5980-1024x871.jpg 1024w, https:\/\/www.journaldunpigeonvoyageur.com\/blog\/wp-content\/uploads\/2024\/07\/IMG_5980-768x653.jpg 768w\" sizes=\"auto, (max-width: 1280px) 100vw, 1280px\" \/><\/p>\n<div>\u00a0<\/div>\n<div style=\"text-align: center;\"><em>Timbre Anniversaire r\u00e9alis\u00e9 pour les 10 ans du JPV\u00a0<\/em><\/div>\n<div style=\"text-align: center;\"><em> par la talentueuse <a href=\"https:\/\/www.instagram.com\/mysaaka_illustration\/?hl=fr\">Mysaaka Illustration<\/a><\/em><\/div>\n<div>\u00a0<\/div>\n<div>\u00a0<\/div>\n<div style=\"text-align: center;\">\u00a0<\/div>\n<div>\u00a0<\/div>\n<div style=\"text-align: center;\"><span style=\"color: #000000; font-family: verdana, geneva, sans-serif; font-size: 14pt;\">\u00ab\u00a0Heureux qui, comme le Pigeon Voyageur, a fait un beau voyage\u00a0\u00bb.<\/span><\/div>\n<div>\u00a0<\/div>\n<div>\u00a0<\/div>\n<div style=\"text-align: center;\"><span style=\"color: #000000; font-family: verdana, geneva, sans-serif; font-size: 14pt;\">Ici, s&rsquo;arr\u00eate, cependant la comparaison avec l\u2019Ulysse, du sonnet \u00e9ponyme, de Joachim Du Bellay.<\/span><\/div>\n<div>\u00a0<\/div>\n<div>\u00a0<\/div>\n<div style=\"text-align: center;\"><span style=\"color: #000000; font-family: verdana, geneva, sans-serif; font-size: 14pt;\">Puisqu&rsquo;\u00e0 la diff\u00e9rence de ce dernier, h\u00e9ros \u00e9voquant le Voyage sous le prisme d\u2019un \u00e9loignement douloureux n&rsquo;alimentant, in fine, que souffrance, regrets et m\u00e9lancolie, je n&rsquo;ai, quant \u00e0 moi, jamais renonc\u00e9 \u00e0 voir dans mes \u00e9chapp\u00e9es autant de v\u00e9ritables chances:<\/span><\/div>\n<div>\u00a0<\/div>\n<div>\u00a0<\/div>\n<div style=\"text-align: center;\"><span style=\"color: #000000; font-family: verdana, geneva, sans-serif; font-size: 14pt;\">D&rsquo;ouverture sur le Monde.<\/span><\/div>\n<div>\u00a0<\/div>\n<div>\u00a0<\/div>\n<div style=\"text-align: center;\"><span style=\"color: #000000; font-family: verdana, geneva, sans-serif; font-size: 14pt;\">De Confrontation \u00e0 l&rsquo;Ailleurs.<\/span><\/div>\n<div>\u00a0<\/div>\n<div>\u00a0<\/div>\n<div style=\"text-align: center;\"><span style=\"color: #000000; font-family: verdana, geneva, sans-serif; font-size: 14pt;\">De rencontres avec l&rsquo;Autre.<\/span><\/div>\n<div>\u00a0<\/div>\n<div>\u00a0<\/div>\n<div style=\"text-align: center;\"><span style=\"color: #000000; font-family: verdana, geneva, sans-serif; font-size: 14pt;\">D&rsquo;appr\u00e9hension du Beau, dans toute ses richesse et pluralit\u00e9.\u00a0<\/span><\/div>\n<div>\u00a0<\/div>\n<div>\u00a0<\/div>\n<div>\u00a0<\/div>\n<div style=\"text-align: center;\"><span style=\"color: #000000; font-family: verdana, geneva, sans-serif; font-size: 14pt;\">A l&rsquo;aune de ces inoubliables explorations, qui \u00e0 chaque fois me laissaient sans voix, l&rsquo;id\u00e9e de me r\u00e9soudre \u00e0 endosser les habits de conteuse, si chers \u00e0 l&rsquo;explorateur Ibn Battuta, chemina peu \u00e0 peu dans mon esprit.<\/span><\/div>\n<div>\u00a0<\/div>\n<div>\u00a0<\/div>\n<div style=\"text-align: center;\"><span style=\"color: #000000; font-family: verdana, geneva, sans-serif; font-size: 14pt;\">Jusqu&rsquo;\u00e0 prendre corps, en cette estivale fin de matin\u00e9e du 5 juillet 2014, lorsque je donnais finalement naissance au Journal d&rsquo;un Pigeon Voyageur<\/span><\/div>\n<div>\u00a0<\/div>\n<div>\u00a0<\/div>\n<div style=\"text-align: center;\"><span style=\"color: #000000; font-family: verdana, geneva, sans-serif; font-size: 14pt;\">Et, ce faisant, \u00e0 mon alter \u00e9go virtuel, le Pigeon Voyageur.<\/span><\/div>\n<div>\u00a0<\/div>\n<div>\u00a0<\/div>\n<div style=\"text-align: center;\"><span style=\"color: #000000; font-family: verdana, geneva, sans-serif; font-size: 14pt;\">Mais, en coulisses,\u00a0<\/span><\/div>\n<div>\u00a0<\/div>\n<div>\u00a0<\/div>\n<div style=\"text-align: center;\"><span style=\"color: #000000; font-family: verdana, geneva, sans-serif; font-size: 14pt;\">Je luttais contre un syndrome de l&rsquo;imposteur qui ne disait pas son nom,<\/span><\/div>\n<div>\u00a0<\/div>\n<div>\u00a0<\/div>\n<div style=\"text-align: center;\"><span style=\"color: #000000; font-family: verdana, geneva, sans-serif; font-size: 14pt;\">\u00a0Essayais de pallier ma m\u00e9connaissance notoire des r\u00e9seaux sociaux et de la technique y \u00e9tant associ\u00e9e,<\/span><\/div>\n<div>\u00a0<\/div>\n<div>\u00a0<\/div>\n<div style=\"text-align: center;\"><span style=\"color: #000000; font-family: verdana, geneva, sans-serif; font-size: 14pt;\"> et prenais conscience de l&rsquo;absence criante de soutien manifest\u00e9 par certains proches, dont j&rsquo;imaginais \u00e0 tort l&rsquo;aide et la bienveillance acquises. <\/span><\/div>\n<div>\u00a0<\/div>\n<div>\u00a0<\/div>\n<div style=\"text-align: center;\"><span style=\"color: #000000; font-family: verdana, geneva, sans-serif; font-size: 14pt;\">C&rsquo;\u00e9tait il y a exactement 10 ans .<\/span><\/div>\n<div>\u00a0<\/div>\n<div style=\"text-align: center;\">\u00a0<\/div>\n<div style=\"text-align: center;\"><span style=\"color: #000000; font-family: verdana, geneva, sans-serif; font-size: 14pt;\">Depuis, j&rsquo;ai d\u00fb faire face \u00e0 bien d&rsquo;autres challenges.<\/span><\/div>\n<div>\u00a0<\/div>\n<div>\u00a0<\/div>\n<div style=\"text-align: center;\"><span style=\"color: #000000; font-family: verdana, geneva, sans-serif; font-size: 14pt;\">Dont certains ont presque failli, je le confesse, sonner le glas du Journal d&rsquo;un Pigeon Voyageur.<\/span><\/div>\n<div>\u00a0<\/div>\n<div>\u00a0<\/div>\n<div style=\"text-align: center;\"><span style=\"color: #000000; font-family: verdana, geneva, sans-serif; font-size: 14pt;\">A l&rsquo;instar de cette inattendue angoisse de la page blanche.<\/span><\/div>\n<div>\u00a0<\/div>\n<div>\u00a0<\/div>\n<div style=\"text-align: center;\"><span style=\"color: #000000; font-family: verdana, geneva, sans-serif; font-size: 14pt;\">Plus pr\u00e9gnante ces derni\u00e8res ann\u00e9es, que j&rsquo;avais, lors du 8 eme anniversaire du blog, d&rsquo;ailleurs \u00e9voqu\u00e9e entre les lignes du billet, au titre \u00e0 dessein r\u00e9solument \u00e9vocateur, <a href=\"https:\/\/www.journaldunpigeonvoyageur.com\/blog\/2022\/07\/05\/et-si-c-etait-la-fin\/\">\u00ab\u00a0Et si c&rsquo;\u00e9tait la fin ?\u00a0\u00bb<\/a><\/span><\/div>\n<div>\u00a0<\/div>\n<div>\u00a0<\/div>\n<div style=\"text-align: center;\"><span style=\"color: #000000; font-family: verdana, geneva, sans-serif; font-size: 14pt;\">Risible pour quelqu&rsquo;un qui, d&rsquo;aussi loin que je m&rsquo;en souvienne, a pourtant toujours vibr\u00e9 par et pour les mots.<\/span><\/div>\n<div>\u00a0<\/div>\n<div>\u00a0<\/div>\n<div style=\"text-align: center;\"><span style=\"color: #000000; font-family: verdana, geneva, sans-serif; font-size: 14pt;\">Leur reconnaissant un pouvoir intrins\u00e8que.<\/span><\/div>\n<div>\u00a0<\/div>\n<div>\u00a0<\/div>\n<div style=\"text-align: center;\"><span style=\"color: #000000; font-family: verdana, geneva, sans-serif; font-size: 14pt;\">Se r\u00e9fugiant tr\u00e8s t\u00f4t dans la lecture pour tromper l&rsquo;ennui que mon statut d&rsquo;enfant unique induisait in\u00e9vitablement.<\/span><\/div>\n<div>\u00a0<\/div>\n<div>\u00a0<\/div>\n<div style=\"text-align: center;\"><span style=\"color: #000000; font-family: verdana, geneva, sans-serif; font-size: 14pt;\">Ecrivant, d\u00e8s le primaire, 1001 chansons, m\u00e9lodies jou\u00e9es au piano familial et histoires dont l&rsquo;\u00e9pilogue se dessinait malheureusement \u00e0 l&rsquo;issue du deuxi\u00e8me chapitre.<\/span><\/div>\n<div>\u00a0<\/div>\n<div>\u00a0<\/div>\n<div style=\"text-align: center;\"><span style=\"color: #000000; font-family: verdana, geneva, sans-serif; font-size: 14pt;\">\u00a05 juillet 2014 &#8211; 5 juillet 2024.<\/span><\/div>\n<div>\u00a0<\/div>\n<div>\u00a0<\/div>\n<div style=\"text-align: center;\"><span style=\"color: #000000; font-family: verdana, geneva, sans-serif; font-size: 14pt;\">3650 jours plus tard, je tombe donc, pour ainsi dire, litt\u00e9ralement des nues.<\/span><\/div>\n<div>\u00a0<\/div>\n<div>\u00a0<\/div>\n<div style=\"text-align: center;\"><span style=\"color: #000000; font-family: verdana, geneva, sans-serif; font-size: 14pt;\">D&rsquo;\u00eatre, en d\u00e9pit d&rsquo;une nette baisse de ma fr\u00e9quence de publication, encore l\u00e0.<\/span><\/div>\n<div>\u00a0<\/div>\n<div>\u00a0<\/div>\n<div style=\"text-align: center;\"><span style=\"color: #000000; font-family: verdana, geneva, sans-serif; font-size: 14pt;\">V\u00e9t\u00e9rane continuant, entre autre, \u00e0 tisser, avec minutie, passion, authenticit\u00e9, patience et g\u00e9n\u00e9rosit\u00e9,\u00a0 les contours d&rsquo;une exp\u00e9rience virtuelle se voulant unique.<\/span><\/div>\n<div>\u00a0<\/div>\n<div>\u00a0<\/div>\n<div style=\"text-align: center;\"><span style=\"color: #000000; font-family: verdana, geneva, sans-serif; font-size: 14pt;\">A la fois ode au Voyage, au Beau, \u00e0 la Connaissance, au Partage, \u00e0 l&rsquo;Alt\u00e9rit\u00e9 ainsi qu&rsquo;\u00e0 la Vie.<\/span><\/div>\n<div>\u00a0<\/div>\n<div>\u00a0<\/div>\n<div>\u00a0<\/div>\n<div style=\"text-align: center;\"><span style=\"color: #000000; font-family: verdana, geneva, sans-serif; font-size: 14pt;\">Pourtant, au-del\u00e0 d&rsquo;\u00eatre un singulier regard, le mien, depuis 10 ans port\u00e9 sur le Monde, le Journal d&rsquo;un Pigeon Voyageur est aussi l&rsquo;histoire d&rsquo;une salvatrice rencontre avec moi-m\u00eame.<\/span><\/div>\n<div>\u00a0<\/div>\n<div>\u00a0<\/div>\n<div style=\"text-align: center;\"><span style=\"color: #000000; font-family: verdana, geneva, sans-serif; font-size: 14pt;\">Introspection s&rsquo;\u00e9tant au fil des ans manifest\u00e9e, en ces murs,\u00a0 par une affirmation plus accrue de ma voix.<\/span><\/div>\n<div>\u00a0<\/div>\n<div>\u00a0<\/div>\n<div style=\"text-align: center;\"><span style=\"color: #000000; font-family: verdana, geneva, sans-serif; font-size: 14pt;\">De mon \u00e9criture.<\/span><\/div>\n<div>\u00a0<\/div>\n<div>\u00a0<\/div>\n<div style=\"text-align: center;\"><span style=\"color: #000000; font-family: verdana, geneva, sans-serif; font-size: 14pt;\">De ma cr\u00e9ativit\u00e9 et de ma sensibilit\u00e9.<\/span><\/div>\n<div>\u00a0<\/div>\n<div>\u00a0<\/div>\n<div>\u00a0<\/div>\n<div style=\"text-align: center;\"><span style=\"color: #000000; font-family: verdana, geneva, sans-serif; font-size: 14pt;\">Car oui, loin d&rsquo;\u00eatre le poids auquel je l&rsquo;assimilais autrefois, cette sensibilit\u00e9, dont l&rsquo;\u00e9crivain Charles Baudelaire disait qu&rsquo;elle \u00e9tait \u00ab\u00a0le g\u00e9nie de chacun\u00a0\u00bb, signe, aujourd&rsquo;hui et \u00e0 bien des \u00e9gards, une grande part de l&rsquo;essence du Journal d&rsquo;un Pigeon Voyageur.<\/span><\/div>\n<div>\u00a0<\/div>\n<div>\u00a0<\/div>\n<div style=\"text-align: center;\"><span style=\"color: #000000; font-family: verdana, geneva, sans-serif; font-size: 14pt;\">Alors \u00e0 l&rsquo;aube de ce symbolique milestone que constitue son dixi\u00e8me anniversaire,\u00a0 permettez-moi d&rsquo;\u00eatre \u00e9mue :<\/span><\/div>\n<div>\u00a0<\/div>\n<div>\u00a0<\/div>\n<div style=\"text-align: center;\"><span style=\"color: #000000; font-family: verdana, geneva, sans-serif; font-size: 14pt;\">Emue d&rsquo;avoir, contre toute attente, fait grandir ce blog-passion (dont je ne tire jusqu&rsquo;\u00e0 pr\u00e9sent, faut il le pr\u00e9ciser, aucuns revenus) o\u00f9 d&rsquo;assum\u00e9(e)s Epicurien(ne)s se plaisent toujours \u00e0 faire escale.<\/span><\/div>\n<div>\u00a0<\/div>\n<div>\u00a0<\/div>\n<div style=\"text-align: center;\"><span style=\"color: #000000; font-family: verdana, geneva, sans-serif; font-size: 14pt;\">A la recherche, parmi les centaines d&rsquo;articles publi\u00e9s,\u00a0 non seulement d&rsquo;une atypique adresse h\u00f4teli\u00e8re, d&rsquo;une bonne table, d&rsquo;une exposition \u00e0 ne pas manquer, d&rsquo;une destination confidentielle ou, plus prosa\u00efquement, d&rsquo;un moment d&rsquo;\u00e9vasion. <\/span><\/div>\n<div>\u00a0<\/div>\n<div>\u00a0<\/div>\n<div style=\"text-align: center;\"><span style=\"color: #000000; font-family: verdana, geneva, sans-serif; font-size: 14pt;\">Mais, aussi, d&rsquo;un avis qu&rsquo;ils savent profond\u00e9ment sinc\u00e8re et authentique.<\/span><\/div>\n<div>\u00a0<\/div>\n<div>\u00a0<\/div>\n<div style=\"text-align: center;\"><span style=\"color: #000000; font-family: verdana, geneva, sans-serif; font-size: 14pt;\">Emue d&rsquo;avoir, \u00e9galement, su saisir l&rsquo;opportunit\u00e9 que m&rsquo;offrait le Journal d&rsquo;un Pigeon Voyageur de grandir, \u00e0 titre personnel, \u00e0 ses c\u00f4t\u00e9s.<\/span><\/div>\n<div>\u00a0<\/div>\n<div>\u00a0<\/div>\n<div style=\"text-align: center;\"><span style=\"color: #000000; font-family: verdana, geneva, sans-serif; font-size: 14pt;\"> D\u00e9veloppant une pers\u00e9v\u00e9rance, une bienveillance, une patience, une r\u00e9silience , une curiosit\u00e9, une indulgence \u00e0 l&rsquo;\u00e9gard de moi-m\u00eame et une capacit\u00e9 \u00e0 vaincre quelques unes de mes peurs dont je ne me soup\u00e7onnais jusque l\u00e0 pas capable.<\/span><\/div>\n<div>\u00a0<\/div>\n<div>\u00a0<\/div>\n<div style=\"text-align: center;\"><span style=\"color: #000000; font-family: verdana, geneva, sans-serif; font-size: 14pt;\">Go\u00fbtant, ensuite et sans culpabilit\u00e9 aucune, au sentiment de fiert\u00e9 d&rsquo;avoir concr\u00e9tis\u00e9 l&rsquo;un de mes plus vieux r\u00eaves\u00a0<\/span><\/div>\n<div>\u00a0<\/div>\n<div>\u00a0<\/div>\n<div style=\"text-align: center;\"><span style=\"color: #000000; font-family: verdana, geneva, sans-serif; font-size: 14pt;\">Outre d&rsquo;enfin r\u00e9aliser toute l&rsquo;acuit\u00e9 du proverbe \u00ab\u00a0Rien ne sert de courir, il faut partir \u00e0 point\u00a0\u00bb que j&rsquo;aurais, avec du recul, d\u00fb plus souvent murmurer aux oreilles de ma young self .\u00a0<\/span><\/div>\n<div>\u00a0<\/div>\n<div>\u00a0<\/div>\n<div style=\"text-align: center;\"><span style=\"color: #000000; font-family: verdana, geneva, sans-serif; font-size: 14pt;\">Alors, le JPV, incarnation d&rsquo;Ivy ?<\/span><\/div>\n<div>\u00a0<\/div>\n<div>\u00a0<\/div>\n<div style=\"text-align: center;\"><span style=\"color: #000000; font-family: verdana, geneva, sans-serif; font-size: 14pt;\">A bien y r\u00e9fl\u00e9chir, pouvait-il en \u00eatre autrement tant ces deux entit\u00e9s se trouvent, ab initio, intimement li\u00e9es ? <\/span><\/div>\n<div>\u00a0<\/div>\n<div>\u00a0<\/div>\n<div style=\"text-align: center;\"><span style=\"color: #000000; font-family: verdana, geneva, sans-serif; font-size: 14pt;\">Je ne le crois pas .<\/span><\/div>\n<div>\u00a0<\/div>\n<div>\u00a0<\/div>\n<div>\u00a0<\/div>\n<div style=\"text-align: center;\"><span style=\"color: #000000; font-family: verdana, geneva, sans-serif; font-size: 14pt;\">D&rsquo;o\u00f9 l&rsquo;id\u00e9e d&rsquo;imaginer, cette ann\u00e9e, un timbre-anniversaire, r\u00e9alis\u00e9 avec force maestra par l&rsquo;illustratice Mysaaka, qui en t\u00e9moignerait.<\/span><\/div>\n<div>\u00a0<\/div>\n<div>\u00a0<\/div>\n<div style=\"text-align: center;\"><span style=\"color: #000000; font-family: verdana, geneva, sans-serif; font-size: 14pt;\">N&rsquo;h\u00e9sitez, d\u00e8s lors, pas \u00e0 partager avec moi, en commentaires, les clins d&rsquo;\u0153il que vous y aurez rep\u00e9r\u00e9s .<\/span><\/div>\n<div>\u00a0<\/div>\n<div>\u00a0<\/div>\n<div style=\"text-align: center;\"><span style=\"color: #000000; font-family: verdana, geneva, sans-serif; font-size: 14pt;\">Enfin, je ne saurais cl\u00f4turer ce billet sans lever mon verre \u00e0 chacun des membres, nouveaux venus et abonn\u00e9s de longue date, composant la communaut\u00e9 du Journal d&rsquo;un Pigeon Voyageur.<\/span><\/div>\n<div>\u00a0<\/div>\n<div>\u00a0<\/div>\n<div style=\"text-align: center;\"><span style=\"color: #000000; font-family: verdana, geneva, sans-serif; font-size: 14pt;\">Lisant, commentant et partageant les publications, qu&rsquo;elles soient faites ici m\u00eame ou sur le compte instagram, du blog.<\/span><\/div>\n<div>\u00a0<\/div>\n<div>\u00a0<\/div>\n<div style=\"text-align: center;\"><span style=\"color: #000000; font-family: verdana, geneva, sans-serif; font-size: 14pt;\">Dialoguant, inbox, avec moi pour parfaire leurs itin\u00e9raires de voyage, parler de Culture ou de Gastronomie.<\/span><\/div>\n<div>\u00a0<\/div>\n<div>\u00a0<\/div>\n<div style=\"text-align: center;\"><span style=\"color: #000000; font-family: verdana, geneva, sans-serif; font-size: 14pt;\">Et acceptant de prendre part, malgr\u00e9 leurs obligations quotidiennes, aux rares projets que j&rsquo;ai pu initier lors des anniversaires du JPV.<\/span><\/div>\n<div>\u00a0<\/div>\n<div>\u00a0<\/div>\n<div style=\"text-align: center;\"><span style=\"color: #000000; font-family: verdana, geneva, sans-serif; font-size: 14pt;\"><span style=\"color: #000000; font-family: verdana, geneva, sans-serif; font-size: 14pt;\">Mis en \u0153uvre depuis fin juin, le dernier en date a, ainsi, permis de r\u00e9colter, dans le cadre de cette nouvelle c\u00e9l\u00e9bration,<\/span><\/span><span style=\"color: #000000; font-family: verdana, geneva, sans-serif; font-size: 14pt;\"> plusieurs dizaines de t\u00e9moignages invitant chaque abonn\u00e9 \u00e0 relater, en toute libert\u00e9, son exp\u00e9rience du Journal d&rsquo;un Pigeon Voyageur.<\/span><\/p>\n<div>\u00a0<\/div>\n<div>\u00a0<\/div>\n<div style=\"text-align: center;\"><span style=\"color: #000000; font-family: verdana, geneva, sans-serif; font-size: 14pt;\">Autant de mots, forts en \u00e9motion, que vous pourrez, tout au long de la journ\u00e9e, d\u00e9couvrir en investissant la story du compte Instagram \u00e9ponyme.<\/span><\/div>\n<div>\u00a0<\/div>\n<\/div>\n<div>\u00a0<\/div>\n<div style=\"text-align: center;\"><span style=\"color: #000000; font-family: verdana, geneva, sans-serif; font-size: 14pt;\">To new Beginnings for sure !<\/span><\/div>\n<div>\u00a0<\/div>\n<div>\u00a0<\/div>\n<div style=\"text-align: center;\"><span style=\"color: #000000; font-family: verdana, geneva, sans-serif; font-size: 14pt;\">Voyageusement v\u00f4tre,<\/span><\/div>\n<div>\u00a0<\/div>\n<div>\u00a0<\/div>\n<div style=\"text-align: center;\"><span style=\"color: #000000; font-family: verdana, geneva, sans-serif; font-size: 14pt;\">Ivy D.O.<\/span><\/div>\n<div style=\"text-align: center;\">\u00a0<\/div>\n<div style=\"text-align: center;\">\u00a0<\/div>\n<div style=\"text-align: center;\">\u00a0<\/div>\n<div style=\"text-align: center;\">\n<div>\n<h1>\u00a0<\/h1>\n<\/div>\n<div>\u00a0<\/div>\n<p>&nbsp;<\/p>\n<div>\u00a0<\/div>\n<\/div>\n<p style=\"text-align: center;\">\u00a0<\/p>\n","protected":false},"excerpt":{"rendered":"<p>\u00a0 \u00a0 Timbre Anniversaire r\u00e9alis\u00e9 pour les 10 ans du JPV\u00a0 par la talentueuse Mysaaka Illustration \u00a0 \u00a0 \u00a0 \u00a0 \u00ab\u00a0Heureux qui, comme le Pigeon Voyageur, a fait un beau voyage\u00a0\u00bb. \u00a0 \u00a0 Ici, s&rsquo;arr\u00eate, cependant la comparaison avec l\u2019Ulysse, du sonnet \u00e9ponyme, de Joachim&#8230;<\/p>\n","protected":false},"author":2,"featured_media":44771,"comment_status":"open","ping_status":"closed","sticky":false,"template":"","format":"standard","meta":{"slim_seo":{"title":"DE VOYAGES, DE PASSION, D'AFFIRMATION DE SOI ET D'ECRITURE : 3650 JOURS DEJA - Journal d&#039;un Pigeon Voyageur","description":"\u00a0 \u00a0 Timbre Anniversaire r\u00e9alis\u00e9 pour les 10 ans du JPV\u00a0 par la talentueuse Mysaaka Illustration \u00a0 \u00a0 \u00a0 \u00a0 \"Heureux qui, comme le Pigeon Voyageur, a fait un beau v"},"footnotes":""},"categories":[11,14],"tags":[163],"class_list":["post-43586","post","type-post","status-publish","format-standard","has-post-thumbnail","hentry","category-a-propos-du-jpv","category-interviews-vie-du-blog-concours","tag-anniversaire-jpv"],"_links":{"self":[{"href":"https:\/\/www.journaldunpigeonvoyageur.com\/blog\/wp-json\/wp\/v2\/posts\/43586","targetHints":{"allow":["GET"]}}],"collection":[{"href":"https:\/\/www.journaldunpigeonvoyageur.com\/blog\/wp-json\/wp\/v2\/posts"}],"about":[{"href":"https:\/\/www.journaldunpigeonvoyageur.com\/blog\/wp-json\/wp\/v2\/types\/post"}],"author":[{"embeddable":true,"href":"https:\/\/www.journaldunpigeonvoyageur.com\/blog\/wp-json\/wp\/v2\/users\/2"}],"replies":[{"embeddable":true,"href":"https:\/\/www.journaldunpigeonvoyageur.com\/blog\/wp-json\/wp\/v2\/comments?post=43586"}],"version-history":[{"count":33,"href":"https:\/\/www.journaldunpigeonvoyageur.com\/blog\/wp-json\/wp\/v2\/posts\/43586\/revisions"}],"predecessor-version":[{"id":43625,"href":"https:\/\/www.journaldunpigeonvoyageur.com\/blog\/wp-json\/wp\/v2\/posts\/43586\/revisions\/43625"}],"wp:featuredmedia":[{"embeddable":true,"href":"https:\/\/www.journaldunpigeonvoyageur.com\/blog\/wp-json\/wp\/v2\/media\/44771"}],"wp:attachment":[{"href":"https:\/\/www.journaldunpigeonvoyageur.com\/blog\/wp-json\/wp\/v2\/media?parent=43586"}],"wp:term":[{"taxonomy":"category","embeddable":true,"href":"https:\/\/www.journaldunpigeonvoyageur.com\/blog\/wp-json\/wp\/v2\/categories?post=43586"},{"taxonomy":"post_tag","embeddable":true,"href":"https:\/\/www.journaldunpigeonvoyageur.com\/blog\/wp-json\/wp\/v2\/tags?post=43586"}],"curies":[{"name":"wp","href":"https:\/\/api.w.org\/{rel}","templated":true}]}}