{"id":43281,"date":"2024-01-25T20:39:53","date_gmt":"2024-01-25T19:39:53","guid":{"rendered":"https:\/\/journaldunpigeonvoyageur.com\/blog\/?p=43281"},"modified":"2025-08-21T16:23:52","modified_gmt":"2025-08-21T15:23:52","slug":"sur-les-emouvantes-traces-de-serge-gainsbourg-rue-de-verneuil","status":"publish","type":"post","link":"https:\/\/www.journaldunpigeonvoyageur.com\/blog\/2024\/01\/25\/sur-les-emouvantes-traces-de-serge-gainsbourg-rue-de-verneuil\/","title":{"rendered":"SUR LES EMOUVANTES TRACES DE SERGE GAINSBOURG, RUE DE VERNEUIL"},"content":{"rendered":"<h1>\u00a0<\/h1>\n<p style=\"text-align: center;\"><img loading=\"lazy\" decoding=\"async\" class=\"aligncenter wp-image-43326 size-large\" src=\"https:\/\/www.journaldunpigeonvoyageur.com\/blog\/wp-content\/uploads\/2024\/01\/IMG_9301-min-768x1024.jpg\" alt=\"\" width=\"768\" height=\"1024\" srcset=\"https:\/\/www.journaldunpigeonvoyageur.com\/blog\/wp-content\/uploads\/2024\/01\/IMG_9301-min-768x1024.jpg 768w, https:\/\/www.journaldunpigeonvoyageur.com\/blog\/wp-content\/uploads\/2024\/01\/IMG_9301-min-225x300.jpg 225w, https:\/\/www.journaldunpigeonvoyageur.com\/blog\/wp-content\/uploads\/2024\/01\/IMG_9301-min-1152x1536.jpg 1152w, https:\/\/www.journaldunpigeonvoyageur.com\/blog\/wp-content\/uploads\/2024\/01\/IMG_9301-min.jpg 1512w\" sizes=\"auto, (max-width: 768px) 100vw, 768px\" \/><\/p>\n<p style=\"text-align: center;\"><em>fa\u00e7ade du 5 Bis rue de Verneuil, <\/em><\/p>\n<p style=\"text-align: center;\"><em>Demeure o\u00f9 Serge Gainsbourg v\u00e9cut de 1969 \u00e0 1991<\/em><\/p>\n<p style=\"text-align: center;\"><i>\u0153uvre<\/i><em> de street art de l&rsquo;artiste Sp.Ray\u00a0 repr\u00e9sentant le couple Serge Gainsbourg &amp; Jane Birkin<\/em><\/p>\n<div>\n<h1>\u00a0<\/h1>\n<h1 style=\"text-align: center;\"><span style=\"font-size: 12pt; color: #000000;\"><span style=\"font-family: verdana, geneva, sans-serif;\">Cette semaine, j&rsquo;ai enfin pu franchir le seuil de l\u2019embl\u00e9matique h\u00f4tel particulier parisien, aux murs de feutre noir, sis <\/span><span style=\"font-family: verdana, geneva, sans-serif;\">5 bis rue de Verneuil.<\/span><\/span><\/h1>\n<\/div>\n<div style=\"text-align: center;\">\u00a0<\/div>\n<div style=\"text-align: center;\">\n<h1><span style=\"font-family: verdana, geneva, sans-serif; font-size: 12pt; color: #000000;\">Pour d\u00e9couvrir l&rsquo;historique Maison Gainsbourg.<\/span><\/h1>\n<p>&nbsp;<\/p>\n<h1><img loading=\"lazy\" decoding=\"async\" class=\"aligncenter wp-image-43344 size-large\" src=\"https:\/\/www.journaldunpigeonvoyageur.com\/blog\/wp-content\/uploads\/2024\/01\/IMG_9398-min-768x1024.jpg\" alt=\"\" width=\"768\" height=\"1024\" srcset=\"https:\/\/www.journaldunpigeonvoyageur.com\/blog\/wp-content\/uploads\/2024\/01\/IMG_9398-min-768x1024.jpg 768w, https:\/\/www.journaldunpigeonvoyageur.com\/blog\/wp-content\/uploads\/2024\/01\/IMG_9398-min-225x300.jpg 225w, https:\/\/www.journaldunpigeonvoyageur.com\/blog\/wp-content\/uploads\/2024\/01\/IMG_9398-min-1152x1536.jpg 1152w, https:\/\/www.journaldunpigeonvoyageur.com\/blog\/wp-content\/uploads\/2024\/01\/IMG_9398-min.jpg 1512w\" sizes=\"auto, (max-width: 768px) 100vw, 768px\" \/><\/h1>\n<p>&nbsp;<\/p>\n<h1><img loading=\"lazy\" decoding=\"async\" class=\"aligncenter wp-image-43325 size-large\" src=\"https:\/\/www.journaldunpigeonvoyageur.com\/blog\/wp-content\/uploads\/2024\/01\/IMG_9300-min-768x1024.jpg\" alt=\"\" width=\"768\" height=\"1024\" srcset=\"https:\/\/www.journaldunpigeonvoyageur.com\/blog\/wp-content\/uploads\/2024\/01\/IMG_9300-min-768x1024.jpg 768w, https:\/\/www.journaldunpigeonvoyageur.com\/blog\/wp-content\/uploads\/2024\/01\/IMG_9300-min-225x300.jpg 225w, https:\/\/www.journaldunpigeonvoyageur.com\/blog\/wp-content\/uploads\/2024\/01\/IMG_9300-min-1152x1536.jpg 1152w, https:\/\/www.journaldunpigeonvoyageur.com\/blog\/wp-content\/uploads\/2024\/01\/IMG_9300-min.jpg 1512w\" sizes=\"auto, (max-width: 768px) 100vw, 768px\" \/><\/h1>\n<p><em>Jane Birkin,\u00a0<\/em><em>\u0153uvre de street art\u00a0<\/em><\/p>\n<p><em> Fa\u00e7ade du 5 bis rue de Verneuil o\u00f9 elle v\u00e9cut avec Serge Gainsbourg jusqu&rsquo;en 1980<\/em><\/p>\n<h1>\u00a0<\/h1>\n<h1><span style=\"font-family: verdana, geneva, sans-serif; font-size: 12pt; color: #000000;\">Antre o\u00f9, durant 22 ans, v\u00e9cut jusqu&rsquo;\u00e0 sa mort, le 2 mars 91, \u00ab\u00a0l\u2019Homme \u00e0 t\u00eate de Chou\u00a0\u00bb.<\/span><\/h1>\n<\/div>\n<div style=\"text-align: center;\">\u00a0<\/div>\n<div style=\"text-align: center;\">\n<h1><span style=\"font-family: verdana, geneva, sans-serif; font-size: 12pt; color: #000000;\">Guid\u00e9e, au moyen d&rsquo;un casque audio g\u00e9olocalis\u00e9, par l\u2019\u00e9mouvante voix de sa fille Charlotte :<\/span><\/h1>\n<h1>\u00a0<\/h1>\n<h1><span style=\"font-family: verdana, geneva, sans-serif; font-size: 12pt; color: #000000;\">Plongeant le visiteur, avec autant de g\u00e9n\u00e9rosit\u00e9 que de sinc\u00e9rit\u00e9,\u00a0 dans ses souvenirs d&rsquo;enfance,<\/span><\/h1>\n<h1><span style=\"font-family: verdana, geneva, sans-serif; font-size: 12pt; color: #000000;\">A travers moultes anecdotes de leur quotidien, fussent elles dr\u00f4les, douloureuses ou plus inattendues, \u00e9l\u00e9gamment livr\u00e9es avec pudeur,<\/span><\/h1>\n<p>&nbsp;<\/p>\n<\/div>\n<div style=\"text-align: center;\">\n<h1><span style=\"font-family: verdana, geneva, sans-serif; font-size: 12pt; color: #000000;\">Qui, ce faisant, invitent \u00e0 s\u2019immerger au fil des diff\u00e9rentes pi\u00e8ces travers\u00e9es,\u00a0 parfaitement conserv\u00e9es en l\u2019\u00e9tat par Charlotte Gainsbourg depuis la disparition de ce dernier, dans l\u2019intimit\u00e9, l\u2019univers outre l\u2019\u0153uvre artistique de, son d\u00e9funt p\u00e8re,\u00a0 l&rsquo;inoubliable Serge Gainsbourg.<\/span><\/h1>\n<p>&nbsp;<\/p>\n<\/div>\n<div style=\"text-align: center;\">\n<h1><span style=\"font-size: 12pt; color: #000000;\"><span style=\"font-family: verdana, geneva, sans-serif;\">Au c\u0153ur m\u00eame de cette adresse , transform\u00e9e en un mus\u00e9e inaugur\u00e9 il y&rsquo; a tout juste 4 mois<\/span><span style=\"font-family: verdana, geneva, sans-serif;\">, o\u00f9 il v\u00e9cut entour\u00e9 des siens , avec la famille qu&rsquo;il forma tout d&rsquo;abord avec Jane Birkin puis Bambou, avant d\u2019y terminer ses jours seul .<\/span><\/span><\/h1>\n<h1><span style=\"font-family: verdana, geneva, sans-serif; font-size: 12pt; color: #000000;\"> Mais l\u00e0 o\u00f9 il trouva aussi l&rsquo;inspiration pour composer ses \u0153uvres.<\/span><\/h1>\n<\/div>\n<div style=\"text-align: center;\">\n<h1>\u00a0<\/h1>\n<\/div>\n<div style=\"text-align: center;\">\n<h1><span style=\"font-family: verdana, geneva, sans-serif; font-size: 12pt; color: #000000;\">Ainsi, portraits de l&rsquo;artiste, de ses compagnes (Jane Birkin, Bambou ou encore Brigitte Bardot), de ses enfants ou encore de l&rsquo;actrice am\u00e9ricaine Marylin Monroe ;<\/span><\/h1>\n<\/div>\n<div style=\"text-align: center;\">\n<h1>\u00a0<\/h1>\n<\/div>\n<div style=\"text-align: center;\">\n<h1><span style=\"font-family: verdana, geneva, sans-serif; font-size: 12pt; color: #000000;\">Multitude d\u2019objets rapport\u00e9s de\u00a0 ses voyages ou chin\u00e9s aupr\u00e8s d&rsquo;antiquaires;<\/span><\/h1>\n<p>&nbsp;<\/p>\n<h1><span style=\"font-family: verdana, geneva, sans-serif; font-size: 12pt; color: #000000;\">Livres \u00e0 foison (parmi lesquels figurent, notamment, ceux de l&rsquo;\u00e9crivain Boris Vian, ceux ayant trait aux peintres, hollandais,\u00a0 J\u00e9r\u00f4me Bosch ou, espagnol, Franciso Goya ainsi que des ouvrages de la Pl\u00e9iade outre des manuels de m\u00e9decine) ;<\/span><\/h1>\n<p>&nbsp;<\/p>\n<h1><span style=\"font-family: verdana, geneva, sans-serif; font-size: 12pt; color: #000000;\">Piano \u00e0 queue Steinway, qu&rsquo;il \u00e9tait le seul \u00e0 utiliser et sur lequel il donnait naissance \u00e0 ses m\u00e9lodies;<\/span><\/h1>\n<h1>\u00a0<\/h1>\n<h1><span style=\"font-family: verdana, geneva, sans-serif; font-size: 12pt; color: #000000;\">Machine \u00e0 \u00e9crire ;<\/span><\/h1>\n<h1>\u00a0<\/h1>\n<h1><span style=\"font-family: verdana, geneva, sans-serif; font-size: 12pt; color: #000000;\"> Pr\u00e9cieuse mallette, entre autre remplie de billets de 500 Francs, dont il ne se s\u00e9parait jamais ;\u00a0<\/span><\/h1>\n<h1>\u00a0<\/h1>\n<h1><span style=\"font-family: verdana, geneva, sans-serif; font-size: 12pt; color: #000000;\">Photographies de la marionnette r\u00e9alis\u00e9e \u00e0 son effigie par les Guignols de l&rsquo;Info ; <\/span><\/h1>\n<h1>\u00a0<\/h1>\n<h1><span style=\"font-family: verdana, geneva, sans-serif; font-size: 12pt; color: #000000;\">Figurines repr\u00e9sentant des singes ;\u00a0<\/span><\/h1>\n<h1>\u00a0<\/h1>\n<h1><span style=\"font-family: verdana, geneva, sans-serif; font-size: 12pt; color: #000000;\">Mobilier \u00e9clectique associant pi\u00e8ces vintage et\u00a0 d&rsquo;autres plus modernes; <\/span><\/h1>\n<h1>\u00a0<\/h1>\n<h1><span style=\"font-family: verdana, geneva, sans-serif; font-size: 12pt; color: #000000;\"> Dressing minimaliste se r\u00e9sumant \u00e0 une paire de Repetto blanche,\u00a0 port\u00e9e sans chaussettes quelque soit les saisons, une ou deux chemises, des vestes \u00e0 rayures ainsi que deux jeans identiques;\u00a0<\/span><\/h1>\n<h1>\u00a0<\/h1>\n<h1><span style=\"font-family: verdana, geneva, sans-serif; font-size: 12pt; color: #000000;\">Articles de presse lui \u00e9tant consacr\u00e9s ;<\/span><\/h1>\n<h1>\u00a0<\/h1>\n<h1><span style=\"font-family: verdana, geneva, sans-serif; font-size: 12pt; color: #000000;\"> Insignes de police, offerts par des agents, qu\u2019il collectionnait;<\/span><\/h1>\n<h1>\u00a0<\/h1>\n<h1><span style=\"font-family: verdana, geneva, sans-serif; font-size: 12pt; color: #000000;\">Chambre des Poup\u00e9es , v\u00e9ritable sanctuaire de Jane Birkin lorsqu&rsquo;elle habitait encore rue de Verneuil;<\/span><\/h1>\n<h1>\u00a0<\/h1>\n<h1><span style=\"font-family: verdana, geneva, sans-serif; font-size: 12pt; color: #000000;\">Exceptionnelles bouteilles de vin , dat\u00e9es de son ann\u00e9e de naissance ( 1928), rang\u00e9es sur une \u00e9tag\u00e8re de la cuisine ; <\/span><\/h1>\n<h1>\u00a0<\/h1>\n<h1><span style=\"font-family: verdana, geneva, sans-serif; font-size: 12pt; color: #000000;\">Innombrables flacons de parfum;<\/span><\/h1>\n<h1>\u00a0<\/h1>\n<h1><span style=\"font-family: verdana, geneva, sans-serif; font-size: 12pt; color: #000000;\">Imposant lustre habillant la salle de bain ;<\/span><\/h1>\n<h1>\u00a0<\/h1>\n<h1><span style=\"font-family: verdana, geneva, sans-serif; font-size: 12pt; color: #000000;\">Pochettes de disques ;<\/span><\/h1>\n<h1>\u00a0<\/h1>\n<h1><span style=\"font-family: verdana, geneva, sans-serif; font-size: 12pt; color: #000000;\">Paquets de gitane et m\u00e9gots oubli\u00e9s \u00e7a et l\u00e0<\/span><\/h1>\n<h1>\u00a0<\/h1>\n<h1><span style=\"font-family: verdana, geneva, sans-serif; font-size: 12pt; color: #000000;\">Et bien \u00e9videmment sa chambre, \u00e9galement par\u00e9e de noir, \u00e0 coucher, jadis lieu de s\u00e9ances cin\u00e9matographiques partag\u00e9es en famille, cocon qui vit sa relation avec Jane Birkin s\u2019\u00e9panouir et tragique th\u00e9\u00e2tre de son d\u00e9c\u00e8s :<\/span><\/h1>\n<h1>\u00a0<\/h1>\n<h1><span style=\"font-family: verdana, geneva, sans-serif; font-size: 12pt; color: #000000;\">Permettent donc, chacun \u00e0 leur mani\u00e8re et dans cet int\u00e9rieur aux faux airs de capharna\u00fcm , d&rsquo;un peu mieux saisir la personnalit\u00e9 complexe de Serge Gainsbourg.<\/span><\/h1>\n<h1>\u00a0<\/h1>\n<h1><span style=\"font-family: verdana, geneva, sans-serif; font-size: 12pt; color: #000000;\">Bien au-del\u00e0 de l&rsquo;homme public.<\/span><\/h1>\n<\/div>\n<div style=\"text-align: center;\">\n<h1>\u00a0<\/h1>\n<\/div>\n<div style=\"text-align: center;\">\n<h1><span style=\"font-family: verdana, geneva, sans-serif; font-size: 12pt; color: #000000;\">Homme aux 1001 visages que l\u2019on s\u2019attend presque, tout au long de la visite, \u00e0 voir surgir derri\u00e8re soi tant sa demeure du 5 Bis rue de Verneuil, o\u00f9 il est cependant interdit de prendre des photos, semble s\u2019\u00eatre, depuis pr\u00e8s de 33 ans, fig\u00e9e dans le temps. <\/span><\/h1>\n<h1>\u00a0<\/h1>\n<h1><span style=\"font-family: verdana, geneva, sans-serif; font-size: 12pt; color: #000000;\">Offrant, par cons\u00e9quent, aux visiteurs une fascinante \u00e9chapp\u00e9e dans les ann\u00e9es 70, 80 et 90.<\/span><\/h1>\n<h1>\u00a0<\/h1>\n<h1><span style=\"font-family: verdana, geneva, sans-serif; font-size: 12pt; color: #000000;\"> Magique !\u00a0<\/span><\/h1>\n<\/div>\n<div style=\"text-align: center;\">\n<h1>\u00a0<\/h1>\n<\/div>\n<div style=\"text-align: center;\">\n<h1><span style=\"font-family: verdana, geneva, sans-serif; font-size: 12pt; color: #000000;\">Puis, \u00e0 l\u2019issue , de cette in\u00e9dite visite \u00a0multisensorielle, j&rsquo;ai pu prolonger l\u2019exp\u00e9rience en poussant les portes du tr\u00e8s riche mus\u00e9e \u00e9ponyme<\/span><\/h1>\n<p>&nbsp;<\/p>\n<p><em>Entr\u00e9e du Mus\u00e9e Gainsbourg, 16 rue de Verneuil<\/em><\/p>\n<h1><img loading=\"lazy\" decoding=\"async\" class=\"aligncenter wp-image-43324 size-large\" src=\"https:\/\/www.journaldunpigeonvoyageur.com\/blog\/wp-content\/uploads\/2024\/01\/IMG_9298-min-768x1024.jpg\" alt=\"\" width=\"768\" height=\"1024\" srcset=\"https:\/\/www.journaldunpigeonvoyageur.com\/blog\/wp-content\/uploads\/2024\/01\/IMG_9298-min-768x1024.jpg 768w, https:\/\/www.journaldunpigeonvoyageur.com\/blog\/wp-content\/uploads\/2024\/01\/IMG_9298-min-225x300.jpg 225w, https:\/\/www.journaldunpigeonvoyageur.com\/blog\/wp-content\/uploads\/2024\/01\/IMG_9298-min-1152x1536.jpg 1152w, https:\/\/www.journaldunpigeonvoyageur.com\/blog\/wp-content\/uploads\/2024\/01\/IMG_9298-min.jpg 1512w\" sizes=\"auto, (max-width: 768px) 100vw, 768px\" \/><\/h1>\n<p><img loading=\"lazy\" decoding=\"async\" class=\"aligncenter wp-image-43343 size-large\" src=\"https:\/\/www.journaldunpigeonvoyageur.com\/blog\/wp-content\/uploads\/2024\/01\/IMG_9394-min-768x1024.jpg\" alt=\"\" width=\"768\" height=\"1024\" srcset=\"https:\/\/www.journaldunpigeonvoyageur.com\/blog\/wp-content\/uploads\/2024\/01\/IMG_9394-min-768x1024.jpg 768w, https:\/\/www.journaldunpigeonvoyageur.com\/blog\/wp-content\/uploads\/2024\/01\/IMG_9394-min-225x300.jpg 225w, https:\/\/www.journaldunpigeonvoyageur.com\/blog\/wp-content\/uploads\/2024\/01\/IMG_9394-min-1152x1536.jpg 1152w, https:\/\/www.journaldunpigeonvoyageur.com\/blog\/wp-content\/uploads\/2024\/01\/IMG_9394-min.jpg 1512w\" sizes=\"auto, (max-width: 768px) 100vw, 768px\" \/><\/p>\n<h1>\u00a0<\/h1>\n<h1><span style=\"font-family: verdana, geneva, sans-serif; font-size: 12pt; color: #000000;\">ayant,\u00a0 aux c\u00f4t\u00e9s d&rsquo;une librairie-boutique &amp; d&rsquo;un caf\u00e9 piano-bar,<\/span><\/h1>\n<p>&nbsp;<\/p>\n<p><em>Gainsbarre, cafe &amp; piano-bar situ\u00e9 \u00e0 l&rsquo;int\u00e9rieur du Mus\u00e9e Gainsbourg<\/em><\/p>\n<h1><img loading=\"lazy\" decoding=\"async\" class=\"aligncenter wp-image-43341 size-large\" src=\"https:\/\/www.journaldunpigeonvoyageur.com\/blog\/wp-content\/uploads\/2024\/01\/IMG_9391-min-768x1024.jpg\" alt=\"\" width=\"768\" height=\"1024\" srcset=\"https:\/\/www.journaldunpigeonvoyageur.com\/blog\/wp-content\/uploads\/2024\/01\/IMG_9391-min-768x1024.jpg 768w, https:\/\/www.journaldunpigeonvoyageur.com\/blog\/wp-content\/uploads\/2024\/01\/IMG_9391-min-225x300.jpg 225w, https:\/\/www.journaldunpigeonvoyageur.com\/blog\/wp-content\/uploads\/2024\/01\/IMG_9391-min-1152x1536.jpg 1152w, https:\/\/www.journaldunpigeonvoyageur.com\/blog\/wp-content\/uploads\/2024\/01\/IMG_9391-min.jpg 1512w\" sizes=\"auto, (max-width: 768px) 100vw, 768px\" \/><\/h1>\n<p><img loading=\"lazy\" decoding=\"async\" class=\"aligncenter wp-image-43340 size-large\" src=\"https:\/\/www.journaldunpigeonvoyageur.com\/blog\/wp-content\/uploads\/2024\/01\/IMG_9390-min-768x1024.jpg\" alt=\"\" width=\"768\" height=\"1024\" srcset=\"https:\/\/www.journaldunpigeonvoyageur.com\/blog\/wp-content\/uploads\/2024\/01\/IMG_9390-min-768x1024.jpg 768w, https:\/\/www.journaldunpigeonvoyageur.com\/blog\/wp-content\/uploads\/2024\/01\/IMG_9390-min-225x300.jpg 225w, https:\/\/www.journaldunpigeonvoyageur.com\/blog\/wp-content\/uploads\/2024\/01\/IMG_9390-min-1152x1536.jpg 1152w, https:\/\/www.journaldunpigeonvoyageur.com\/blog\/wp-content\/uploads\/2024\/01\/IMG_9390-min.jpg 1512w\" sizes=\"auto, (max-width: 768px) 100vw, 768px\" \/><\/p>\n<p><img loading=\"lazy\" decoding=\"async\" class=\"aligncenter wp-image-43342 size-large\" src=\"https:\/\/www.journaldunpigeonvoyageur.com\/blog\/wp-content\/uploads\/2024\/01\/IMG_9393-min-768x1024.jpg\" alt=\"\" width=\"768\" height=\"1024\" srcset=\"https:\/\/www.journaldunpigeonvoyageur.com\/blog\/wp-content\/uploads\/2024\/01\/IMG_9393-min-768x1024.jpg 768w, https:\/\/www.journaldunpigeonvoyageur.com\/blog\/wp-content\/uploads\/2024\/01\/IMG_9393-min-225x300.jpg 225w, https:\/\/www.journaldunpigeonvoyageur.com\/blog\/wp-content\/uploads\/2024\/01\/IMG_9393-min-1152x1536.jpg 1152w, https:\/\/www.journaldunpigeonvoyageur.com\/blog\/wp-content\/uploads\/2024\/01\/IMG_9393-min.jpg 1512w\" sizes=\"auto, (max-width: 768px) 100vw, 768px\" \/><\/p>\n<h1><span style=\"font-family: verdana, geneva, sans-serif; font-size: 12pt; color: #000000;\"> investi le n\u00b016 de la m\u00eame rue.<\/span><\/h1>\n<\/div>\n<div style=\"text-align: center;\">\u00a0<\/div>\n<div style=\"text-align: center;\">\n<h1><span style=\"font-family: verdana, geneva, sans-serif; font-size: 12pt; color: #000000;\">En ses murs, interviews, partitions,<\/span><\/h1>\n<p>&nbsp;<\/p>\n<h1><img loading=\"lazy\" decoding=\"async\" class=\"aligncenter wp-image-43329 size-large\" src=\"https:\/\/www.journaldunpigeonvoyageur.com\/blog\/wp-content\/uploads\/2024\/01\/IMG_9319-min-768x1024.jpg\" alt=\"\" width=\"768\" height=\"1024\" srcset=\"https:\/\/www.journaldunpigeonvoyageur.com\/blog\/wp-content\/uploads\/2024\/01\/IMG_9319-min-768x1024.jpg 768w, https:\/\/www.journaldunpigeonvoyageur.com\/blog\/wp-content\/uploads\/2024\/01\/IMG_9319-min-225x300.jpg 225w, https:\/\/www.journaldunpigeonvoyageur.com\/blog\/wp-content\/uploads\/2024\/01\/IMG_9319-min-1152x1536.jpg 1152w, https:\/\/www.journaldunpigeonvoyageur.com\/blog\/wp-content\/uploads\/2024\/01\/IMG_9319-min.jpg 1512w\" sizes=\"auto, (max-width: 768px) 100vw, 768px\" \/><\/h1>\n<h1>\u00a0<\/h1>\n<h1><span style=\"font-family: verdana, geneva, sans-serif; font-size: 12pt; color: #000000;\">notes manuscrites, pochettes d\u2019albums,<\/span><\/h1>\n<p>&nbsp;<\/p>\n<h1><img loading=\"lazy\" decoding=\"async\" class=\"aligncenter wp-image-43334 size-large\" src=\"https:\/\/www.journaldunpigeonvoyageur.com\/blog\/wp-content\/uploads\/2024\/01\/IMG_9354-min-768x1024.jpg\" alt=\"\" width=\"768\" height=\"1024\" srcset=\"https:\/\/www.journaldunpigeonvoyageur.com\/blog\/wp-content\/uploads\/2024\/01\/IMG_9354-min-768x1024.jpg 768w, https:\/\/www.journaldunpigeonvoyageur.com\/blog\/wp-content\/uploads\/2024\/01\/IMG_9354-min-225x300.jpg 225w, https:\/\/www.journaldunpigeonvoyageur.com\/blog\/wp-content\/uploads\/2024\/01\/IMG_9354-min-1152x1536.jpg 1152w, https:\/\/www.journaldunpigeonvoyageur.com\/blog\/wp-content\/uploads\/2024\/01\/IMG_9354-min.jpg 1512w\" sizes=\"auto, (max-width: 768px) 100vw, 768px\" \/><\/h1>\n<p><img loading=\"lazy\" decoding=\"async\" class=\"aligncenter wp-image-43330 size-large\" src=\"https:\/\/www.journaldunpigeonvoyageur.com\/blog\/wp-content\/uploads\/2024\/01\/IMG_9323-min-768x1024.jpg\" alt=\"\" width=\"768\" height=\"1024\" srcset=\"https:\/\/www.journaldunpigeonvoyageur.com\/blog\/wp-content\/uploads\/2024\/01\/IMG_9323-min-768x1024.jpg 768w, https:\/\/www.journaldunpigeonvoyageur.com\/blog\/wp-content\/uploads\/2024\/01\/IMG_9323-min-225x300.jpg 225w, https:\/\/www.journaldunpigeonvoyageur.com\/blog\/wp-content\/uploads\/2024\/01\/IMG_9323-min-1152x1536.jpg 1152w, https:\/\/www.journaldunpigeonvoyageur.com\/blog\/wp-content\/uploads\/2024\/01\/IMG_9323-min.jpg 1512w\" sizes=\"auto, (max-width: 768px) 100vw, 768px\" \/><\/p>\n<p><img loading=\"lazy\" decoding=\"async\" class=\"aligncenter wp-image-43333 size-large\" src=\"https:\/\/www.journaldunpigeonvoyageur.com\/blog\/wp-content\/uploads\/2024\/01\/IMG_9347-min-768x1024.jpg\" alt=\"\" width=\"768\" height=\"1024\" srcset=\"https:\/\/www.journaldunpigeonvoyageur.com\/blog\/wp-content\/uploads\/2024\/01\/IMG_9347-min-768x1024.jpg 768w, https:\/\/www.journaldunpigeonvoyageur.com\/blog\/wp-content\/uploads\/2024\/01\/IMG_9347-min-225x300.jpg 225w, https:\/\/www.journaldunpigeonvoyageur.com\/blog\/wp-content\/uploads\/2024\/01\/IMG_9347-min-1152x1536.jpg 1152w, https:\/\/www.journaldunpigeonvoyageur.com\/blog\/wp-content\/uploads\/2024\/01\/IMG_9347-min.jpg 1512w\" sizes=\"auto, (max-width: 768px) 100vw, 768px\" \/><\/p>\n<h1>\u00a0<\/h1>\n<h1><span style=\"font-family: verdana, geneva, sans-serif; font-size: 12pt; color: #000000;\">affiches, bande-sons , extraits d\u2019agenda,<\/span><\/h1>\n<p>&nbsp;<\/p>\n<h1><img loading=\"lazy\" decoding=\"async\" class=\"aligncenter wp-image-43331 size-large\" src=\"https:\/\/www.journaldunpigeonvoyageur.com\/blog\/wp-content\/uploads\/2024\/01\/IMG_9335-min-852x1024.jpg\" alt=\"\" width=\"852\" height=\"1024\" srcset=\"https:\/\/www.journaldunpigeonvoyageur.com\/blog\/wp-content\/uploads\/2024\/01\/IMG_9335-min-852x1024.jpg 852w, https:\/\/www.journaldunpigeonvoyageur.com\/blog\/wp-content\/uploads\/2024\/01\/IMG_9335-min-250x300.jpg 250w, https:\/\/www.journaldunpigeonvoyageur.com\/blog\/wp-content\/uploads\/2024\/01\/IMG_9335-min-768x923.jpg 768w, https:\/\/www.journaldunpigeonvoyageur.com\/blog\/wp-content\/uploads\/2024\/01\/IMG_9335-min-1279x1536.jpg 1279w, https:\/\/www.journaldunpigeonvoyageur.com\/blog\/wp-content\/uploads\/2024\/01\/IMG_9335-min.jpg 1510w\" sizes=\"auto, (max-width: 852px) 100vw, 852px\" \/><\/h1>\n<p><em>Agenda de Serge Gainsbourg, Page du 9\/1\/65 <\/em><\/p>\n<p><em>Serge Gainsbourg note la s\u00e9ance d&rsquo;enregistrement de France Gall pour \u00ab\u00a0Poup\u00e9e de Cire, poup\u00e9e de son\u00a0\u00bb au studio DMS avec le producteur Denis Bourgeois<\/em><\/p>\n<p>&nbsp;<\/p>\n<h1>\u00a0<\/h1>\n<h1><span style=\"font-family: verdana, geneva, sans-serif; font-size: 12pt; color: #000000;\">clich\u00e9s de famille,<\/span><\/h1>\n<p>&nbsp;<\/p>\n<h1><img loading=\"lazy\" decoding=\"async\" class=\"aligncenter wp-image-43335 size-large\" src=\"https:\/\/www.journaldunpigeonvoyageur.com\/blog\/wp-content\/uploads\/2024\/01\/IMG_9358-min-768x1024.jpg\" alt=\"\" width=\"768\" height=\"1024\" srcset=\"https:\/\/www.journaldunpigeonvoyageur.com\/blog\/wp-content\/uploads\/2024\/01\/IMG_9358-min-768x1024.jpg 768w, https:\/\/www.journaldunpigeonvoyageur.com\/blog\/wp-content\/uploads\/2024\/01\/IMG_9358-min-225x300.jpg 225w, https:\/\/www.journaldunpigeonvoyageur.com\/blog\/wp-content\/uploads\/2024\/01\/IMG_9358-min-1152x1536.jpg 1152w, https:\/\/www.journaldunpigeonvoyageur.com\/blog\/wp-content\/uploads\/2024\/01\/IMG_9358-min.jpg 1512w\" sizes=\"auto, (max-width: 768px) 100vw, 768px\" \/><\/h1>\n<h1>\u00a0<\/h1>\n<h1><span style=\"font-family: verdana, geneva, sans-serif; font-size: 12pt; color: #000000;\">lettres ,<\/span><\/h1>\n<p>&nbsp;<\/p>\n<h1><img loading=\"lazy\" decoding=\"async\" class=\"aligncenter wp-image-43332 size-large\" src=\"https:\/\/www.journaldunpigeonvoyageur.com\/blog\/wp-content\/uploads\/2024\/01\/IMG_9343-min-768x1024.jpg\" alt=\"\" width=\"768\" height=\"1024\" srcset=\"https:\/\/www.journaldunpigeonvoyageur.com\/blog\/wp-content\/uploads\/2024\/01\/IMG_9343-min-768x1024.jpg 768w, https:\/\/www.journaldunpigeonvoyageur.com\/blog\/wp-content\/uploads\/2024\/01\/IMG_9343-min-225x300.jpg 225w, https:\/\/www.journaldunpigeonvoyageur.com\/blog\/wp-content\/uploads\/2024\/01\/IMG_9343-min-1152x1536.jpg 1152w, https:\/\/www.journaldunpigeonvoyageur.com\/blog\/wp-content\/uploads\/2024\/01\/IMG_9343-min.jpg 1512w\" sizes=\"auto, (max-width: 768px) 100vw, 768px\" \/><\/h1>\n<p><em>Lettre de Brigitte Bardot , adress\u00e9e le 21 d\u00e9cembre 1967 au directeur artistique Claude Dejacques chez \u00e0 Philips,<\/em><\/p>\n<p><em> dans laquelle elle s&rsquo;oppose \u00e0 la sortie de la chanson \u00ab\u00a0Je t&rsquo;aime moi non plus\u00a0\u00bb<\/em><\/p>\n<h1>\u00a0<\/h1>\n<h1><span style=\"font-family: verdana, geneva, sans-serif; font-size: 12pt; color: #000000;\">portraits,\u00a0 <\/span><\/h1>\n<h1><img loading=\"lazy\" decoding=\"async\" class=\"aligncenter wp-image-43336 size-large\" src=\"https:\/\/www.journaldunpigeonvoyageur.com\/blog\/wp-content\/uploads\/2024\/01\/IMG_9369-min-768x1024.jpg\" alt=\"\" width=\"768\" height=\"1024\" srcset=\"https:\/\/www.journaldunpigeonvoyageur.com\/blog\/wp-content\/uploads\/2024\/01\/IMG_9369-min-768x1024.jpg 768w, https:\/\/www.journaldunpigeonvoyageur.com\/blog\/wp-content\/uploads\/2024\/01\/IMG_9369-min-225x300.jpg 225w, https:\/\/www.journaldunpigeonvoyageur.com\/blog\/wp-content\/uploads\/2024\/01\/IMG_9369-min-1152x1536.jpg 1152w, https:\/\/www.journaldunpigeonvoyageur.com\/blog\/wp-content\/uploads\/2024\/01\/IMG_9369-min.jpg 1512w\" sizes=\"auto, (max-width: 768px) 100vw, 768px\" \/><\/h1>\n<p><em>portrait de Bambou, dessin \u00e0 l&rsquo;encre\u00a0<\/em><\/p>\n<h1>\u00a0<\/h1>\n<h1><span style=\"font-family: verdana, geneva, sans-serif; font-size: 12pt; color: #000000;\">troph\u00e9es, bulletins de d\u00e9claration \u00e0 la SACEM, disques, ouvrages issus de sa biblioth\u00e8que personnelle, peintures, vid\u00e9os, sculpture,<\/span><\/h1>\n<p>&nbsp;<\/p>\n<h1><img loading=\"lazy\" decoding=\"async\" class=\"aligncenter wp-image-43337 size-large\" src=\"https:\/\/www.journaldunpigeonvoyageur.com\/blog\/wp-content\/uploads\/2024\/01\/IMG_9370-min-768x1024.jpg\" alt=\"\" width=\"768\" height=\"1024\" srcset=\"https:\/\/www.journaldunpigeonvoyageur.com\/blog\/wp-content\/uploads\/2024\/01\/IMG_9370-min-768x1024.jpg 768w, https:\/\/www.journaldunpigeonvoyageur.com\/blog\/wp-content\/uploads\/2024\/01\/IMG_9370-min-225x300.jpg 225w, https:\/\/www.journaldunpigeonvoyageur.com\/blog\/wp-content\/uploads\/2024\/01\/IMG_9370-min-1152x1536.jpg 1152w, https:\/\/www.journaldunpigeonvoyageur.com\/blog\/wp-content\/uploads\/2024\/01\/IMG_9370-min.jpg 1512w\" sizes=\"auto, (max-width: 768px) 100vw, 768px\" \/><\/h1>\n<p><em>Sculpture de Claude Lalanne <\/em><\/p>\n<p><em>Rebaptis\u00e9e \u00ab\u00a0L&rsquo;Homme \u00e0 t\u00eate de chou\u00a0\u00bb par Serge Gainsbourg lorsqu&rsquo;il l&rsquo;a achet\u00e9e \u00e0 la Galerie Paul Facchetti en 1974<\/em><\/p>\n<h1>\u00a0<\/h1>\n<h1><span style=\"font-family: verdana, geneva, sans-serif; font-size: 12pt; color: #000000;\">dessins, <\/span><span style=\"font-family: verdana, geneva, sans-serif; font-size: 12pt; color: #000000;\">marionnette , <\/span><span style=\"font-family: verdana, geneva, sans-serif; font-size: 12pt; color: #000000;\">coupures de presse, v\u00eatements et objets lui ayant appartenus, composant la collection permanente et l&rsquo;exposition temporaire actuellement en cours,<\/span><\/h1>\n<p>&nbsp;<\/p>\n<h1><img loading=\"lazy\" decoding=\"async\" class=\"aligncenter wp-image-43338 size-large\" src=\"https:\/\/www.journaldunpigeonvoyageur.com\/blog\/wp-content\/uploads\/2024\/01\/IMG_9375-min-768x1024.jpg\" alt=\"\" width=\"768\" height=\"1024\" srcset=\"https:\/\/www.journaldunpigeonvoyageur.com\/blog\/wp-content\/uploads\/2024\/01\/IMG_9375-min-768x1024.jpg 768w, https:\/\/www.journaldunpigeonvoyageur.com\/blog\/wp-content\/uploads\/2024\/01\/IMG_9375-min-225x300.jpg 225w, https:\/\/www.journaldunpigeonvoyageur.com\/blog\/wp-content\/uploads\/2024\/01\/IMG_9375-min-1152x1536.jpg 1152w, https:\/\/www.journaldunpigeonvoyageur.com\/blog\/wp-content\/uploads\/2024\/01\/IMG_9375-min.jpg 1512w\" sizes=\"auto, (max-width: 768px) 100vw, 768px\" \/><\/h1>\n<p><em>l\u00e9gendaire disque, v\u00e9ritable succ\u00e8s plan\u00e9taire malgr\u00e9 le scandale qu&rsquo;il provoqua et la censure, de Serge Gainsbourg &amp; Jane Birkin <\/em><\/p>\n<p><em>exposition temporaire actuellement en cours au Mus\u00e9e Gainsbourg<\/em><\/p>\n<h1>\u00a0<\/h1>\n<h1><span style=\"font-family: verdana, geneva, sans-serif; font-size: 12pt; color: #000000;\">racontent de mani\u00e8re chronologique la vie et la prolifique carri\u00e8re de Serge Gainsbourg.<\/span><\/h1>\n<p>&nbsp;<\/p>\n<h1><img loading=\"lazy\" decoding=\"async\" class=\"aligncenter wp-image-43328 size-large\" src=\"https:\/\/www.journaldunpigeonvoyageur.com\/blog\/wp-content\/uploads\/2024\/01\/IMG_9312-min-768x1024.jpg\" alt=\"\" width=\"768\" height=\"1024\" srcset=\"https:\/\/www.journaldunpigeonvoyageur.com\/blog\/wp-content\/uploads\/2024\/01\/IMG_9312-min-768x1024.jpg 768w, https:\/\/www.journaldunpigeonvoyageur.com\/blog\/wp-content\/uploads\/2024\/01\/IMG_9312-min-225x300.jpg 225w, https:\/\/www.journaldunpigeonvoyageur.com\/blog\/wp-content\/uploads\/2024\/01\/IMG_9312-min-1152x1536.jpg 1152w, https:\/\/www.journaldunpigeonvoyageur.com\/blog\/wp-content\/uploads\/2024\/01\/IMG_9312-min.jpg 1512w\" sizes=\"auto, (max-width: 768px) 100vw, 768px\" \/><\/h1>\n<h1><span style=\"font-family: verdana, geneva, sans-serif; font-size: 12pt; color: #000000;\"><br \/>\nCe provocateur auteur-compositeur, po\u00e8te amoureux des mots, chanteur, pianiste, photographe , peintre et metteur en sc\u00e8ne de g\u00e9nie qui, \u00e0 n&rsquo;en point douter,\u00a0 r\u00e9volutionna la sc\u00e8ne musicale fran\u00e7aise du XX \u00e8me si\u00e8cle.<\/span><\/h1>\n<p>&nbsp;<\/p>\n<\/div>\n<div style=\"text-align: center;\">\n<h1><img loading=\"lazy\" decoding=\"async\" class=\"aligncenter wp-image-43339 size-large\" src=\"https:\/\/www.journaldunpigeonvoyageur.com\/blog\/wp-content\/uploads\/2024\/01\/IMG_9377-min-768x1024.jpg\" alt=\"\" width=\"768\" height=\"1024\" srcset=\"https:\/\/www.journaldunpigeonvoyageur.com\/blog\/wp-content\/uploads\/2024\/01\/IMG_9377-min-768x1024.jpg 768w, https:\/\/www.journaldunpigeonvoyageur.com\/blog\/wp-content\/uploads\/2024\/01\/IMG_9377-min-225x300.jpg 225w, https:\/\/www.journaldunpigeonvoyageur.com\/blog\/wp-content\/uploads\/2024\/01\/IMG_9377-min-1152x1536.jpg 1152w, https:\/\/www.journaldunpigeonvoyageur.com\/blog\/wp-content\/uploads\/2024\/01\/IMG_9377-min.jpg 1512w\" sizes=\"auto, (max-width: 768px) 100vw, 768px\" \/><\/h1>\n<\/div>\n<div style=\"text-align: center;\">\n<h1><span style=\"font-family: verdana, geneva, sans-serif; font-size: 12pt; color: #000000;\">Inutile de vous dire que j\u2019ai, dans sa demeure comme dans le mus\u00e9e \u00e9ponyme lui rendant hommage rue de Verneuil, ador\u00e9 marcher sur les traces de Serge Gainsbourg.<\/span><\/h1>\n<h1>\u00a0<\/h1>\n<h1><span style=\"font-family: verdana, geneva, sans-serif; font-size: 12pt; color: #000000;\"> Un double parcours que je vous recommande donc d&#8217;emprunter d\u00e8s que vous le pourrez.<\/span><\/h1>\n<h1>\u00a0<\/h1>\n<h1><span style=\"font-size: 12pt; color: #000000;\"><span style=\"font-family: verdana, geneva, sans-serif;\">D\u00e8s que vous le pourrez car j&rsquo;ai ou\u00efe dire que les billets coupl\u00e9s \u00ab Maison &amp; Mus\u00e9e \u00bb, soit ceux donnant acc\u00e8s aux deux espaces que j&rsquo;ai visit\u00e9s, affichent malheureusement complets jusqu\u2019\u00e0 la fin du mois de <\/span><span style=\"font-family: verdana, geneva, sans-serif;\">mai 2024.\u00a0 (L&rsquo;inscription \u00e0 la newsletter du mus\u00e9e permet toutefois d&rsquo;\u00eatre avertis de la mise en vente des prochains billets \u00e0 ce titre).<\/span><\/span><\/h1>\n<p>&nbsp;<\/p>\n<h1><span style=\"font-family: verdana, geneva, sans-serif; font-size: 12pt; color: #000000;\">\u00a0Des billets estampill\u00e9s \u00ab Mus\u00e9e seul \u00bb restent, en revanche,\u00a0 toujours disponibles.<\/span><\/h1>\n<\/div>\n<div style=\"text-align: center;\">\n<h1>\u00a0<\/h1>\n<\/div>\n<div>\n<h1 style=\"text-align: center;\"><span style=\"font-family: verdana, geneva, sans-serif; font-size: 12pt; color: #000000;\">Et vous quel est votre titre pr\u00e9f\u00e9r\u00e9 de Serge Gainsbourg ?<\/span><\/h1>\n<\/div>\n","protected":false},"excerpt":{"rendered":"<p>\u00a0 fa\u00e7ade du 5 Bis rue de Verneuil, Demeure o\u00f9 Serge Gainsbourg v\u00e9cut de 1969 \u00e0 1991 \u0153uvre de street art de l&rsquo;artiste Sp.Ray\u00a0 repr\u00e9sentant le couple Serge Gainsbourg &amp; Jane Birkin \u00a0 Cette semaine, j&rsquo;ai enfin pu franchir le seuil de l\u2019embl\u00e9matique h\u00f4tel particulier&#8230;<\/p>\n","protected":false},"author":2,"featured_media":44763,"comment_status":"open","ping_status":"closed","sticky":false,"template":"","format":"standard","meta":{"slim_seo":{"title":"SUR LES EMOUVANTES TRACES DE SERGE GAINSBOURG, RUE DE VERNEUIL - Journal d&#039;un Pigeon Voyageur","description":"\u00a0 fa\u00e7ade du 5 Bis rue de Verneuil, Demeure o\u00f9 Serge Gainsbourg v\u00e9cut de 1969 \u00e0 1991 \u0153uvre de street art de l'artiste Sp.Ray\u00a0 repr\u00e9sentant le couple Serge Gainsb"},"footnotes":""},"categories":[3,15,109,6,107,1],"tags":[212,157],"class_list":["post-43281","post","type-post","status-publish","format-standard","has-post-thumbnail","hentry","category-europe","category-france","category-ile-de-france","category-musee","category-paris","category-tous","tag-musee","tag-paris"],"_links":{"self":[{"href":"https:\/\/www.journaldunpigeonvoyageur.com\/blog\/wp-json\/wp\/v2\/posts\/43281","targetHints":{"allow":["GET"]}}],"collection":[{"href":"https:\/\/www.journaldunpigeonvoyageur.com\/blog\/wp-json\/wp\/v2\/posts"}],"about":[{"href":"https:\/\/www.journaldunpigeonvoyageur.com\/blog\/wp-json\/wp\/v2\/types\/post"}],"author":[{"embeddable":true,"href":"https:\/\/www.journaldunpigeonvoyageur.com\/blog\/wp-json\/wp\/v2\/users\/2"}],"replies":[{"embeddable":true,"href":"https:\/\/www.journaldunpigeonvoyageur.com\/blog\/wp-json\/wp\/v2\/comments?post=43281"}],"version-history":[{"count":56,"href":"https:\/\/www.journaldunpigeonvoyageur.com\/blog\/wp-json\/wp\/v2\/posts\/43281\/revisions"}],"predecessor-version":[{"id":43359,"href":"https:\/\/www.journaldunpigeonvoyageur.com\/blog\/wp-json\/wp\/v2\/posts\/43281\/revisions\/43359"}],"wp:featuredmedia":[{"embeddable":true,"href":"https:\/\/www.journaldunpigeonvoyageur.com\/blog\/wp-json\/wp\/v2\/media\/44763"}],"wp:attachment":[{"href":"https:\/\/www.journaldunpigeonvoyageur.com\/blog\/wp-json\/wp\/v2\/media?parent=43281"}],"wp:term":[{"taxonomy":"category","embeddable":true,"href":"https:\/\/www.journaldunpigeonvoyageur.com\/blog\/wp-json\/wp\/v2\/categories?post=43281"},{"taxonomy":"post_tag","embeddable":true,"href":"https:\/\/www.journaldunpigeonvoyageur.com\/blog\/wp-json\/wp\/v2\/tags?post=43281"}],"curies":[{"name":"wp","href":"https:\/\/api.w.org\/{rel}","templated":true}]}}