{"id":42523,"date":"2023-07-05T10:33:31","date_gmt":"2023-07-05T09:33:31","guid":{"rendered":"https:\/\/journaldunpigeonvoyageur.com\/blog\/?p=42523"},"modified":"2025-09-04T16:27:41","modified_gmt":"2025-09-04T15:27:41","slug":"quality-over-quantity-or-not","status":"publish","type":"post","link":"https:\/\/www.journaldunpigeonvoyageur.com\/blog\/2023\/07\/05\/quality-over-quantity-or-not\/","title":{"rendered":"QUALITY OVER QUANTITY, OR NOT ?"},"content":{"rendered":"<ul>\n<li><a href=\"https:\/\/www.journaldunpigeonvoyageur.com\/blog\/wp-content\/uploads\/2023\/07\/image001.jpg\"><img loading=\"lazy\" decoding=\"async\" class=\"aligncenter wp-image-44798 size-full\" src=\"https:\/\/www.journaldunpigeonvoyageur.com\/blog\/wp-content\/uploads\/2023\/07\/image001.jpg\" alt=\"\" width=\"960\" height=\"959\" srcset=\"https:\/\/www.journaldunpigeonvoyageur.com\/blog\/wp-content\/uploads\/2023\/07\/image001.jpg 960w, https:\/\/www.journaldunpigeonvoyageur.com\/blog\/wp-content\/uploads\/2023\/07\/image001-300x300.jpg 300w, https:\/\/www.journaldunpigeonvoyageur.com\/blog\/wp-content\/uploads\/2023\/07\/image001-150x150.jpg 150w, https:\/\/www.journaldunpigeonvoyageur.com\/blog\/wp-content\/uploads\/2023\/07\/image001-768x767.jpg 768w, https:\/\/www.journaldunpigeonvoyageur.com\/blog\/wp-content\/uploads\/2023\/07\/image001-520x520.jpg 520w\" sizes=\"auto, (max-width: 960px) 100vw, 960px\" \/><\/a><\/li>\n<\/ul>\n<p style=\"text-align: center;\"><em>Derri\u00e8re le Journal d&rsquo;un Pigeon Voyageur se cache Ivy \ud83d\ude42<\/em><\/p>\n<p>&nbsp;<\/p>\n<div>\n<h1 style=\"text-align: center;\"><span style=\"font-size: 14pt; font-family: verdana, geneva, sans-serif;\">L\u2019adage selon lequel \u00ab Les ann\u00e9es se suivent mais ne se ressemblent (d\u00e9finitivement) pas \u00bb ne pouvait pas mieux correspondre \u00e0 l\u2019\u00e9volution du Journal d&rsquo;un Pigeon Voyageur.\u00a0<\/span><\/h1>\n<\/div>\n<div style=\"text-align: center;\">\n<h1><span style=\"font-size: 14pt; font-family: verdana, geneva, sans-serif;\">Car si l\u2019an dernier, \u00e0 l&rsquo;heure de souffler <a href=\"https:\/\/www.journaldunpigeonvoyageur.com\/blog\/2022\/07\/05\/et-si-c-etait-la-fin\/\">sa 8 -\u00e8me bougie<\/a>, je m&rsquo;interrogeais sur l\u2019avenir de ce blog<\/span><span style=\"font-size: 14pt; font-family: verdana, geneva, sans-serif;\">, <\/span><span style=\"font-size: 14pt; font-family: verdana, geneva, sans-serif;\">mes questionnements sont aujourd&rsquo;hui tout autre.<\/span><\/h1>\n<\/div>\n<div style=\"text-align: center;\">\n<h1><span style=\"font-size: 14pt; font-family: verdana, geneva, sans-serif;\">Et pourraient se r\u00e9sumer \u00e0 l\u2019interrogation, aux accents un brin philosophiques je vous le conc\u00e8de :<\/span><\/h1>\n<h1><span style=\"font-size: 14pt; font-family: verdana, geneva, sans-serif;\">\u00ab Quality over Quantity , or not ? \u00bb<\/span><\/h1>\n<p>&nbsp;<\/p>\n<\/div>\n<div style=\"text-align: center;\">\n<h1><span style=\"font-size: 14pt; font-family: verdana, geneva, sans-serif;\">Une question qui, en r\u00e9alit\u00e9 , pr\u00e9sidait d\u00e9j\u00e0 d\u00e8s son lancement, le 5 juillet 2014,\u00a0 \u00e0 la destin\u00e9e du Journal d&rsquo;un Pigeon Voyageur.<\/span><\/h1>\n<p>&nbsp;<\/p>\n<h1><span style=\"font-size: 14pt; font-family: verdana, geneva, sans-serif;\">Mais pour \u00eatre tout \u00e0 fait franche, ledit constat, fruit d&rsquo;une v\u00e9ritable prise de recul, je ne suis que maintenant en mesure de le dresser. <\/span><\/h1>\n<h1><span style=\"font-size: 14pt; font-family: verdana, geneva, sans-serif;\">L&rsquo;absence de d\u00e9finition, ab initio, de \u00ab\u00a0ma niche\u00a0\u00bb, pas plus que celle de mon lecteur id\u00e9al, m&rsquo;ayant, en effet, emp\u00each\u00e9, il y a 9 ans, d&rsquo;en prendre alors pleinement conscience.<\/span><\/h1>\n<p>&nbsp;<\/p>\n<\/div>\n<div style=\"text-align: center;\">\n<h1><span style=\"font-size: 14pt; font-family: verdana, geneva, sans-serif;\">A l&rsquo;\u00e9t\u00e9 2014, c\u2019est donc \u00e0 travers les retours de quelques uns de mes premiers lecteurs que s\u2019est par cons\u00e9quent peu \u00e0 peu dessin\u00e9\u00a0 sous mes yeux ce qui \u00e9tait , in fine, appel\u00e9 \u00e0 devenir l\u2019essence m\u00eame du blog :<\/span><\/h1>\n<\/div>\n<div style=\"text-align: center;\">\n<h1><span style=\"font-size: 14pt; font-family: verdana, geneva, sans-serif;\">Langage soutenu, belle plume , voyage abord\u00e9 de mani\u00e8re transversale et \u00e0 travers plusieurs prismes, parti pris de ne pas m\u2019appesantir sur ce qui rel\u00e8ve, \u00e0 mon sens, d\u2019 informations\u00a0 pratiques \u00a0et pr\u00e9dilection pour les longs billets \u00e0 une \u00e9poque o\u00f9 tout pourtant incitait \u00e0 la fast Life .<\/span><\/h1>\n<p>&nbsp;<\/p>\n<\/div>\n<div style=\"text-align: center;\">\n<h1><span style=\"font-size: 14pt; font-family: verdana, geneva, sans-serif;\">Des \u00e9l\u00e9ments qui, \u00e0 leurs yeux , constituaient autant d&rsquo;obstacles \u00e0 la possibilit\u00e9 de toucher le plus grand nombre . <\/span><\/h1>\n<h1><span style=\"font-size: 14pt; font-family: verdana, geneva, sans-serif;\">En plus d\u2019ult\u00e9rieurement participer, de fa\u00e7on induite, \u00a0\u00e0 me fermer les portes du succ\u00e8s.<\/span><\/h1>\n<\/div>\n<div style=\"text-align: center;\">\n<h1><span style=\"font-size: 14pt; font-family: verdana, geneva, sans-serif;\">\u00a0Face \u00e0 un tel argumentaire, reposant de surcroit sur des \u00e9l\u00e9ments tangibles, je ne vous cache pas m\u2019\u00eatre un instant demand\u00e9e s\u2019il fallait donc que je travestisse la vision que j\u2019avais pour le JPV, correspondant au surplus \u00e0 mon identit\u00e9, pour esp\u00e9rer s\u00e9duire une cible plus large et voir ma passion , plus tard, reconnue.<\/span><\/h1>\n<\/div>\n<div style=\"text-align: center;\">\u00a0<\/div>\n<div style=\"text-align: center;\">\n<h1><span style=\"font-size: 14pt; font-family: verdana, geneva, sans-serif;\">Puis, je me souvenue de mon \u00ab Why \u00bb : partager , par plaisir et par passion, mon amour pour les mots et l\u2019Ailleurs avec une voix qui m\u2019est propre ;\u00a0<\/span><\/h1>\n<p>&nbsp;<\/p>\n<\/div>\n<div style=\"text-align: center;\">\n<h1><span style=\"font-size: 14pt; font-family: verdana, geneva, sans-serif;\">Je me suis souvenue que la diversit\u00e9 outre l&rsquo;\u00e9tendue du march\u00e9 du Voyage t\u00e9moignaient, ce faisant, de la possibilit\u00e9 de s\u2019y faire une place sans avoir \u00e0 c\u00e9der aux sir\u00e8nes d<\/span><span style=\"font-size: 14pt; font-family: verdana, geneva, sans-serif;\">\u2019un copier-coller semblant plus salvateur et ou r\u00e9mun\u00e9rateur ;<\/span><\/h1>\n<p>&nbsp;<\/p>\n<\/div>\n<div style=\"text-align: center;\">\n<h1><span style=\"font-size: 14pt; font-family: verdana, geneva, sans-serif;\">Je me suis souvenue qu\u2019\u00e0 moins de vouloir m\u2019enfermer dans un r\u00f4le, ingrat au demeurant, de \u00ab\u00a0People Pleaser\u00a0\u00bb , le contenu que je proposais, ici, n\u2019avait pas vocation \u00e0 plaire \u00e0 tous et que that was alright too;<\/span><\/h1>\n<\/div>\n<div style=\"text-align: center;\">\u00a0<\/div>\n<div style=\"text-align: center;\">\n<h1><span style=\"font-size: 14pt; font-family: verdana, geneva, sans-serif;\">Enfin et surtout,\u00a0 \u00a0je me suis souvenue que rester moi- m\u00eame et assumer ma personnalit\u00e9 refl\u00e9tait , au-del\u00e0 d\u2019une simple expression de ma singularit\u00e9 , un gage d\u2019authenticit\u00e9.<\/span><\/h1>\n<\/div>\n<div style=\"text-align: center;\">\n<h1>\u00a0<\/h1>\n<\/div>\n<div style=\"text-align: center;\">\n<h1><span style=\"font-size: 14pt; font-family: verdana, geneva, sans-serif;\">Alors j\u2019ai choisi .<\/span><\/h1>\n<\/div>\n<div style=\"text-align: center;\">\n<h1>\u00a0<\/h1>\n<\/div>\n<div style=\"text-align: center;\">\n<h1><span style=\"font-size: 14pt; font-family: verdana, geneva, sans-serif;\">J\u2019ai choisi , tout en connaissant \u00a0pertinemment la v\u00e9n\u00e9ration, s&rsquo;\u00e9tant soit dit en passant\u00a0 extraordinairement accentu\u00e9e \u00a0depuis 2014,\u00a0 d\u00e9j\u00e0 vou\u00e9e au Dieu des M\u00e9trics , de toujours faire de la Qualit\u00e9 mon cr\u00e9do .<\/span><\/h1>\n<h1>\u00a0<\/h1>\n<h1><span style=\"font-size: 14pt; font-family: verdana, geneva, sans-serif;\"> Au d\u00e9triment de la Quantit\u00e9. <\/span><\/h1>\n<p>&nbsp;<\/p>\n<h1><span style=\"font-size: 14pt; font-family: verdana, geneva, sans-serif;\">Que cette derni\u00e8re renvoie \u00e0 un rythme d &lsquo;\u00e9criture et de publication effr\u00e9n\u00e9.<\/span><\/h1>\n<h1>\u00a0<\/h1>\n<h1><span style=\"font-size: 14pt; font-family: verdana, geneva, sans-serif;\">Ou qu&rsquo;elle rime, de fa\u00e7on plus attendue, avec volont\u00e9 , par tout moyen, d&rsquo;\u00e9tendre sa communaut\u00e9.\u00a0<\/span><\/h1>\n<p>&nbsp;<\/p>\n<\/div>\n<div style=\"text-align: center;\">\n<h1><span style=\"font-size: 14pt; font-family: verdana, geneva, sans-serif;\">A l\u2019aube de ce 9 \u00e8me anniversaire du Journal d&rsquo;un Pigeon Voyageur, le bilan semble sans appel .<\/span><\/h1>\n<p>&nbsp;<\/p>\n<h1><span style=\"font-size: 14pt; font-family: verdana, geneva, sans-serif;\">Puisque force est objectivement de constater que la quantit\u00e9, telle qu\u2019elle se trouve actuellement envisag\u00e9e et mesur\u00e9e \u00e0 l\u2019heure du primat des r\u00e9seaux sociaux , n\u2019est pas, encore, ici au rendez-vous.<\/span><\/h1>\n<\/div>\n<div style=\"text-align: center;\">\u00a0<\/div>\n<div style=\"text-align: center;\">\n<h1><span style=\"font-size: 14pt; font-family: verdana, geneva, sans-serif;\">La communaut\u00e9 du blog ne rassemblant \u00e0 pr\u00e9sent, en effet, \u00a0qu\u2019un peu moins de 5000 Followers ( Instagram et Facebook confondus ) .<\/span><\/h1>\n<\/div>\n<div style=\"text-align: center;\">\n<h1>\u00a0<\/h1>\n<\/div>\n<div style=\"text-align: center;\">\n<h1><span style=\"font-size: 14pt; font-family: verdana, geneva, sans-serif;\">Mais \u00e0 cette \u00ab\u00a0petite\u00a0\u00bb communaut\u00e9, avec qui, au fil des posts et articles que je publie, le dialogue s\u2019est instaur\u00e9 publiquement ou en priv\u00e9 et avec qui des liens plus profonds, s&rsquo;agissant de certains de ses membres, se sont aussi progressivement tiss\u00e9s , je m\u2019emploie \u00e0 toujours donner le meilleur.<\/span><\/h1>\n<\/div>\n<div style=\"text-align: center;\">\n<h1>\u00a0<\/h1>\n<\/div>\n<div style=\"text-align: center;\">\n<h1><span style=\"font-size: 14pt; font-family: verdana, geneva, sans-serif;\">Car je ne l\u2019oublie pas et ne le prend certainement pas, non plus,\u00a0 pour acquis: c\u2019est gr\u00e2ce \u00e0 elle que le JPV vit et grandit . <\/span><\/h1>\n<h1>\u00a0<\/h1>\n<h1><span style=\"font-size: 14pt; font-family: verdana, geneva, sans-serif;\">A son rythme. Depuis 9 ans.\u00a0<\/span><\/h1>\n<\/div>\n<div style=\"text-align: center;\">\n<h1>\u00a0<\/h1>\n<\/div>\n<div style=\"text-align: center;\">\n<h1><span style=\"font-size: 14pt; font-family: verdana, geneva, sans-serif;\">Alors Quality over Quantity ?<\/span><\/h1>\n<\/div>\n<div style=\"text-align: center;\">\n<h1>\u00a0<\/h1>\n<\/div>\n<div style=\"text-align: center;\">\n<h1><span style=\"font-size: 14pt; font-family: verdana, geneva, sans-serif;\">Quality 1000 Times for sure.<\/span><\/h1>\n<\/div>\n<div style=\"text-align: center;\">\n<h1>\u00a0<\/h1>\n<\/div>\n<div style=\"text-align: center;\">\n<h1><span style=\"font-size: 14pt; font-family: verdana, geneva, sans-serif;\">Hier, Aujourd\u2019hui comme Demain.<\/span><\/h1>\n<h1>\u00a0<\/h1>\n<h1><span style=\"font-size: 14pt; font-family: verdana, geneva, sans-serif;\">Je continuerai donc \u00e0 vous inviter \u00e0 vous d\u00e9lester des id\u00e9es pr\u00e9con\u00e7ues que vous pourriez avoir sur l&rsquo;acception d\u2019un blog voyage . Et ce, pour vous inciter \u00e0 mieux toucher du doigt et, je l&rsquo;esp\u00e8re, embrasser avec fougue l\u2019immersion que je vous propose en ces murs.<\/span><\/h1>\n<\/div>\n<div style=\"text-align: center;\">\n<h1>\u00a0<\/h1>\n<\/div>\n<div style=\"text-align: center;\">\n<h1><span style=\"font-size: 14pt; font-family: verdana, geneva, sans-serif;\">Echapp\u00e9es belles que je prends toujours le temps de nourrir, de mes ressentis, souvenirs et clich\u00e9s, avant de tenter de les retranscrire, au mieux, \u00a0par \u00e9crit .<\/span><\/h1>\n<\/div>\n<div style=\"text-align: center;\">\n<h1>\u00a0<\/h1>\n<\/div>\n<div style=\"text-align: center;\">\n<h1><span style=\"font-size: 14pt; font-family: verdana, geneva, sans-serif;\">Quitte, je le confesse, \u00e0 ce que certains r\u00e9cits consacr\u00e9s \u00e0 mes escapades \u00e0 travers le monde ne soient publi\u00e9s qu\u2019au bout de plusieurs mois, voire ann\u00e9es . <\/span><\/h1>\n<h1><span style=\"font-size: 14pt; font-family: verdana, geneva, sans-serif;\">#Vismaviedeperfectionniste (<\/span><span style=\"font-size: 14pt; font-family: verdana, geneva, sans-serif;\">qui n\u00e9anmoins se soigne <\/span><span style=\"font-size: 14pt; font-family: verdana, geneva, sans-serif;\">\ud83e\udd23 ). <\/span><\/h1>\n<h1>&#8230;&#8230;<\/h1>\n<p>&nbsp;<\/p>\n<h1><span style=\"font-size: 14pt; font-family: verdana, geneva, sans-serif;\">Il y&rsquo; a encore quelques semaines, j&rsquo;aurais \u00e9t\u00e9 tent\u00e9e de consid\u00e9rer l&rsquo;audience limit\u00e9e du Journal d&rsquo;un Pigeon Voyageur comme un (relatif) \u00e9chec. <\/span><\/h1>\n<h1>\u00a0<\/h1>\n<h1><span style=\"font-size: 14pt; font-family: verdana, geneva, sans-serif;\">Ce n\u2019est clairement plus le cas, ayant entrepris un reset de mon mindset me permettant aujourd\u2019hui d\u2019entrevoir \u00a0les choses diff\u00e9remment . <br \/>\n<\/span><\/h1>\n<h1><span style=\"font-size: 14pt; font-family: verdana, geneva, sans-serif;\">Un changement de perspective qui n\u2019a pu s\u2019op\u00e9rer qu\u2019 apr\u00e8s \u00a0:\u00a0<\/span><\/h1>\n<\/div>\n<div style=\"text-align: center;\">\n<h1><span style=\"font-size: 14pt; font-family: verdana, geneva, sans-serif;\">M\u2019\u00eatre rem\u00e9mor\u00e9e tout le chemin, sem\u00e9 de doutes, peurs et obstacles en tout genre , parcouru depuis les modestes d\u00e9buts du blog en juillet 2014;\u00a0<\/span><\/h1>\n<h1>\u00a0<\/h1>\n<h1><span style=\"font-size: 14pt; font-family: verdana, geneva, sans-serif;\">M\u2019\u00eatre rappel\u00e9e \u00a0des tout aussi profondes que stimulantes discussions entam\u00e9es \u00e0 ce titre avec plusieurs fid\u00e8les lectrices du JPV ( Yasmine F. , Val\u00e9rie M.A. Eve H., C\u00e9linie L.W., Joelle B.D., Olivia D.C. et Elodie S., \u00a0pour ne citer que celles l\u00e0, que je tiens ici \u00e0 chaleureusement remercier pour leurs conseils avis\u00e9s, encouragements et enthousiasme renouvel\u00e9s ainsi que leurs retours apr\u00e8s avoir elles-m\u00eames v\u00e9cu des exp\u00e9riences relat\u00e9es dans mes billets);\u00a0<\/span><\/h1>\n<\/div>\n<div style=\"text-align: center;\">\n<h1>\u00a0<\/h1>\n<\/div>\n<div style=\"text-align: center;\">\n<h1><span style=\"font-size: 14pt; font-family: verdana, geneva, sans-serif;\">\u00a0M\u2019\u00eatre d\u00e9sormais autoris\u00e9e \u00e0 r\u00eaver plus grand , \u00e0 sortir de ma zone de confort et \u00e0 aller explorer d\u2019autres pistes pour que le Journal d&rsquo;un Pigeon Voyageur finisse par obtenir \u00a0la reconnaissance qu\u2019il m\u00e9rite .<\/span><\/h1>\n<\/div>\n<div style=\"text-align: center;\">\n<h1>\u00a0<\/h1>\n<\/div>\n<div style=\"text-align: center;\">\n<h1><span style=\"font-size: 14pt; font-family: verdana, geneva, sans-serif;\">Mais si, malgr\u00e9 tout , mes souhaits ne venaient pas \u00e0 se concr\u00e9tiser, puiss\u00e9-je ne jamais abandonner ce r\u00eave d\u2019\u00e9criture, \u00e9tant le mien d\u2019aussi loin que je me souvienne, \u00a0au motif que ceux li\u00e9s au blog ne se seraient pas r\u00e9alis\u00e9s .<\/span><\/h1>\n<\/div>\n<div style=\"text-align: center;\">\n<h1>\u00a0<\/h1>\n<\/div>\n<div style=\"text-align: center;\">\n<h1><span style=\"font-size: 14pt; font-family: verdana, geneva, sans-serif;\">Car comme le soulignait, avec justesse, l\u2019\u00e9crivain Antoine de Saint Exupery \u00a0dans \u00ab\u00a0 Le Petit Prince \u00bb :<\/span><\/h1>\n<h1><span style=\"font-family: verdana, geneva, sans-serif; font-size: 14pt;\">\u00ab Il y aura toujours une autre occasion. ..<\/span><\/h1>\n<h1><span style=\"font-family: verdana, geneva, sans-serif; font-size: 14pt;\">Pour chaque fin il y a toujours un nouveau d\u00e9part \u00bb . <br \/>\n<\/span><\/h1>\n<h1><span style=\"font-family: verdana, geneva, sans-serif; font-size: 14pt;\">Une citation dont les mots font \u00a0incroyablement \u00e9cho \u00e0 la symbolique commun\u00e9ment associ\u00e9e au chiffre 9. <br \/>\n<\/span><\/h1>\n<h1><span style=\"font-family: verdana, geneva, sans-serif; font-size: 14pt;\">Attestant de la fin d\u2019un cycle tout en annon\u00e7ant, en creux, la naissance d\u2019un autre .<\/span><\/h1>\n<p>&nbsp;<\/p>\n<h1><span style=\"font-family: verdana, geneva, sans-serif; font-size: 14pt;\">Trinquons donc ensemble \u00e0 ce renouveau ! <\/p>\n<p><\/span><\/h1>\n<h1><span style=\"font-family: verdana, geneva, sans-serif; font-size: 14pt;\">Voyageusement v\u00f4tre,<\/span><\/h1>\n<h1><span style=\"font-family: verdana, geneva, sans-serif; font-size: 14pt;\">Ivy D.O<\/span><\/h1>\n<\/div>\n<div style=\"text-align: center;\">\n<h1>\u00a0<\/h1>\n<\/div>\n<div>\n<h1 style=\"text-align: center;\">\u00a0<\/h1>\n<\/div>\n","protected":false},"excerpt":{"rendered":"<p>Derri\u00e8re le Journal d&rsquo;un Pigeon Voyageur se cache Ivy \ud83d\ude42 &nbsp; L\u2019adage selon lequel \u00ab Les ann\u00e9es se suivent mais ne se ressemblent (d\u00e9finitivement) pas \u00bb ne pouvait pas mieux correspondre \u00e0 l\u2019\u00e9volution du Journal d&rsquo;un Pigeon Voyageur.\u00a0 Car si l\u2019an dernier, \u00e0 l&rsquo;heure de&#8230;<\/p>\n","protected":false},"author":2,"featured_media":44798,"comment_status":"open","ping_status":"closed","sticky":false,"template":"","format":"standard","meta":{"slim_seo":{"title":"QUALITY OVER QUANTITY, OR NOT ? - Journal d&#039;un Pigeon Voyageur","description":"Derri\u00e8re le Journal d'un Pigeon Voyageur se cache Ivy :-) &nbsp; L\u2019adage selon lequel \u00ab Les ann\u00e9es se suivent mais ne se ressemblent (d\u00e9finitivement) pas \u00bb ne p"},"footnotes":""},"categories":[14,1],"tags":[163],"class_list":["post-42523","post","type-post","status-publish","format-standard","has-post-thumbnail","hentry","category-interviews-vie-du-blog-concours","category-tous","tag-anniversaire-jpv"],"_links":{"self":[{"href":"https:\/\/www.journaldunpigeonvoyageur.com\/blog\/wp-json\/wp\/v2\/posts\/42523","targetHints":{"allow":["GET"]}}],"collection":[{"href":"https:\/\/www.journaldunpigeonvoyageur.com\/blog\/wp-json\/wp\/v2\/posts"}],"about":[{"href":"https:\/\/www.journaldunpigeonvoyageur.com\/blog\/wp-json\/wp\/v2\/types\/post"}],"author":[{"embeddable":true,"href":"https:\/\/www.journaldunpigeonvoyageur.com\/blog\/wp-json\/wp\/v2\/users\/2"}],"replies":[{"embeddable":true,"href":"https:\/\/www.journaldunpigeonvoyageur.com\/blog\/wp-json\/wp\/v2\/comments?post=42523"}],"version-history":[{"count":33,"href":"https:\/\/www.journaldunpigeonvoyageur.com\/blog\/wp-json\/wp\/v2\/posts\/42523\/revisions"}],"predecessor-version":[{"id":44799,"href":"https:\/\/www.journaldunpigeonvoyageur.com\/blog\/wp-json\/wp\/v2\/posts\/42523\/revisions\/44799"}],"wp:featuredmedia":[{"embeddable":true,"href":"https:\/\/www.journaldunpigeonvoyageur.com\/blog\/wp-json\/wp\/v2\/media\/44798"}],"wp:attachment":[{"href":"https:\/\/www.journaldunpigeonvoyageur.com\/blog\/wp-json\/wp\/v2\/media?parent=42523"}],"wp:term":[{"taxonomy":"category","embeddable":true,"href":"https:\/\/www.journaldunpigeonvoyageur.com\/blog\/wp-json\/wp\/v2\/categories?post=42523"},{"taxonomy":"post_tag","embeddable":true,"href":"https:\/\/www.journaldunpigeonvoyageur.com\/blog\/wp-json\/wp\/v2\/tags?post=42523"}],"curies":[{"name":"wp","href":"https:\/\/api.w.org\/{rel}","templated":true}]}}