{"id":42233,"date":"2023-04-25T17:48:35","date_gmt":"2023-04-25T16:48:35","guid":{"rendered":"https:\/\/journaldunpigeonvoyageur.com\/blog\/?p=42233"},"modified":"2023-04-25T17:48:35","modified_gmt":"2023-04-25T16:48:35","slug":"paroles-d-amoureux-du-voyage-franck-arnaud-edja-fier-ambassadeur-du-tourisme-ivoirien","status":"publish","type":"post","link":"https:\/\/www.journaldunpigeonvoyageur.com\/blog\/2023\/04\/25\/paroles-d-amoureux-du-voyage-franck-arnaud-edja-fier-ambassadeur-du-tourisme-ivoirien\/","title":{"rendered":"PAROLES D&rsquo;AMOUREUX DU VOYAGE: FRANCK-ARNAUD EDJA, FIER AMBASSADEUR DU TOURISME IVOIRIEN"},"content":{"rendered":"<p>&nbsp;<\/p>\n<p style=\"text-align: center;\"><img loading=\"lazy\" decoding=\"async\" class=\"aligncenter wp-image-42236 size-large\" src=\"https:\/\/www.journaldunpigeonvoyageur.com\/blog\/wp-content\/uploads\/2023\/04\/PIC-COUV-EDJA-768x1024.jpg\" alt=\"\" width=\"768\" height=\"1024\" srcset=\"https:\/\/www.journaldunpigeonvoyageur.com\/blog\/wp-content\/uploads\/2023\/04\/PIC-COUV-EDJA-768x1024.jpg 768w, https:\/\/www.journaldunpigeonvoyageur.com\/blog\/wp-content\/uploads\/2023\/04\/PIC-COUV-EDJA-225x300.jpg 225w, https:\/\/www.journaldunpigeonvoyageur.com\/blog\/wp-content\/uploads\/2023\/04\/PIC-COUV-EDJA-600x800.jpg 600w, https:\/\/www.journaldunpigeonvoyageur.com\/blog\/wp-content\/uploads\/2023\/04\/PIC-COUV-EDJA-1152x1536.jpg 1152w, https:\/\/www.journaldunpigeonvoyageur.com\/blog\/wp-content\/uploads\/2023\/04\/PIC-COUV-EDJA.jpg 1170w\" sizes=\"auto, (max-width: 768px) 100vw, 768px\" \/><\/p>\n<p style=\"text-align: center;\"><em>Franck-Arnaud \u00a0Edja au nord du B\u00e9nin<\/em><\/p>\n<div class=\"ydp14eceeb5signature\" dir=\"ltr\" data-setdir=\"false\">\n<p>&nbsp;<\/p>\n<p>&nbsp;<\/p>\n<p style=\"text-align: center;\"><span style=\"font-size: 14pt; color: #800080; font-family: verdana, geneva, sans-serif;\"><strong><em>Parce que les possibilit\u00e9s d&rsquo;envisager les voyages sont infinies,<\/em><\/strong><\/span><\/p>\n<p style=\"text-align: center;\">\u00a0<\/p>\n<p style=\"text-align: center;\"><span style=\"font-size: 14pt; color: #800080; font-family: verdana, geneva, sans-serif;\"><strong><em>Parce qu&rsquo;\u00eatre un(e) \u00ab\u00a0traveladdict\u00a0\u00bb est une d\u00e9pendance,\u00a0 non\u00a0 r\u00e9pr\u00e9hensible p\u00e9nalement, qui, au contraire, nous enrichit,<\/em><\/strong><\/span><\/p>\n<p style=\"text-align: center;\">\u00a0<\/p>\n<p style=\"text-align: center;\"><span style=\"font-size: 14pt; color: #800080; font-family: verdana, geneva, sans-serif;\"><strong><em>Parce que de la d\u00e9couverte d&rsquo;une m\u00eame destination,\u00a0chaque voyageur ressent et garde en m\u00e9moire des \u00e9motions ainsi que des souvenirs qui lui sont propres, lesquels sont marqu\u00e9s par son exp\u00e9rience et son histoire personnelles,<\/em><\/strong><\/span><\/p>\n<p style=\"text-align: center;\">\u00a0<\/p>\n<p style=\"text-align: center;\"><span style=\"font-size: 14pt; color: #800080; font-family: verdana, geneva, sans-serif;\"><strong><em>Parce que plusieurs avis valent toujours mieux qu&rsquo;un seul,<\/em><\/strong><\/span><\/p>\n<p style=\"text-align: center;\">\u00a0<\/p>\n<p style=\"text-align: center;\"><span style=\"font-size: 14pt; color: #800080; font-family: verdana, geneva, sans-serif;\"><strong><em>Parce que tout simplement l&rsquo;essence du JPV demeure, depuis l&rsquo;origine, le partage,<\/em><\/strong><\/span><\/p>\n<p style=\"text-align: center;\">\u00a0<\/p>\n<p style=\"text-align: center;\"><span style=\"font-size: 14pt; color: #800080; font-family: verdana, geneva, sans-serif;\"><strong><em>Donner la parole, sur le blog, \u00e0 des amoureux du voyage, m&rsquo;est d\u00e8s lors apparu comme une \u00e9vidence.<\/em><\/strong><\/span><\/p>\n<p style=\"text-align: center;\"><span style=\"font-size: 14pt; color: #800080;\"><strong><em>&#8230;&#8230;&#8230;&#8230;&#8230;&#8230;&#8230;&#8230;&#8230;&#8230;&#8230;..<\/em><\/strong><\/span><\/p>\n<p>&nbsp;<\/p>\n<p>&nbsp;<\/p>\n<p style=\"text-align: center;\"><span style=\"font-family: verdana, geneva, sans-serif; font-size: 14pt; color: #000000;\">\u00ab <em>M\u00eame Paris connait, Abidjan est le plus doux au monde<\/em> \u00bb.<\/span><\/p>\n<p>&nbsp;<\/p>\n<p style=\"text-align: center;\"><span style=\"font-family: verdana, geneva, sans-serif; font-size: 14pt; color: #000000;\">Un refrain, \u00e9rig\u00e9 en maxime depuis la sortie d&rsquo; \u00ab\u00a0Abidjan Farot \u00ab\u00a0, titre phare du groupe Espoir 2000 dont il est tir\u00e9, qu&rsquo;incarne, \u00e0 mon sens, \u00e0 la perfection mon 18 \u00e8me invit\u00e9 de \u00ab\u00a0Paroles d&rsquo;Amoureux du Voyage\u00a0\u00bb.<\/span><\/p>\n<p>&nbsp;<\/p>\n<p style=\"text-align: center;\"><span style=\"font-family: verdana, geneva, sans-serif; font-size: 14pt; color: #000000;\">Cet \u00e9picurien dans l\u2019\u00e2me ayant d\u00e9finitivement<\/span><span style=\"font-family: verdana, geneva, sans-serif; font-size: 14pt; color: #000000;\">\u00a0le sens de la f\u00eate;<\/span><\/p>\n<p>&nbsp;<\/p>\n<p style=\"text-align: center;\"><span style=\"font-family: verdana, geneva, sans-serif; font-size: 14pt; color: #000000;\">Ayant l\u2019amour de la C\u00f4te d\u2019Ivoire, son pays natal, profond\u00e9ment ancr\u00e9 dans les veines; <\/span><\/p>\n<p>&nbsp;<\/p>\n<p style=\"text-align: center;\"><span style=\"font-family: verdana, geneva, sans-serif; font-size: 14pt; color: #000000;\">Ayant une app\u00e9tence marqu\u00e9e pour la diversit\u00e9 des Patrimoines Culturels que le continent africain peut s&rsquo;enorgueillir de poss\u00e9der ;\u00a0 <\/span><\/p>\n<p>&nbsp;<\/p>\n<p style=\"text-align: center;\"><span style=\"font-family: verdana, geneva, sans-serif; font-size: 14pt; color: #000000;\">Ayant la passion du Tourisme, en g\u00e9n\u00e9ral, et la mise en lumi\u00e8re \u00e0 ce titre du potentiel assur\u00e9ment pluriel du pays des El\u00e9phants, en particulier, solidement chevill\u00e9e au corps;\u00a0<\/span><\/p>\n<\/div>\n<p>&nbsp;<\/p>\n<div class=\"ydp14eceeb5signature\" dir=\"ltr\" data-setdir=\"false\">\n<p style=\"text-align: center;\"><span style=\"font-family: verdana, geneva, sans-serif; font-size: 14pt; color: #000000;\">Et ayant, \u00e9galement, tr\u00e8s t\u00f4t saisi l\u2019importance du recours au digital pour changer les \u00e9cul\u00e9s paradigmes collant encore malheureusement \u00e0 la peau de bon nombre de destinations africaines, entre autres ouest africaines :<\/span><\/p>\n<p>&nbsp;<\/p>\n<p style=\"text-align: center;\"><span style=\"font-family: verdana, geneva, sans-serif; font-size: 14pt; color: #000000;\">Franck-Arnaud Edja, puisque c&rsquo;est de ce slasheur dont il s\u2019agit , fait aujourd\u2019hui partie des cr\u00e9ateurs nationaux de contenus touristiques dont la voix compte. <\/span><\/p>\n<p style=\"text-align: center;\"><span style=\"font-family: verdana, geneva, sans-serif; font-size: 14pt; color: #000000;\"><br \/>\n<em>\u00a0C\u00f4te d\u2019Ivoire Tourisme<\/em>, l\u2019office national du tourisme ivoirien , ne s\u2019y est d&rsquo;ailleurs pas tromp\u00e9 en faisant de ce fier fils du pays l\u2019un des ambassadeurs de la destination \u00e9burn\u00e9enne . <\/span><\/p>\n<p style=\"text-align: center;\"><span style=\"font-family: verdana, geneva, sans-serif; font-size: 14pt; color: #000000;\"><br \/>\nUne d\u00e9cision \u00e9clair\u00e9e battant, au passage, en br\u00e8che l\u2019adage selon lequel \u00ab Nul n\u2019est proph\u00e8te en son propre pays \u00bb.\u00a0<\/span><span style=\"color: #000000; font-family: verdana, geneva, sans-serif; font-size: 14pt;\"><\/p>\n<p><\/span><\/p>\n<p style=\"text-align: center;\"><span style=\"color: #000000; font-family: verdana, geneva, sans-serif; font-size: 14pt;\">Car l\u2019engagement de ce pionnier dans la promotion, sur les r\u00e9seaux sociaux, des attraits touristiques de\u00a0 <em>Babi<\/em>\u00a0aka Abidjan, la bouillonnante capitale \u00e9conomique ivoirienne o\u00f9 il r\u00e9side \u00e0 nouveau depuis 2020 ; <\/span><\/p>\n<p>&nbsp;<\/p>\n<p style=\"text-align: center;\"><span style=\"color: #000000; font-family: verdana, geneva, sans-serif; font-size: 14pt;\">outre des joyaux dont rec\u00e8lent les autres localit\u00e9s nationales; la sous-r\u00e9gion ouest-africaine ainsi que l\u2019ensemble du continent, remonte \u00e0 pr\u00e8s d\u2019une d\u00e9cennie.<\/span><\/p>\n<p>&nbsp;<\/p>\n<p style=\"text-align: center;\"><span style=\"color: #000000; font-family: verdana, geneva, sans-serif; font-size: 14pt;\">Presque 10 ans durant lesquels, gr\u00e2ce \u00e0 un contenu instructif et de qualit\u00e9, des photographies l\u00e9ch\u00e9es, des l\u00e9gendes savamment \u00e9crites, des reels devenus viraux et le lancement de l\u2019agenda mensuel \u00e9ponyme compilant les plus importants \u00e9v\u00e9nements lifestyle \u00e0 ne pas manquer \u00e0 Abidjan, \u00a0Franck-Arnaud Edja a entrepris, avec brio, \u00a0de :<\/span><\/p>\n<p>&nbsp;<\/p>\n<p style=\"text-align: center;\"><span style=\"color: #000000; font-family: verdana, geneva, sans-serif; font-size: 14pt;\">C\u00e9l\u00e9brer les Traditions, l\u2019Histoire, les Savoir-Faire ,les Cultures, les sites m\u00e9connus, les monuments , les festivals locaux, les mus\u00e9es, les h\u00f4tels, les lieux o\u00f9 l\u2019 \u00ab enjaillement \u00bb est au rendez-vous, la cuisine des terroirs sans oublier les habitants qui, aux 4 coins de la Cote d&rsquo;Ivoire, participent \u00e0 en fa\u00e7onner la riche identit\u00e9 . <\/p>\n<p><\/span><\/p>\n<p style=\"text-align: center;\"><span style=\"color: #000000; font-family: verdana, geneva, sans-serif; font-size: 14pt;\">Cette mise en lumi\u00e8re s\u2019inscrivant, de surcro\u00eet, dans une dynamique collective aliment\u00e9e par d\u2019autres de ses, reconnus, pairs.<\/span><\/p>\n<p>&nbsp;<\/p>\n<p style=\"text-align: center;\"><span style=\"color: #000000; font-family: verdana, geneva, sans-serif; font-size: 14pt;\">Portant, eux aussi,\u00a0 haut<\/span><span style=\"color: #000000; font-family: verdana, geneva, sans-serif; font-size: 14pt;\"> l\u2019\u00e9tendard du drapeau Orange-Blanc-Vert et \u0153uvrant, chacun dans leur domaine, \u00e0 la promotion touristique de la C\u00f4te d\u2019Ivoire . <br \/>\n<\/span><\/p>\n<p>&nbsp;<\/p>\n<p style=\"text-align: center;\"><span style=\"color: #000000; font-family: verdana, geneva, sans-serif; font-size: 14pt;\">Qu\u2019il s\u2019agisse de Yasmine Fofafa, alias <span style=\"color: #0000ff;\"><a style=\"color: #0000ff;\" href=\"https:\/\/www.journaldunpigeonvoyageur.com\/blog\/2015\/11\/25\/paroles-d-amoureux-du-voyage-yasmine-aka-afrofoodie-redactrice-du-blog-culinaire-journal-d-une-foodie\/\">@Afrofoodie<\/a><\/span>, premi\u00e8re cr\u00e9atrice de contenus culinaires du pays ;<\/span><\/p>\n<p>&nbsp;<\/p>\n<p style=\"text-align: center;\"><span style=\"color: #000000; font-family: verdana, geneva, sans-serif; font-size: 14pt;\"> de Nader Fakhry cr\u00e9ateur de vid\u00e9os d\u00e9voilant quelques uns des plus insoup\u00e7onnables tr\u00e9sors cach\u00e9s ivoiriens \u00a0<\/span><\/p>\n<p>&nbsp;<\/p>\n<p style=\"text-align: center;\"><span style=\"color: #000000; font-family: verdana, geneva, sans-serif; font-size: 14pt;\">ou encore d\u2019Alain Anzara , fondateur d\u2019une agence de voyage invitant au tourisme local et initiateur, par ailleurs, de l\u2019in\u00e9dit Akan Brunch. Un \u00e9v\u00e8nement se voulant, \u00e0 travers gastronomie, musique et dress code conviant \u00e0 se r\u00e9approprier l&rsquo;h\u00e9ritage vestimentaire de ce vaste groupe ethnique implant\u00e9 au Ghana et en C\u00f4te d&rsquo;Ivoire, une ode \u00e0 la culture Akan.<\/p>\n<p><\/span><\/p>\n<p style=\"text-align: center;\">\u00a0<\/p>\n<p style=\"text-align: center;\"><span style=\"font-size: 14pt; font-family: verdana, geneva, sans-serif; color: #000000;\">Ainsi , fort :<\/span><\/p>\n<p>&nbsp;<\/p>\n<p style=\"text-align: center;\"><span style=\"font-size: 14pt; font-family: verdana, geneva, sans-serif; color: #000000;\">De son exp\u00e9rience acquise, au fil des ans, en mati\u00e8re de cr\u00e9ation de contenus digitaux ;<\/span><\/p>\n<p>&nbsp;<\/p>\n<p style=\"text-align: center;\"><span style=\"font-size: 14pt; font-family: verdana, geneva, sans-serif; color: #000000;\">De sa carri\u00e8re men\u00e9e aupr\u00e8s de grands groupes ( Orange, Azalai, Living The Wild ), et suite \u00e0 une reconversion professionnelle,\u00a0 dans les domaines de l&rsquo;Industrie H\u00f4teli\u00e8re, du Tourisme, de la Communication Digitale ainsi que du Marketing. Parcours professionnel l\u2019ayant notamment conduit \u00e0 occuper plusieurs postes \u00e0 responsabilit\u00e9 \u00e0 Bamako, en Guin\u00e9e Bissau et \u00e0 Abidjan;\u00a0 \u00a0<\/span><\/p>\n<p style=\"text-align: center;\"><span style=\"font-size: 14pt; font-family: verdana, geneva, sans-serif; color: #000000;\"><br \/>\n<\/span><span style=\"color: #000000; font-family: verdana, geneva, sans-serif; font-size: 14pt;\">Et de ses nombreux voyages personnels effectu\u00e9s \u00e0 travers le monde, Franck-Arnaud Edja a, \u00e0 pr\u00e9sent, choisi d&rsquo;ajouter une nouvelle corde \u00e0 son arc en exploitant autrement son expertise et ses connaissances en la mati\u00e8re :<\/span><\/p>\n<p style=\"text-align: center;\"><span style=\"color: #000000; font-family: verdana, geneva, sans-serif; font-size: 14pt;\"><br \/>\n\u00a0Proposant, d&rsquo;une part, des services de consulting aux professionnels du secteur ayant \u00e0 c\u0153ur de rendre davantage visibles les destinations subsahariennes et plus largement africaines.<\/span><\/p>\n<p>&nbsp;<\/p>\n<p style=\"text-align: center;\"><span style=\"color: #000000; font-family: verdana, geneva, sans-serif; font-size: 14pt;\">Offrant, d\u2019autre part, aux touristes et r\u00e9sidents locaux, des services de Travel Planner via son entreprise #TravelwithEdja.<\/span><\/p>\n<p>&nbsp;<\/p>\n<p style=\"text-align: center;\"><span style=\"color: #000000; font-family: verdana, geneva, sans-serif; font-size: 14pt;\">Dont les diff\u00e9rentes formules, allant de la r\u00e9servation de City Tour ou de circuits, tant \u00e0 Abidjan qu\u2019\u00e0 l\u2019int\u00e9rieur du pays, \u00e0 l\u2019organisation, cl\u00e9 en main, de l\u2019int\u00e9gralit\u00e9 d\u2019un s\u00e9jour sur place, s\u2019adaptent en fonction des desiderata du client .<\/span><\/p>\n<p>&nbsp;<\/p>\n<p style=\"text-align: center;\"><span style=\"font-size: 14pt; font-family: verdana, geneva, sans-serif; color: #000000;\">Le d\u00e9nominateur commun de toutes ces singuli\u00e8res et personnalis\u00e9es exp\u00e9riences immersives ?<\/span><\/p>\n<p>&nbsp;<\/p>\n<p style=\"text-align: center;\"><span style=\"font-size: 14pt; font-family: verdana, geneva, sans-serif; color: #000000;\">\u00catre marqu\u00e9es du sceau de l\u2019authenticit\u00e9, d\u2019un sinc\u00e8re attachement\u00a0<\/span><span style=\"color: #000000; font-family: verdana, geneva, sans-serif; font-size: 14pt;\">\u00e0 l\u2019humain, d&rsquo;un apprentissage prot\u00e9iforme et d\u2019un hommage \u00e0 la diversit\u00e9 du patrimoine culturel.\u00a0<br \/>\n<\/span><\/p>\n<p>&nbsp;<\/p>\n<p style=\"text-align: center;\"><span style=\"color: #000000; font-family: verdana, geneva, sans-serif; font-size: 14pt;\">Autant de fils conducteurs, transparaissant \u00e9videmment dans les publications post\u00e9es sur le feed Instagram de Franck-Arnaud Edja, \u00a0qui expliquent l\u2019adh\u00e9sion massive de sa communaut\u00e9, indiff\u00e9remment constitu\u00e9e de r\u00e9sidents, d\u2019expatri\u00e9s, de repats, de touristes ainsi que de ressortissants de la Diaspora africaine, \u00e0 la mission qu&rsquo;il s&rsquo;est assign\u00e9e :<\/span><\/p>\n<p>&nbsp;<\/p>\n<p style=\"text-align: center;\"><span style=\"color: #000000; font-family: verdana, geneva, sans-serif; font-size: 14pt;\">Celle de contribuer \u00e0 une plus grande (re)valorisation des ressources touristiques , aux mille et uns visages, de la C\u00f4te d\u2019Ivoire .<\/span><\/p>\n<p>&nbsp;<\/p>\n<p style=\"text-align: center;\"><span style=\"color: #000000; font-family: verdana, geneva, sans-serif; font-size: 14pt;\"> De sa sous-r\u00e9gion . <\/span><\/p>\n<p>&nbsp;<\/p>\n<p style=\"text-align: center;\"><span style=\"color: #000000; font-family: verdana, geneva, sans-serif; font-size: 14pt;\">Du continent africain. <\/span><\/p>\n<p>&nbsp;<\/p>\n<p style=\"text-align: center;\"><span style=\"color: #000000; font-family: verdana, geneva, sans-serif; font-size: 14pt;\">Leitmotivs qui, vous vous en doutez, ne pouvaient donc que s\u00e9duire l&rsquo;amoureuse de la Cote d&rsquo;Ivoire , pour y avoir v\u00e9cu les 17 premi\u00e8res ann\u00e9es de vie,\u00a0 et la passionn\u00e9e du continent -berceau de l&rsquo;humanit\u00e9,\u00a0<a href=\"https:\/\/www.journaldunpigeonvoyageur.com\/blog\/category\/afrique\/\">auquel<\/a> j&rsquo;ai consacr\u00e9 pl\u00e9thores d&rsquo;articles sur le blog,\u00a0 que je suis. <\/span><\/p>\n<p>&nbsp;<\/p>\n<p style=\"text-align: center;\"><span style=\"color: #000000; font-family: verdana, geneva, sans-serif; font-size: 14pt;\">Alors sans plus tarder, d\u00e9couvrez dans cette nouvelle interview Franck-Arnaud Edja.<\/span><\/p>\n<\/div>\n<p>&nbsp;<\/p>\n<p class=\"yiv6633589250ydp6608d82cMsoNormal\" style=\"text-align: center;\"><span style=\"font-family: verdana, geneva, sans-serif; font-size: 14pt; color: #000000;\">&#8230;&#8230;&#8230;&#8230;&#8230;&#8230;<\/span><\/p>\n<p class=\"yiv6633589250ydp6608d82cMsoNormal\" style=\"text-align: center;\">\u00a0<\/p>\n<div class=\"ydp14eceeb5signature\" dir=\"ltr\" style=\"text-align: center;\" data-setdir=\"false\"><span style=\"font-family: 'arial black', sans-serif; font-size: 18pt; color: #000000;\">1. Que t\u2019\u00e9voque la notion de Voyage ?<\/span><\/div>\n<div dir=\"ltr\" data-setdir=\"false\">\u00a0<\/div>\n<div dir=\"ltr\" style=\"text-align: center;\" data-setdir=\"false\"><span style=\"font-family: verdana, geneva, sans-serif; font-size: 14pt;\">\u00a0<\/span><\/div>\n<div dir=\"ltr\" style=\"text-align: center;\" data-setdir=\"false\"><span style=\"font-family: verdana, geneva, sans-serif; font-size: 14pt; color: #000000;\">Le Voyage constitue avant tout pour moi une forme de th\u00e9rapie m\u00e9dicale.<\/span><\/div>\n<div dir=\"ltr\" data-setdir=\"false\">\u00a0<\/div>\n<div dir=\"ltr\" style=\"text-align: center;\" data-setdir=\"false\"><span style=\"font-family: verdana, geneva, sans-serif; font-size: 14pt; color: #000000;\">Gr\u00e2ce \u00e0 laquelle je me gu\u00e9ris d&rsquo;un mal-\u00eatre et comble un besoin sp\u00e9cifique \u00e0 mesure que j&rsquo;explore un nouveau pays, d\u00e9couvre sa culture et en apprends davantage sur tout ce qui signe sa singularit\u00e9.\u00a0<\/span><\/div>\n<div dir=\"ltr\" style=\"text-align: center;\" data-setdir=\"false\">\u00a0<\/div>\n<div dir=\"ltr\" data-setdir=\"false\">\u00a0<\/div>\n<div dir=\"ltr\" style=\"text-align: center;\" data-setdir=\"false\"><span style=\"font-family: verdana, geneva, sans-serif; font-size: 14pt; color: #000000;\">Mais je vois \u00e9galement dans le Voyage la possibilit\u00e9, en se confrontant \u00e0 l&rsquo;Autre, de briser nombre de clich\u00e9s .<\/span><\/div>\n<div class=\"ydp14eceeb5signature\" dir=\"ltr\" style=\"text-align: center;\" data-setdir=\"false\">\n<p>&nbsp;<\/p>\n<\/div>\n<div dir=\"ltr\" data-setdir=\"false\">\u00a0<\/div>\n<div class=\"ydp14eceeb5signature\" dir=\"ltr\" style=\"text-align: center;\" data-setdir=\"false\"><span style=\"font-family: 'arial black', sans-serif; font-size: 18pt; color: #000000;\">2. Que recherches tu lorsque tu parcours un blog voyage ?<\/span><\/div>\n<div dir=\"ltr\" data-setdir=\"false\">\u00a0<\/div>\n<div class=\"ydp14eceeb5signature\" dir=\"ltr\" style=\"text-align: center;\" data-setdir=\"false\">\n<div>\n<div class=\"yiv2232695094ydp921153b5signature\" dir=\"ltr\">\u00a0<\/div>\n<div dir=\"ltr\">\u00a0<\/div>\n<p><span style=\"font-size: 14pt; font-family: verdana, geneva, sans-serif; color: #000000;\">En premier lieu<\/span><span style=\"color: #ff0000;\"><span style=\"font-size: 14pt; font-family: verdana, geneva, sans-serif;\"><span style=\"color: #000000;\">, l&rsquo;\u00e9l\u00e9ment d\u00e9clencheur qui va susciter en moi l&rsquo;irr\u00e9pressible envie d&rsquo;aller, \u00e0 mon tour, d\u00e9couvrir une destination qui y est \u00e9voqu\u00e9e.<\/span><\/span><\/span><\/p>\n<p>&nbsp;<\/p>\n<p><span style=\"color: #ff0000;\"><span style=\"font-size: 14pt; font-family: verdana, geneva, sans-serif;\"><span style=\"color: #000000;\"> Je m&rsquo;attache, ensuite, aux informations donn\u00e9es, notamment la qualit\u00e9 de leur retranscription, ainsi qu&rsquo;\u00e0 leur compatibilit\u00e9 avec mes attentes du moment ( tourisme baln\u00e9aire, tourisme vert etc). <\/span><\/span><\/span><\/p>\n<p>&nbsp;<\/p>\n<p><span style=\"color: #ff0000;\"><span style=\"font-size: 14pt; font-family: verdana, geneva, sans-serif;\"><span style=\"color: #000000;\">Enfin, et parce que je suis moi-m\u00eame sensible au Beau et aux \u00e9motions qu&rsquo;un article outre des photos doivent, selon moi, convoyer, j&rsquo;y recherche aussi \u00e9vasion et\u00a0 possibilit\u00e9 de pouvoir me projeter au c\u0153ur de la destination envisag\u00e9e.<\/span><\/span><\/span><\/p>\n<p>&nbsp;<\/p>\n<\/div>\n<div><br class=\"ydpb9e87bacyiv3452475503\" \/><br \/>\n<span style=\"font-family: 'arial black', sans-serif; font-size: 18pt; color: #000000;\">3. Le Journal d&rsquo;un Pigeon Voyageur t a-t-il donn\u00e9 envie de d\u00e9couvrir une destination de voyage d\u00e9j\u00e0 \u00e9voqu\u00e9e sur le blog ? <br class=\"ydpb9e87bacyiv3452475503\" \/><br \/>\nSi oui, laquelle et pourquoi ?<\/span><\/div>\n<\/div>\n<div>\u00a0<\/div>\n<div class=\"ydp14eceeb5signature\" dir=\"ltr\" style=\"text-align: center;\" data-setdir=\"false\">\n<div>\n<p><span style=\"font-family: verdana, geneva, sans-serif; font-size: 14pt; color: #000000;\">Il m&rsquo;a donn\u00e9 envie de retourner sillonner les routes du B\u00e9nin, pays que je connais pourtant d\u00e9j\u00e0, et m&rsquo;a, par ailleurs, confort\u00e9 dans mon envie de d\u00e9couvrir l&rsquo;Egypte. <\/span><\/p>\n<p>&nbsp;<\/p>\n<p><span style=\"font-family: verdana, geneva, sans-serif; font-size: 14pt; color: #000000;\">Une destination figurant sur ma bucket List depuis longtemps .\u00a0<\/span><\/p>\n<\/div>\n<div>\u00a0<\/div>\n<div>\u00a0<\/div>\n<div>\u00a0<\/div>\n<div dir=\"ltr\" data-setdir=\"false\">\n<p><span style=\"color: #000000;\"><strong><span style=\"font-family: 'arial black', sans-serif; font-size: 18pt;\">4. Comment d\u00e9finis-tu le Journal d&rsquo;un Pigeon Voyageur en 2 ou 3 adjectifs ?<\/span><\/strong><\/span><\/p>\n<p>&nbsp;<\/p>\n<p>&nbsp;<\/p>\n<p><span style=\"color: #000000; font-size: 14pt; font-family: verdana, geneva, sans-serif;\">Le JPV va pour moi de pair avec Informatif, Engag\u00e9 et Divertissant. <\/span><\/p>\n<p>&nbsp;<\/p>\n<\/div>\n<div dir=\"ltr\" data-setdir=\"false\">\n<p>&nbsp;<\/p>\n<div><span style=\"color: #000000;\"><strong><span style=\"font-family: 'arial black', sans-serif; font-size: 18pt;\">5. Pourquoi avoir choisi cette photo pour illustrer l&rsquo;interview ?<\/span><\/strong><\/span><\/div>\n<div>\u00a0<\/div>\n<\/div>\n<div>\u00a0<\/div>\n<div dir=\"ltr\" data-setdir=\"false\">\n<div>\u00a0<\/div>\n<div>\n<p><span style=\"font-family: verdana, geneva, sans-serif; font-size: 14pt; color: #000000;\">Cette photo, la derni\u00e8re prise lors mon ultime s\u00e9jour au B\u00e9nin, est un probant t\u00e9moignage de ce que le voyage repr\u00e9sente v\u00e9ritablement \u00e0 mes yeux une th\u00e9rapie, comme je l&rsquo;\u00e9voquais au d\u00e9but de cette interview. <\/span><\/p>\n<p>&nbsp;<\/p>\n<p><span style=\"font-family: verdana, geneva, sans-serif; font-size: 14pt; color: #000000;\">Malade avant de m&rsquo;y rendre, j&rsquo;ai pourtant tenu \u00e0 maintenir cette \u00e9chapp\u00e9e car je sentais au plus profond de mon \u00eatre que je nourrissais un besoin d&rsquo;authenticit\u00e9 et de retour aux sources. <\/span><\/p>\n<p>&nbsp;<\/p>\n<p><span style=\"font-family: verdana, geneva, sans-serif; font-size: 14pt; color: #000000;\">Et c&rsquo;est au nord du B\u00e9nin, dans un environnement o\u00f9 je n&rsquo;avais pas acc\u00e8s \u00e0 l&rsquo;\u00e9lectricit\u00e9, circulais \u00e0 moto et dormais dans des cases , que j&rsquo;ai non seulement r\u00e9ussi \u00e0 me reconnecter \u00e0 moi-m\u00eame mais aussi pris la ferme d\u00e9cision d&rsquo;entamer le traitement qui allait me gu\u00e9rir. <\/span><\/p>\n<p>&nbsp;<\/p>\n<p><span style=\"font-family: verdana, geneva, sans-serif; font-size: 14pt; color: #000000;\">Une exp\u00e9rience que je ne suis pas pr\u00eat d&rsquo;oublier.<\/span><\/p>\n<\/div>\n<\/div>\n<div dir=\"ltr\" data-setdir=\"false\">\n<div>\u00a0<\/div>\n<\/div>\n<\/div>\n<div dir=\"ltr\" data-setdir=\"false\">\u00a0<\/div>\n<div class=\"ydp14eceeb5signature\" dir=\"ltr\" style=\"text-align: center;\" data-setdir=\"false\"><span style=\"color: #000000;\"><strong><span style=\"font-family: 'arial black', sans-serif; font-size: 18pt;\">6. Raconte moi ton plus beau souvenir de voyage<\/span><\/strong><\/span><\/div>\n<div dir=\"ltr\" data-setdir=\"false\">\u00a0<\/div>\n<div dir=\"ltr\" data-setdir=\"false\">\u00a0<\/div>\n<div dir=\"ltr\" style=\"text-align: center;\" data-setdir=\"false\"><span style=\"font-family: verdana, geneva, sans-serif; font-size: 14pt; color: #000000;\">Il rime avec l&rsquo;un de mes derniers voyages \u00e0 l&rsquo;\u00e9tranger, une escapade organis\u00e9e au S\u00e9n\u00e9gal, avec plusieurs amis proches, pour c\u00e9l\u00e9brer mon anniversaire . <\/span><\/div>\n<div dir=\"ltr\" data-setdir=\"false\">\u00a0<\/div>\n<div dir=\"ltr\" style=\"text-align: center;\" data-setdir=\"false\"><span style=\"font-family: verdana, geneva, sans-serif; font-size: 14pt; color: #000000;\">Au-del\u00e0 de la f\u00eate, ce s\u00e9jour, durant lequel nous avons explor\u00e9 le pays, a contribu\u00e9 \u00e0 resserrer nos liens et \u00e0 graver de fa\u00e7on ind\u00e9l\u00e9bile de nombreux souvenirs dans nos m\u00e9moires.<\/span><\/div>\n<div dir=\"ltr\" data-setdir=\"false\">\u00a0<\/div>\n<div dir=\"ltr\" style=\"text-align: center;\" data-setdir=\"false\"><span style=\"font-family: verdana, geneva, sans-serif; font-size: 14pt; color: #000000;\"> Enfin, je ne peux oublier que mon premier contenu professionnel devenu viral a \u00e9t\u00e9 tourn\u00e9 dans le D\u00e9sert de Lompoul.<\/span><\/div>\n<div dir=\"ltr\" style=\"text-align: center;\" data-setdir=\"false\">\n<p>&nbsp;<\/p>\n<\/div>\n<div dir=\"ltr\" data-setdir=\"false\">\u00a0<\/div>\n<div class=\"ydp14eceeb5signature\" dir=\"ltr\" style=\"text-align: center;\" data-setdir=\"false\"><span style=\"color: #000000;\"><strong><span style=\"font-family: 'arial black', sans-serif; font-size: 18pt;\">7. Quelle est ta Travel List id\u00e9ale ?<\/span><\/strong><\/span><\/div>\n<div dir=\"ltr\" style=\"text-align: center;\" data-setdir=\"false\">\n<div dir=\"ltr\">\u00a0<\/div>\n<\/div>\n<p style=\"text-align: center;\">\u00a0<\/p>\n<p style=\"text-align: center;\"><span style=\"font-size: 14pt; font-family: verdana, geneva, sans-serif; color: #000000;\">Ma Travel List Id\u00e9ale fait la part belle au continent africain car elle inclut :<\/span><\/p>\n<p style=\"text-align: center;\">\u00a0<\/p>\n<ul>\n<li style=\"text-align: center;\"><span style=\"color: #ff0000;\"><span style=\"font-size: 14pt; font-family: verdana, geneva, sans-serif;\"><span style=\"color: #000000;\"><strong>Le Mali<\/strong> : qui pour moi repr\u00e9sente une Afrique authentique. Fi\u00e8re de sa Culture pr\u00e9coloniale et de son Histoire, que le pays ne manque d&rsquo;ailleurs pas de c\u00e9l\u00e9brer \u00e0 travers notamment ses h\u00e9ros (tel Soundiata Keita) c\u00e9l\u00e8bres.\u00a0 T\u00e9moignant d&rsquo;une identit\u00e9 culturelle forte, palpable d\u00e8s l&rsquo;arriv\u00e9e sur le territoire national, qu&rsquo;elle ne craint pas d&rsquo;assumer aux yeux du monde. <\/span><\/span><\/span><span style=\"color: #ff0000;\"><span style=\"font-size: 14pt; font-family: verdana, geneva, sans-serif;\"><span style=\"color: #000000;\">J&rsquo;aimerais \u00e9galement pouvoir me rendre, lorsque la situation s\u00e9curitaire le permettra, dans les villes de Tombouctou et Djenn\u00e9.<\/span><\/span><\/span><\/li>\n<\/ul>\n<p style=\"text-align: center;\">\u00a0<\/p>\n<ul>\n<li style=\"text-align: center;\"><span style=\"color: #ff0000;\"><span style=\"font-size: 14pt; font-family: verdana, geneva, sans-serif;\"><span style=\"color: #000000;\"><strong>L&rsquo;Egypte<\/strong> : Pour notamment lever le voile et en apprendre davantage sur les Pharaons Noirs, lesquels font malheureusement partie de ce pan de l&rsquo;histoire africaine malheureusement oubli\u00e9e et peu enseign\u00e9e dans les cursus scolaires.<\/span>\u00a0<\/span><\/span><\/li>\n<\/ul>\n<p style=\"text-align: center;\">\u00a0<\/p>\n<p style=\"text-align: center;\"><span style=\"font-family: verdana, geneva, sans-serif; font-size: 14pt; color: #ff0000;\"><span style=\"color: #000000;\">\u00a0. <strong>Le B\u00e9nin<\/strong> : Pour continuer \u00e0 approfondir mes connaissances sur la culture Vaudoue et d\u00e9mystifier les aprioris persistants encore sur les religions africaines, \u00e0 tort consid\u00e9r\u00e9es comme \u00e9tant occultes.<\/span><\/span><\/p>\n<p>&nbsp;<\/p>\n<p style=\"text-align: center;\"><span style=\"font-family: verdana, geneva, sans-serif; font-size: 14pt; color: #ff0000;\"><span style=\"color: #000000;\">. <strong>L&rsquo;Ile Maurice<\/strong> : Je suis curieux d&rsquo;appr\u00e9hender la r\u00e9alit\u00e9 de son melting pot et de d\u00e9couvrir l&rsquo;incidence de ce dernier dans la construction de son identit\u00e9 . Il me tarde \u00e9galement de go\u00fbter \u00e0 sa gastronomie.<\/span><\/span><\/p>\n<p>&nbsp;<\/p>\n<p style=\"text-align: center;\"><span style=\"font-family: verdana, geneva, sans-serif; font-size: 14pt; color: #ff0000;\"><span style=\"color: #000000;\">. <strong>Le Cameroun<\/strong> : m&rsquo;attire pour la multiplicit\u00e9 de ses cultures, son aussi savoureuse que riche gastronomie que pour son statut de pays consid\u00e9r\u00e9 comme \u00ab\u00a0l&rsquo;Afrique en miniature\u00a0\u00bb dont j&rsquo;aimerais mesurer la r\u00e9alit\u00e9.<\/span><\/span><\/p>\n<p style=\"text-align: center;\">\u00a0<\/p>\n<p class=\"yiv6633589250ydp6608d82cMsoNormal\" style=\"text-align: center;\"><span style=\"font-family: verdana, geneva, sans-serif; font-size: 14pt; color: #000000;\">&#8230;&#8230;&#8230;<\/span><\/p>\n<p>&nbsp;<\/p>\n<p style=\"text-align: center;\"><span style=\"font-family: verdana, geneva, sans-serif; font-size: 14pt; color: #000000;\"><strong><em>Merci beaucoup Franck-Arnaud d&rsquo;avoir accept\u00e9 de r\u00e9pondre \u00e0 cette interview (initialement programm\u00e9e en janvier 2023 puis report\u00e9e sine die en raison de contraintes temporelles de part et d&rsquo;autre) malgr\u00e9 ton emploi du temps ultra charg\u00e9.<\/em><\/strong><\/span><\/p>\n<p style=\"text-align: center;\">\u00a0<\/p>\n<p style=\"text-align: center;\"><span style=\"color: #000000;\"><span style=\"font-family: verdana, geneva, sans-serif; font-size: 14pt;\"><em><b>Chers lecteurs, ne manquez pas \u00e0 votre tour d&rsquo;aller d\u00e9couvrir les voyages de Franck-Arnaud Edja sur son magnifique <a style=\"color: #000000;\" href=\"https:\/\/www.instagram.com\/prince_edja\/?hl=fr\">compte Instagram\u00a0<\/a><\/b><\/em><\/span><span style=\"font-family: verdana, geneva, sans-serif; font-size: 14pt;\"><strong><em>, que je vous invite ardemment \u00e0 suivre, ainsi que sur ses autres <a style=\"color: #000000;\" href=\"https:\/\/linktr.ee\/princeedja\">r\u00e9seaux sociaux.<\/a><\/em><\/strong><\/span><\/span><\/p>\n<p>&nbsp;<\/p>\n<p style=\"text-align: center;\"><span style=\"color: #000000;\"><span style=\"font-family: verdana, geneva, sans-serif; font-size: 14pt;\"><strong><em>Enfin, profitez de cette semaine s&rsquo;annon\u00e7ant pluvieuse ( du moins \u00e0 Paris) pour vous \u00e9vader au B\u00e9nin et en Egypte. <\/em><\/strong><\/span><\/span><\/p>\n<p style=\"text-align: center;\"><span style=\"color: #000000;\"><span style=\"font-family: verdana, geneva, sans-serif; font-size: 14pt;\"><em><strong>Deux destinations d\u00e9j\u00e0 \u00e9voqu\u00e9es sur le blog, <a href=\"https:\/\/www.journaldunpigeonvoyageur.com\/blog\/category\/afrique\/benin\/\">ici pour la premi\u00e8re<\/a> et\u00a0<a href=\"https:\/\/www.journaldunpigeonvoyageur.com\/blog\/category\/afrique\/egypte\/\">l\u00e0 pour la seconde, <\/a><\/strong><\/em><\/span><\/span><span style=\"color: #000000;\"><span style=\"font-family: verdana, geneva, sans-serif; font-size: 14pt;\"><em><strong>\u00a0<\/strong><strong>f<\/strong><\/em><strong><em>aisant partie de la Travel List de notre invit\u00e9 du jour.\u00a0<\/em><\/strong><\/span><\/span><\/p>\n<p style=\"text-align: center;\">\u00a0<\/p>\n<p style=\"text-align: center;\"><span style=\"font-family: verdana, geneva, sans-serif; font-size: 14pt; color: #000000;\"><strong><em>A tr\u00e8s vite pour d\u00e9couvrir un(e) autre amoureux du Voyage<\/em><\/strong><\/span><\/p>\n<p style=\"text-align: center;\">\u00a0<\/p>\n","protected":false},"excerpt":{"rendered":"<p>&nbsp; Franck-Arnaud \u00a0Edja au nord du B\u00e9nin &nbsp; &nbsp; Parce que les possibilit\u00e9s d&rsquo;envisager les voyages sont infinies, \u00a0 Parce qu&rsquo;\u00eatre un(e) \u00ab\u00a0traveladdict\u00a0\u00bb est une d\u00e9pendance,\u00a0 non\u00a0 r\u00e9pr\u00e9hensible p\u00e9nalement, qui, au contraire, nous enrichit, \u00a0 Parce que de la d\u00e9couverte d&rsquo;une m\u00eame destination,\u00a0chaque voyageur ressent&#8230;<\/p>\n","protected":false},"author":2,"featured_media":42236,"comment_status":"open","ping_status":"closed","sticky":false,"template":"","format":"standard","meta":{"slim_seo":{"title":"PAROLES D'AMOUREUX DU VOYAGE: FRANCK-ARNAUD EDJA, FIER AMBASSADEUR DU TOURISME IVOIRIEN - Journal d&#039;un Pigeon Voyageur","description":"&nbsp; Franck-Arnaud \u00a0Edja au nord du B\u00e9nin &nbsp; &nbsp; Parce que les possibilit\u00e9s d'envisager les voyages sont infinies, \u00a0 Parce qu'\u00eatre un(e) \"traveladdict\""},"footnotes":""},"categories":[16],"tags":[346],"class_list":["post-42233","post","type-post","status-publish","format-standard","has-post-thumbnail","hentry","category-paroles-damoureux-du-voyage","tag-paroles-damoureux-du-voyage"],"_links":{"self":[{"href":"https:\/\/www.journaldunpigeonvoyageur.com\/blog\/wp-json\/wp\/v2\/posts\/42233","targetHints":{"allow":["GET"]}}],"collection":[{"href":"https:\/\/www.journaldunpigeonvoyageur.com\/blog\/wp-json\/wp\/v2\/posts"}],"about":[{"href":"https:\/\/www.journaldunpigeonvoyageur.com\/blog\/wp-json\/wp\/v2\/types\/post"}],"author":[{"embeddable":true,"href":"https:\/\/www.journaldunpigeonvoyageur.com\/blog\/wp-json\/wp\/v2\/users\/2"}],"replies":[{"embeddable":true,"href":"https:\/\/www.journaldunpigeonvoyageur.com\/blog\/wp-json\/wp\/v2\/comments?post=42233"}],"version-history":[{"count":77,"href":"https:\/\/www.journaldunpigeonvoyageur.com\/blog\/wp-json\/wp\/v2\/posts\/42233\/revisions"}],"predecessor-version":[{"id":42313,"href":"https:\/\/www.journaldunpigeonvoyageur.com\/blog\/wp-json\/wp\/v2\/posts\/42233\/revisions\/42313"}],"wp:featuredmedia":[{"embeddable":true,"href":"https:\/\/www.journaldunpigeonvoyageur.com\/blog\/wp-json\/wp\/v2\/media\/42236"}],"wp:attachment":[{"href":"https:\/\/www.journaldunpigeonvoyageur.com\/blog\/wp-json\/wp\/v2\/media?parent=42233"}],"wp:term":[{"taxonomy":"category","embeddable":true,"href":"https:\/\/www.journaldunpigeonvoyageur.com\/blog\/wp-json\/wp\/v2\/categories?post=42233"},{"taxonomy":"post_tag","embeddable":true,"href":"https:\/\/www.journaldunpigeonvoyageur.com\/blog\/wp-json\/wp\/v2\/tags?post=42233"}],"curies":[{"name":"wp","href":"https:\/\/api.w.org\/{rel}","templated":true}]}}