{"id":38867,"date":"2020-12-06T11:27:54","date_gmt":"2020-12-06T10:27:54","guid":{"rendered":"https:\/\/journaldunpigeonvoyageur.com\/blog\/?p=38867"},"modified":"2025-08-08T12:30:44","modified_gmt":"2025-08-08T11:30:44","slug":"paroles-d-amoureux-du-voyage-anne-laure-moulika-varango-store-director-chez-nina-ricci","status":"publish","type":"post","link":"https:\/\/www.journaldunpigeonvoyageur.com\/blog\/2020\/12\/06\/paroles-d-amoureux-du-voyage-anne-laure-moulika-varango-store-director-chez-nina-ricci\/","title":{"rendered":"PAROLES D&rsquo;AMOUREUX DU VOYAGE: ANNE-LAURE MOULIKA VARANGO, STORE DIRECTOR CHEZ NINA RICCI"},"content":{"rendered":"<p>&nbsp;<\/p>\n<p style=\"text-align: center;\"><img loading=\"lazy\" decoding=\"async\" class=\"wp-image-38897 size-large aligncenter\" src=\"https:\/\/www.journaldunpigeonvoyageur.com\/blog\/wp-content\/uploads\/2020\/12\/07f91619-a65e-495c-9065-3ae75c6be805-1-min.jpg\" alt=\"\" width=\"819\" height=\"1024\" srcset=\"https:\/\/www.journaldunpigeonvoyageur.com\/blog\/wp-content\/uploads\/2020\/12\/07f91619-a65e-495c-9065-3ae75c6be805-1-min.jpg 1066w, https:\/\/www.journaldunpigeonvoyageur.com\/blog\/wp-content\/uploads\/2020\/12\/07f91619-a65e-495c-9065-3ae75c6be805-1-min-240x300.jpg 240w, https:\/\/www.journaldunpigeonvoyageur.com\/blog\/wp-content\/uploads\/2020\/12\/07f91619-a65e-495c-9065-3ae75c6be805-1-min-819x1024.jpg 819w, https:\/\/www.journaldunpigeonvoyageur.com\/blog\/wp-content\/uploads\/2020\/12\/07f91619-a65e-495c-9065-3ae75c6be805-1-min-768x960.jpg 768w, https:\/\/www.journaldunpigeonvoyageur.com\/blog\/wp-content\/uploads\/2020\/12\/07f91619-a65e-495c-9065-3ae75c6be805-1-min-600x750.jpg 600w\" sizes=\"auto, (max-width: 819px) 100vw, 819px\" \/><\/p>\n<p style=\"text-align: center;\"><em>Anne-Laure Moulika Varango \u00e0 Bali<\/em><\/p>\n<div>\u00a0<\/div>\n<div class=\"ydp14eceeb5signature\" dir=\"ltr\" data-setdir=\"false\">\n<div>\n<p>&nbsp;<\/p>\n<p style=\"text-align: center;\"><span style=\"font-size: 14pt; color: #800080; font-family: verdana, geneva, sans-serif;\"><strong><em>Parce que les possibilit\u00e9s d&rsquo;envisager les voyages sont infinies,<\/em><\/strong><\/span><\/p>\n<p style=\"text-align: center;\">\u00a0<\/p>\n<p style=\"text-align: center;\"><span style=\"font-size: 14pt; color: #800080; font-family: verdana, geneva, sans-serif;\"><strong><em>Parce qu&rsquo;\u00eatre un(e) \u00ab\u00a0traveladdict\u00a0\u00bb est une d\u00e9pendance,\u00a0 non\u00a0 r\u00e9pr\u00e9hensible p\u00e9nalement, qui, au contraire, nous enrichit,<\/em><\/strong><\/span><\/p>\n<p style=\"text-align: center;\">\u00a0<\/p>\n<p style=\"text-align: center;\"><span style=\"font-size: 14pt; color: #800080; font-family: verdana, geneva, sans-serif;\"><strong><em>Parce que de la d\u00e9couverte d&rsquo;une m\u00eame destination,\u00a0chaque voyageur ressent et garde en m\u00e9moire des \u00e9motions ainsi que des souvenirs qui lui sont propres, lesquels sont marqu\u00e9s par son exp\u00e9rience et son histoire personnelles,<\/em><\/strong><\/span><\/p>\n<p style=\"text-align: center;\">\u00a0<\/p>\n<p style=\"text-align: center;\"><span style=\"font-size: 14pt; color: #800080; font-family: verdana, geneva, sans-serif;\"><strong><em>Parce que plusieurs avis valent toujours mieux qu&rsquo;un seul,<\/em><\/strong><\/span><\/p>\n<p style=\"text-align: center;\">\u00a0<\/p>\n<p style=\"text-align: center;\"><span style=\"font-size: 14pt; color: #800080; font-family: verdana, geneva, sans-serif;\"><strong><em>Parce que tout simplement l&rsquo;essence du JPV demeure, depuis l&rsquo;origine, le partage,<\/em><\/strong><\/span><\/p>\n<p style=\"text-align: center;\">\u00a0<\/p>\n<p style=\"text-align: center;\"><span style=\"font-size: 14pt; color: #800080; font-family: verdana, geneva, sans-serif;\"><strong><em>Donner la parole, sur le blog, \u00e0 des amoureux du voyage, m&rsquo;est d\u00e8s lors apparu comme une \u00e9vidence.<\/em><\/strong><\/span><\/p>\n<p style=\"text-align: center;\"><span style=\"font-size: 14pt; color: #800080; font-family: verdana, geneva, sans-serif;\"><strong><em>\u00a0<\/em><\/strong><\/span><\/p>\n<p style=\"text-align: center;\"><span style=\"font-size: 14pt; color: #800080;\"><strong><em>&#8230;&#8230;&#8230;&#8230;&#8230;&#8230;&#8230;&#8230;&#8230;&#8230;&#8230;..<\/em><\/strong><\/span><\/p>\n<p>&nbsp;<\/p>\n<\/div>\n<\/div>\n<p class=\"yiv6633589250ydp6608d82cMsoNormal\" style=\"text-align: center;\"><span style=\"font-family: verdana, geneva, sans-serif; font-size: 14pt; color: #000000;\">C\u2019est au lyc\u00e9e fran\u00e7ais Jean-Mermoz d\u2019Abidjan, en C\u00f4te d\u2019Ivoire, que mon chemin a, \u00a0au d\u00e9but des ann\u00e9es 90, pour la premi\u00e8re fois crois\u00e9 celui de ma nouvelle invit\u00e9e de Paroles d\u2019Amoureux du Voyage : Anne-Laure Moulika Varango.<\/span><\/p>\n<p>&nbsp;<\/p>\n<p class=\"yiv6633589250ydp6608d82cMsoNormal\" style=\"text-align: center;\"><span style=\"font-family: verdana, geneva, sans-serif; font-size: 14pt; color: #000000;\">Puis les hasards de la vie ont, quelques ann\u00e9es plus tard, permis nos retrouvailles \u00e0 Paris, o\u00f9 nous nous appr\u00eations (elle en Eco-Gestion et moi en Hypokh\u00e2gne)\u00a0 \u00e0 entamer nos \u00e9tudes sup\u00e9rieures, avant que nos routes ne se s\u00e9parent \u00e0 nouveau jusqu\u2019\u00e0 cet \u00e9t\u00e9.<\/span><\/p>\n<p>&nbsp;<\/p>\n<p class=\"yiv6633589250ydp6608d82cMsoNormal\" style=\"text-align: center;\"><span style=\"font-family: verdana, geneva, sans-serif; font-size: 14pt; color: #000000;\">Un laps de temps durant lequel le cheminement personnel suivi par ma 16 \u00e8me invit\u00e9e, entre autre connue pour son caract\u00e8re r\u00e9solument affirm\u00e9, sa capacit\u00e9 \u00e0 ch\u00e9rir outre cultiver sa singularit\u00e9 et son style vestimentaire unique maintes fois photographi\u00e9 lors des r\u00e9centes Fashion Week parisiennes, a abouti \u00e0 une conclusion sans appel : les grands desseins professionnels nourris par ses parents \u00e0 son endroit \u00e9taient, en r\u00e9alit\u00e9, aux antipodes de la carri\u00e8re l\u2019ayant, au fond, toujours attir\u00e9e et qu\u2019elle souhaitait d\u00e9sormais embrasser.<\/span><\/p>\n<p>&nbsp;<\/p>\n<p class=\"yiv6633589250ydp6608d82cMsoNormal\" style=\"text-align: center;\"><span style=\"font-family: verdana, geneva, sans-serif; font-size: 14pt; color: #000000;\">Bravant, non sans difficult\u00e9s et apr\u00e8s des ann\u00e9es d&rsquo;atermoiements,\u00a0 r\u00e9ticences puis incompr\u00e9hensions familiales et guid\u00e9e par cet irr\u00e9pressible amour, h\u00e9ritage maternel instill\u00e9 en elle d\u00e8s l\u2019enfance, pour la Mode et le Stylisme, elle mit donc tout en \u0153uvre pour concr\u00e9tiser son r\u00eave.<\/span><\/p>\n<p>&nbsp;<\/p>\n<p class=\"yiv6633589250ydp6608d82cMsoNormal\" style=\"text-align: center;\"><span style=\"color: #000000; font-family: verdana, geneva, sans-serif; font-size: 14pt;\">Tant et si bien que la fin des ann\u00e9es 2000 la vit enfin faire ses premiers pas, qui plus est au c\u0153ur de la Ville Lumi\u00e8re, incontest\u00e9e Mecque des Fashionnistas, dans l\u2019univers feutr\u00e9 de la Haute Couture.<\/span><\/p>\n<p>&nbsp;<\/p>\n<p class=\"yiv6633589250ydp6608d82cMsoNormal\" style=\"text-align: center;\"><span style=\"font-family: verdana, geneva, sans-serif; font-size: 14pt; color: #000000;\">Conjuguant, avec brio, \u00e9l\u00e9gance, luxe, sens du d\u00e9tail et savoir-faire pluriels, soit autant de marqueurs auxquels elle n&rsquo;avait, aussi loin qu&rsquo;elle s&rsquo;en souvienne, jamais cess\u00e9 d&rsquo;\u00eatre sensible. <\/span><\/p>\n<p>&nbsp;<\/p>\n<p class=\"yiv6633589250ydp6608d82cMsoNormal\" style=\"text-align: center;\"><span style=\"font-family: verdana, geneva, sans-serif; font-size: 14pt; color: #000000;\">Les postes \u00e0 responsabilit\u00e9 qu&rsquo;elle a depuis occup\u00e9s au sein de plusieurs prestigieuses maisons, en l&rsquo;occurrence Department Manager chez Yves Saint Laurent puis Store Director chez Marc Jacobs, Balenciaga, Balmain et ,aujourd&rsquo;hui, Nina Ricci, sont donc venus confirmer, si besoin encore \u00e9tait, sa volont\u00e9 de faire de sa passion pour cet univers fascinant un m\u00e9tier.<\/span><\/p>\n<p>&nbsp;<\/p>\n<p class=\"yiv6633589250ydp6608d82cMsoNormal\" style=\"text-align: center;\"><span style=\"font-family: verdana, geneva, sans-serif; font-size: 14pt; color: #000000;\">M\u00e9tier dont elle a su int\u00e9grer les codes sans pour autant se d\u00e9partir de sa propre identit\u00e9.<\/span><\/p>\n<p>&nbsp;<\/p>\n<p class=\"yiv6633589250ydp6608d82cMsoNormal\" style=\"text-align: center;\"><span style=\"font-family: verdana, geneva, sans-serif; font-size: 14pt; color: #000000;\">Ce qui, \u00e0 l&rsquo;heure o\u00f9 beaucoup n&rsquo;h\u00e9sitent pas \u00e0 brider leur v\u00e9ritable personnalit\u00e9 pour se conformer aux diktats soci\u00e9taux, m\u00e9rite d&rsquo;\u00eatre soulign\u00e9. <\/span><\/p>\n<p>&nbsp;<\/p>\n<p class=\"yiv6633589250ydp6608d82cMsoNormal\" style=\"text-align: center;\"><span style=\"font-family: verdana, geneva, sans-serif; font-size: 14pt; color: #000000;\">Etre authentiquement soi, Envers et contre tous\/tout : un mantra la guidant, assur\u00e9ment, au quotidien.<\/span><span style=\"font-family: verdana, geneva, sans-serif; font-size: 14pt; color: #000000;\">\u00a0<\/span><\/p>\n<p>&nbsp;<\/p>\n<p class=\"yiv6633589250ydp6608d82cMsoNormal\" style=\"text-align: center;\"><span style=\"font-family: verdana, geneva, sans-serif; font-size: 14pt; color: #000000;\">Mais aussi pr\u00e9gnante que soit la place de la Mode dans sa vie, Anne-Laure Moulika Varango ne saurait \u00eatre appr\u00e9hend\u00e9e \u00e0 travers ce seul prisme.<\/span><\/p>\n<p>&nbsp;<\/p>\n<p class=\"yiv6633589250ydp6608d82cMsoNormal\" style=\"text-align: center;\"><span style=\"font-family: verdana, geneva, sans-serif; font-size: 14pt; color: #000000;\">Car en plus de l&rsquo;enfermer dans un moule pr\u00e9d\u00e9fini, tentative qu&rsquo;elle ex\u00e8cre, cela reviendrait, en outre, \u00e0 occulter son app\u00e9tence pour d&rsquo;autres disciplines et loisirs. <\/span><\/p>\n<p>&nbsp;<\/p>\n<p class=\"yiv6633589250ydp6608d82cMsoNormal\" style=\"text-align: center;\"><span style=\"font-family: verdana, geneva, sans-serif; font-size: 14pt; color: #000000;\">A l&rsquo;instar du sport, avec une mention sp\u00e9ciale pour le basket-ball, et des Voyages, fussent-ils d&rsquo;Ici ou d&rsquo;Ailleurs.<\/span><\/p>\n<p>&nbsp;<\/p>\n<p class=\"yiv6633589250ydp6608d82cMsoNormal\" style=\"text-align: center;\"><span style=\"font-family: verdana, geneva, sans-serif; font-size: 14pt; color: #000000;\">Une part d&rsquo;elle qu&rsquo;elle a bien voulu partager aujourd&rsquo;hui sur le Journal d&rsquo;un Pigeon Voyageur.<\/span><\/p>\n<p>&nbsp;<\/p>\n<p class=\"yiv6633589250ydp6608d82cMsoNormal\" style=\"text-align: center;\"><span style=\"font-family: verdana, geneva, sans-serif; font-size: 14pt; color: #000000;\">&#8230;&#8230;&#8230;&#8230;&#8230;&#8230;<\/span><\/p>\n<p class=\"yiv6633589250ydp6608d82cMsoNormal\" style=\"text-align: center;\">\u00a0<\/p>\n<div class=\"ydp14eceeb5signature\" dir=\"ltr\" style=\"text-align: center;\" data-setdir=\"false\"><span style=\"font-family: 'arial black', sans-serif; font-size: 18pt;\">1. Que t\u2019\u00e9voque la notion de Voyage ?<\/span><\/div>\n<div dir=\"ltr\" data-setdir=\"false\">\u00a0<\/div>\n<div dir=\"ltr\" data-setdir=\"false\">\u00a0<\/div>\n<div class=\"ydp14eceeb5signature\" dir=\"ltr\" style=\"text-align: center;\" data-setdir=\"false\"><span style=\"font-family: verdana, geneva, sans-serif; font-size: 14pt; color: #000000;\">L&rsquo;\u00e9vasion. La Libert\u00e9. La Curiosit\u00e9 et l&rsquo;humilit\u00e9 de l\u00e2cher prise pour d\u00e9couvrir l&rsquo;Autre dans un \u00e9cosyst\u00e8me aux antipodes du mien.<\/span><\/div>\n<div dir=\"ltr\" data-setdir=\"false\">\u00a0<\/div>\n<div dir=\"ltr\" data-setdir=\"false\">\u00a0<\/div>\n<div class=\"ydp14eceeb5signature\" dir=\"ltr\" style=\"text-align: center;\" data-setdir=\"false\"><span style=\"font-family: 'arial black', sans-serif; font-size: 18pt;\">2. Que recherches tu lorsque tu parcours un blog voyage ?<\/span><\/div>\n<div dir=\"ltr\" data-setdir=\"false\">\u00a0<\/div>\n<div class=\"ydp14eceeb5signature\" dir=\"ltr\" style=\"text-align: center;\" data-setdir=\"false\">\u00a0<\/div>\n<div class=\"ydp14eceeb5signature\" dir=\"ltr\" style=\"text-align: center;\" data-setdir=\"false\">\n<div><span style=\"font-family: verdana, geneva, sans-serif; font-size: 14pt; color: #000000;\">La surprise, voire l&rsquo;\u00e9tonnement. <\/span><\/div>\n<div>\u00a0<\/div>\n<div><span style=\"font-family: verdana, geneva, sans-serif; font-size: 14pt; color: #000000;\">Mais \u00e0 vrai dire, en dehors du Journal d&rsquo;un Pigeon Voyageur, je n&rsquo;en consulte que tr\u00e8s rarement.<\/span><\/div>\n<div>\u00a0<\/div>\n<div><br class=\"ydpb9e87bacyiv3452475503\" \/><br \/>\n<span style=\"font-family: 'arial black', sans-serif; font-size: 18pt;\">3. Le Journal d&rsquo;un Pigeon Voyageur t a-t-il donn\u00e9 envie de d\u00e9couvrir une destination de voyage d\u00e9j\u00e0 \u00e9voqu\u00e9e sur le blog ? <br class=\"ydpb9e87bacyiv3452475503\" \/><br \/>\nSi oui, laquelle et pourquoi ?<\/span><\/div>\n<div>\u00a0<\/div>\n<div>\u00a0<\/div>\n<div><span style=\"font-family: verdana, geneva, sans-serif; font-size: 14pt; color: #000000;\">Oui, l&rsquo;Egypte.<\/span><\/div>\n<div>\u00a0<\/div>\n<div>\u00a0<\/div>\n<div><span style=\"font-family: verdana, geneva, sans-serif; font-size: 14pt; color: #000000;\">Et c&rsquo;est \u00e0 mon p\u00e8re, v\u00e9ritable \u00e9gyptophile, que je dois en premier lieu ma passion pour ce pays puisque notre domicile familial regorge d&rsquo;\u0153uvres y faisant r\u00e9f\u00e9rence : qu&rsquo;il s&rsquo;agisse de reproductions de sphinx, ob\u00e9lisque et buste de Nefertiti,\u00a0 de papyrus ou d&rsquo; ouvrages de Christian Jacq.<\/span><\/div>\n<div>\u00a0<\/div>\n<div>\u00a0<\/div>\n<div><span style=\"font-family: verdana, geneva, sans-serif; font-size: 14pt; color: #000000;\">Passionn\u00e9e d&rsquo;Histoire je ne pouvais ensuite qu&rsquo;\u00eatre subjugu\u00e9e par cette civilisation qui, pour moi,\u00a0 est incontestablement la plus grande de l&rsquo;Humanit\u00e9.<\/span><\/div>\n<div>\u00a0<\/div>\n<div>\u00a0<\/div>\n<div dir=\"ltr\" data-setdir=\"false\">\n<p><span style=\"font-family: 'arial black', sans-serif; font-size: 18pt;\">4. Comment d\u00e9finis tu le Journal d&rsquo;un Pigeon Voyageur en 2 ou 3 adjectifs ?<\/span><\/p>\n<p>&nbsp;<\/p>\n<p><span style=\"font-family: verdana, geneva, sans-serif; font-size: 14pt; color: #000000;\">Je choisis plut\u00f4t de le d\u00e9crire avec 3 substantifs\u00a0 : Luxe , Calme et Volupt\u00e9 car le Journal d&rsquo;un Pigeon Voyageur m&rsquo;\u00e9voque \u00ab\u00a0L&rsquo;Invitation au Voyage\u00a0\u00bb, mon po\u00e8me pr\u00e9f\u00e9r\u00e9 de Charles Baudelaire.<\/span><\/p>\n<p>&nbsp;<\/p>\n<p>&nbsp;<\/p>\n<div><span style=\"font-family: 'arial black', sans-serif; font-size: 18pt;\">5. Pourquoi avoir choisi cette photo pour illustrer l&rsquo;interview ?<\/span><\/div>\n<\/div>\n<div>\u00a0<\/div>\n<div dir=\"ltr\" data-setdir=\"false\">\n<div>\u00a0<\/div>\n<div><span style=\"font-family: verdana, geneva, sans-serif; font-size: 14pt; color: #000000;\">Tout simplement parce qu&rsquo;elle a \u00e9t\u00e9 prise \u00e0 Bali.<\/span><\/div>\n<div>\u00a0<\/div>\n<div>\u00a0<\/div>\n<div><span style=\"font-family: verdana, geneva, sans-serif; font-size: 14pt; color: #000000;\">Une \u00eele dont les rizi\u00e8res en terrasses me fascinaient depuis l&rsquo;enfance.<\/span><\/div>\n<div>\u00a0<\/div>\n<div>\u00a0<\/div>\n<div><span style=\"font-family: verdana, geneva, sans-serif; font-size: 14pt; color: #000000;\"> Une \u00eele \u00e0 la fois s\u00e9duisante, myst\u00e9rieuse et encore sauvage par endroits.<\/span><\/div>\n<div>\u00a0<\/div>\n<div>\u00a0<\/div>\n<div><span style=\"font-family: verdana, geneva, sans-serif; font-size: 14pt; color: #000000;\">Une \u00eele o\u00f9 la spiritualit\u00e9 se laisse partout toucher du doigt.<\/span><\/div>\n<div>\u00a0<\/div>\n<div>\u00a0<\/div>\n<div><span style=\"font-family: verdana, geneva, sans-serif; font-size: 14pt; color: #000000;\">Une \u00eele, en somme, pour laquelle j&rsquo;ai eu un v\u00e9ritable coup de c\u0153ur.<\/span><\/div>\n<\/div>\n<div>\u00a0<\/div>\n<div dir=\"ltr\" data-setdir=\"false\">\n<div>\u00a0<\/div>\n<\/div>\n<\/div>\n<div class=\"ydp14eceeb5signature\" dir=\"ltr\" style=\"text-align: center;\" data-setdir=\"false\"><span style=\"font-family: 'arial black', sans-serif; font-size: 18pt;\">6. Raconte moi ton plus beau souvenir de voyage<\/span><\/div>\n<div dir=\"ltr\" data-setdir=\"false\">\u00a0<\/div>\n<div dir=\"ltr\" data-setdir=\"false\">\u00a0<\/div>\n<div dir=\"ltr\" style=\"text-align: center;\" data-setdir=\"false\"><span style=\"font-family: verdana, geneva, sans-serif; font-size: 14pt; color: #000000;\">Il s&rsquo;agit de ma toute premi\u00e8re escapade en Italie et plus pr\u00e9cis\u00e9ment \u00e0 San Angelo, rejointe apr\u00e8s un long trajet m\u00ealant avion, ferry puis cab, sur l&rsquo;\u00eele d&rsquo;Ischia. <\/span><\/div>\n<div dir=\"ltr\" data-setdir=\"false\">\u00a0<\/div>\n<div dir=\"ltr\" style=\"text-align: center;\" data-setdir=\"false\"><span style=\"font-family: verdana, geneva, sans-serif; font-size: 14pt; color: #000000;\">O\u00f9 je m&rsquo;\u00e9tais rendue pour l&rsquo;inauguration de l&rsquo;h\u00f4tel Casa El Sole appartenant \u00e0 Daniela Riccardi, l&rsquo;une de mes meilleures amies.<\/span><\/div>\n<div dir=\"ltr\" data-setdir=\"false\">\u00a0<\/div>\n<div dir=\"ltr\" data-setdir=\"false\">\u00a0<\/div>\n<div dir=\"ltr\" style=\"text-align: center;\" data-setdir=\"false\"><span style=\"font-family: verdana, geneva, sans-serif; font-size: 14pt; color: #000000;\">L\u00e0-bas, je suis rest\u00e9e sans voix devant la majest\u00e9 du panorama \u00e0 couper le souffle qui se d\u00e9voile aux visiteurs mais qui, dans le m\u00eame temps, nous renvoie \u00e0 notre triste condition humaine.<\/span><\/div>\n<div dir=\"ltr\" data-setdir=\"false\">\u00a0<\/div>\n<div dir=\"ltr\" data-setdir=\"false\">\u00a0<\/div>\n<div class=\"ydp14eceeb5signature\" dir=\"ltr\" style=\"text-align: center;\" data-setdir=\"false\"><span style=\"font-family: 'arial black', sans-serif; font-size: 18pt;\">7. Quelle est ta Travel List id\u00e9ale ?<\/span><\/div>\n<p>&nbsp;<\/p>\n<p class=\"yiv6633589250ydp6608d82cMsoNormal\" style=\"text-align: center;\"><span style=\"font-family: verdana, geneva, sans-serif; font-size: 14pt; color: #000000;\">&#8211; L&rsquo;Egypte dont l&rsquo;Histoire, ayant inspir\u00e9 les tatouages que je porte , me passionne<\/span><\/p>\n<p>&nbsp;<\/p>\n<p class=\"yiv6633589250ydp6608d82cMsoNormal\" style=\"text-align: center;\"><span style=\"font-family: verdana, geneva, sans-serif; font-size: 14pt; color: #000000;\">-Zanzibar, destination id\u00e9ale pour une lune de miel <\/span><\/p>\n<p>&nbsp;<\/p>\n<p class=\"yiv6633589250ydp6608d82cMsoNormal\" style=\"text-align: center;\"><span style=\"font-family: verdana, geneva, sans-serif; font-size: 14pt; color: #000000;\">-La Namibie pour son magnifique d\u00e9sert rouge et sa faune <\/span><\/p>\n<p>&nbsp;<\/p>\n<p class=\"yiv6633589250ydp6608d82cMsoNormal\" style=\"text-align: center;\"><span style=\"font-family: verdana, geneva, sans-serif; font-size: 14pt; color: #000000;\">&#8230;&#8230;&#8230;<\/span><\/p>\n<p>&nbsp;<\/p>\n<p style=\"text-align: center;\"><span style=\"font-family: verdana, geneva, sans-serif; font-size: 14pt;\"><strong><em>Merci beaucoup Anne-Laure Moulika d&rsquo;avoir accept\u00e9 de r\u00e9pondre \u00e0 cette intervi<span style=\"color: #000000;\">ew.<\/span><\/em><\/strong><\/span><\/p>\n<p style=\"text-align: center;\">\u00a0<\/p>\n<p style=\"text-align: center;\"><span style=\"font-family: verdana, geneva, sans-serif; font-size: 14pt; color: #000000;\"><em><b>Chers lecteurs, ne manquez pas \u00e0 votre tour d&rsquo;aller d\u00e9couvrir les<\/b><b> posts qu&rsquo;elle publie<\/b><b> sur son <\/b><strong><a href=\"https:\/\/www.instagram.com\/kalivanra\/?hl=fr\">compte Instagram<\/a><\/strong><\/em><strong><em>.<\/em><\/strong><\/span><\/p>\n<p>&nbsp;<\/p>\n<p style=\"text-align: center;\"><span style=\"font-family: verdana, geneva, sans-serif; font-size: 14pt; color: #000000;\"><strong><em>Enfin, profitez de ces temps de confinement pour\u00a0 vous \u00e9vader en\u00a0<a href=\"https:\/\/www.journaldunpigeonvoyageur.com\/blog\/category\/afrique\/egypte\/\">Egypte<\/a> et sur l&rsquo;\u00eele de <a style=\"color: #000000;\" href=\"https:\/\/www.journaldunpigeonvoyageur.com\/blog\/tag\/zanzibar\/\" target=\"_blank\" rel=\"nofollow noopener noreferrer\">Zanzibar<\/a><\/em><\/strong><em><strong>, deux destinations, d\u00e9j\u00e0\u00a0\u00e9voqu\u00e9es\u00a0sur le blog,\u00a0<\/strong><strong>f<\/strong><\/em><strong><em>aisant partie de sa Travel List .\u00a0<\/em><\/strong><\/span><\/p>\n<p style=\"text-align: center;\">\u00a0<\/p>\n<p style=\"text-align: center;\"><span style=\"font-family: verdana, geneva, sans-serif; font-size: 14pt; color: #000000;\"><strong><em>A tr\u00e8s vite pour d\u00e9couvrir un(e) autre amoureux du Voyage<\/em><\/strong><\/span><\/p>\n<p style=\"text-align: center;\">\u00a0<\/p>\n<p>&nbsp;<\/p>\n","protected":false},"excerpt":{"rendered":"<p>&nbsp; Anne-Laure Moulika Varango \u00e0 Bali \u00a0 &nbsp; Parce que les possibilit\u00e9s d&rsquo;envisager les voyages sont infinies, \u00a0 Parce qu&rsquo;\u00eatre un(e) \u00ab\u00a0traveladdict\u00a0\u00bb est une d\u00e9pendance,\u00a0 non\u00a0 r\u00e9pr\u00e9hensible p\u00e9nalement, qui, au contraire, nous enrichit, \u00a0 Parce que de la d\u00e9couverte d&rsquo;une m\u00eame destination,\u00a0chaque voyageur ressent et&#8230;<\/p>\n","protected":false},"author":2,"featured_media":44717,"comment_status":"open","ping_status":"closed","sticky":false,"template":"","format":"standard","meta":{"slim_seo":{"title":"PAROLES D'AMOUREUX DU VOYAGE: ANNE-LAURE MOULIKA VARANGO, STORE DIRECTOR CHEZ NINA RICCI - Journal d&#039;un Pigeon Voyageur","description":"&nbsp; Anne-Laure Moulika Varango \u00e0 Bali \u00a0 &nbsp; Parce que les possibilit\u00e9s d'envisager les voyages sont infinies, \u00a0 Parce qu'\u00eatre un(e) \"traveladdict\" est une"},"footnotes":""},"categories":[16,1],"tags":[518,346],"class_list":["post-38867","post","type-post","status-publish","format-standard","has-post-thumbnail","hentry","category-paroles-damoureux-du-voyage","category-tous","tag-anne-laure-moulika-varango","tag-paroles-damoureux-du-voyage"],"_links":{"self":[{"href":"https:\/\/www.journaldunpigeonvoyageur.com\/blog\/wp-json\/wp\/v2\/posts\/38867","targetHints":{"allow":["GET"]}}],"collection":[{"href":"https:\/\/www.journaldunpigeonvoyageur.com\/blog\/wp-json\/wp\/v2\/posts"}],"about":[{"href":"https:\/\/www.journaldunpigeonvoyageur.com\/blog\/wp-json\/wp\/v2\/types\/post"}],"author":[{"embeddable":true,"href":"https:\/\/www.journaldunpigeonvoyageur.com\/blog\/wp-json\/wp\/v2\/users\/2"}],"replies":[{"embeddable":true,"href":"https:\/\/www.journaldunpigeonvoyageur.com\/blog\/wp-json\/wp\/v2\/comments?post=38867"}],"version-history":[{"count":39,"href":"https:\/\/www.journaldunpigeonvoyageur.com\/blog\/wp-json\/wp\/v2\/posts\/38867\/revisions"}],"predecessor-version":[{"id":44716,"href":"https:\/\/www.journaldunpigeonvoyageur.com\/blog\/wp-json\/wp\/v2\/posts\/38867\/revisions\/44716"}],"wp:featuredmedia":[{"embeddable":true,"href":"https:\/\/www.journaldunpigeonvoyageur.com\/blog\/wp-json\/wp\/v2\/media\/44717"}],"wp:attachment":[{"href":"https:\/\/www.journaldunpigeonvoyageur.com\/blog\/wp-json\/wp\/v2\/media?parent=38867"}],"wp:term":[{"taxonomy":"category","embeddable":true,"href":"https:\/\/www.journaldunpigeonvoyageur.com\/blog\/wp-json\/wp\/v2\/categories?post=38867"},{"taxonomy":"post_tag","embeddable":true,"href":"https:\/\/www.journaldunpigeonvoyageur.com\/blog\/wp-json\/wp\/v2\/tags?post=38867"}],"curies":[{"name":"wp","href":"https:\/\/api.w.org\/{rel}","templated":true}]}}