{"id":34973,"date":"2020-03-05T17:00:57","date_gmt":"2020-03-05T16:00:57","guid":{"rendered":"https:\/\/journaldunpigeonvoyageur.com\/blog\/?p=34973"},"modified":"2026-04-07T07:38:16","modified_gmt":"2026-04-07T06:38:16","slug":"petit-pays-deric-barbierlemouvante-adaptation-cinematographique-du-roman-eponyme-de-gael-faye","status":"publish","type":"post","link":"https:\/\/www.journaldunpigeonvoyageur.com\/blog\/2020\/03\/05\/petit-pays-deric-barbierlemouvante-adaptation-cinematographique-du-roman-eponyme-de-gael-faye\/","title":{"rendered":"\u00ab\u00a0PETIT PAYS\u00a0\u00bb D\u2019ERIC BARBIER,L\u2019\u00c9MOUVANTE ADAPTATION CIN\u00c9MATOGRAPHIQUE DU ROMAN \u00c9PONYME DE GAEL FAYE"},"content":{"rendered":"<p style=\"text-align: center;\">\u00a0<\/p>\n<p style=\"text-align: center;\"><a href=\"https:\/\/www.journaldunpigeonvoyageur.com\/blog\/wp-content\/uploads\/2020\/03\/petits-pays-film-photo-couv-.jpg\"><img loading=\"lazy\" decoding=\"async\" class=\"aligncenter wp-image-44718 size-full\" src=\"https:\/\/www.journaldunpigeonvoyageur.com\/blog\/wp-content\/uploads\/2020\/03\/petits-pays-film-photo-couv-.jpg\" alt=\"\" width=\"1512\" height=\"1710\" srcset=\"https:\/\/www.journaldunpigeonvoyageur.com\/blog\/wp-content\/uploads\/2020\/03\/petits-pays-film-photo-couv-.jpg 1512w, https:\/\/www.journaldunpigeonvoyageur.com\/blog\/wp-content\/uploads\/2020\/03\/petits-pays-film-photo-couv--265x300.jpg 265w, https:\/\/www.journaldunpigeonvoyageur.com\/blog\/wp-content\/uploads\/2020\/03\/petits-pays-film-photo-couv--905x1024.jpg 905w, https:\/\/www.journaldunpigeonvoyageur.com\/blog\/wp-content\/uploads\/2020\/03\/petits-pays-film-photo-couv--768x869.jpg 768w, https:\/\/www.journaldunpigeonvoyageur.com\/blog\/wp-content\/uploads\/2020\/03\/petits-pays-film-photo-couv--1358x1536.jpg 1358w\" sizes=\"auto, (max-width: 1512px) 100vw, 1512px\" \/><\/a><\/p>\n<p style=\"text-align: center;\"><em>Avant-premi\u00e8re du film\u00a0 Petit Pays,\u00a0<\/em><em>Cin\u00e9ma Le Fontenelle, Marly-le-Roi<\/em><\/p>\n<p>&nbsp;<\/p>\n<p style=\"text-align: center;\">\u00a0\u00a0\u00a0\u00a0\u00a0\u00a0\u00a0\u00a0\u00a0\u00a0<\/p>\n<p style=\"text-align: center;\">\u00a0 \u00a0 \u00a0 <span style=\"color: #000000;\">\u00a0<span style=\"font-family: verdana, geneva, sans-serif; font-size: 14pt;\">En septembre 2016, la lecture de \u00ab\u00a0Petit Pays\u00a0\u00bb, extraordinaire premier roman de Ga\u00ebl Faye tout juste paru aux Editions Grasset et ult\u00e9rieurement couronn\u00e9 du prix Goncourt des Lyc\u00e9ens, <span style=\"color: #000000;\">m\u2019avait profond\u00e9ment \u00e9mue.<\/span><\/span><\/span><\/p>\n<p>&nbsp;<\/p>\n<p style=\"text-align: center;\"><span style=\"font-family: verdana, geneva, sans-serif; font-size: 14pt; color: #000000;\">Des mots judicieusement choisis aux souvenirs et images \u00e9l\u00e9gamment convoqu\u00e9s,<\/span><\/p>\n<p style=\"text-align: center;\">\u00a0<\/p>\n<p style=\"text-align: center;\"><span style=\"font-family: verdana, geneva, sans-serif; font-size: 14pt; color: #000000;\">Des portraits des personnages minutieusement dress\u00e9s \u00e0 la pluralit\u00e9 des th\u00e8mes si finement abord\u00e9s,<\/span><\/p>\n<p style=\"text-align: center;\">\u00a0<\/p>\n<p style=\"text-align: center;\"><span style=\"font-family: verdana, geneva, sans-serif; font-size: 14pt; color: #000000;\">De l\u2019\u00e9moi grandissant au fil des pages \u00e0 la voix de Gabriel, son jeune narrateur aux portes de l\u2019adolescence, invitant \u00e0 s\u2019immerger dans son pass\u00e9 : tout conf\u00e9rait \u00e0 l\u2019\u0153uvre une incroyable envergure.<\/span><\/p>\n<p style=\"text-align: center;\">\u00a0<\/p>\n<p style=\"text-align: center;\"><span style=\"font-family: verdana, geneva, sans-serif; font-size: 14pt; color: #000000;\">Que j\u2019esp\u00e9rais, en me rendant le week-end dernier \u00e0 l\u2019avant-premi\u00e8re organis\u00e9e au cin\u00e9ma marlychois Le Fontenelle, retrouver dans l\u2019adaptation \u00e9ponyme r\u00e9alis\u00e9e par Eric Barbier.<\/span><\/p>\n<p style=\"text-align: center;\">\u00a0<\/p>\n<p style=\"text-align: center;\"><span style=\"font-family: verdana, geneva, sans-serif; font-size: 14pt; color: #000000;\">\u00a0 \u00a0 \u00a0 Ce Petit Pays, de 113 minutes, dont je suis, \u00e0 plus d&rsquo;un titre, ressortie\u00a0 boulevers\u00e9e.<\/span><\/p>\n<p>&nbsp;<\/p>\n<p style=\"text-align: center;\"><span style=\"font-family: verdana, geneva, sans-serif; font-size: 14pt; color: #000000;\">\u00a0 Comme dans l\u2019ouvrage originel, le regard du jeune Gabriel plonge, en effet, avec brio le spectateur dans l\u2019histoire de sa famille franco-rwandaise, ais\u00e9e, vivant alors en exil \u00e0 Bujumbura (la capitale burundaise);<\/span><\/p>\n<p>&nbsp;<\/p>\n<p style=\"text-align: center;\"><span style=\"font-family: verdana, geneva, sans-serif; font-size: 14pt; color: #000000;\">L\u2019entra\u00eene dans l\u2019insouciance de son enfance, rythm\u00e9e par l\u2019\u00e9cole et les rendez-vous quotidiens, faits de jeux, danses, vols de mangues et discussions dans un vieux combi abandonn\u00e9, avec ses copains\u00a0;<\/span><\/p>\n<p>&nbsp;<\/p>\n<p style=\"text-align: center;\"><span style=\"font-family: verdana, geneva, sans-serif; font-size: 14pt; color: #000000;\">Lui fait d\u00e9couvrir les questionnements, li\u00e9s \u00e0 son identit\u00e9 m\u00e9tisse, qui le taraudent ;<\/span><\/p>\n<p>&nbsp;<\/p>\n<p style=\"text-align: center;\"><span style=\"font-family: verdana, geneva, sans-serif; font-size: 14pt; color: #000000;\">Le pousse \u00e0 ressentir l\u2019immense souffrance qu\u2019il \u00e9prouve face \u00e0 la s\u00e9paration de ses parents et au d\u00e9litement familial en d\u00e9coulant,<\/span><\/p>\n<p>&nbsp;<\/p>\n<p style=\"text-align: center;\"><span style=\"font-family: verdana, geneva, sans-serif; font-size: 14pt; color: #000000;\">Lui permet, entre coups de feu, barrages tenus par des gangs, tension allant crescendo, de toucher du doigt la violence de la guerre civile au Burundi, d\u00e9but\u00e9e aux lendemains du coup d\u2019\u00e9tat d\u2019octobre 1993 et plac\u00e9e sous le prisme du conflit ethnique,<\/span><\/p>\n<p>&nbsp;<\/p>\n<p style=\"text-align: center;\"><span style=\"font-family: verdana, geneva, sans-serif; font-size: 14pt; color: #000000;\">Avant d\u2019indirectement\u00a0 le confronter, via le r\u00e9cit de t\u00e9moins, \u00e0 l\u2019horreur du g\u00e9nocide, de 1994, perp\u00e9tr\u00e9 \u00e0 l\u2019encontre des Tutsi dans le Rwanda voisin, qui non content d&rsquo;engloutir sa famille maternelle constituera aussi un point de non-retour pour sa m\u00e8re.<\/span><\/p>\n<p>&nbsp;<\/p>\n<p style=\"text-align: center;\"><span style=\"font-family: verdana, geneva, sans-serif; font-size: 14pt; color: #000000;\">Trois trag\u00e9dies, \u00e0 la fois intime et historiques, dont Gabriel pressent, \u00e0 raison, qu&rsquo;elles auront des r\u00e9percussions sur sa vie.<\/span><\/p>\n<p style=\"text-align: center;\">\u00a0<\/p>\n<p style=\"text-align: center;\"><span style=\"font-family: verdana, geneva, sans-serif; font-size: 14pt; color: #000000;\">\u00a0 \u00a0L\u2019autre force du film \u00ab\u00a0Petit Pays\u00bb r\u00e9side dans la magnifique interpr\u00e9tation des personnages, incarn\u00e9s avec maestria par des acteurs non professionnels, pour l&rsquo;essentiel, et d\u2019origine rwandaise, pour la plupart, qu\u2019il d\u00e9voile.<\/span><\/p>\n<p>&nbsp;<\/p>\n<p style=\"text-align: center;\"><span style=\"font-family: verdana, geneva, sans-serif; font-size: 14pt; color: #000000;\">Par leurs jeux toujours empreints de justesse, ces derniers parviennent \u00e0 nous toucher, \u00e0 nous d\u00e9rider, \u00e0 nous faire r\u00e9fl\u00e9chir, \u00e0 nous mettre en col\u00e8re et \u00e0 nous faire pleurer.<\/span><\/p>\n<p>&nbsp;<\/p>\n<p style=\"text-align: center;\"><span style=\"font-family: verdana, geneva, sans-serif; font-size: 14pt; color: #000000;\">J\u2019ai ainsi \u00e9t\u00e9 impressionn\u00e9e par les spectaculaires performances de Djibril Vancoppennolle, interpr\u00e9tant magistralement Gabriel, enfant joyeux, fr\u00e8re attentionn\u00e9, lecteur en herbe, et de Dayla De Medina, jouant celui d\u2019Ana, son attachante et tr\u00e8s sensible petite s\u0153ur.<\/span><\/p>\n<p>&nbsp;<\/p>\n<p style=\"text-align: center;\"><span style=\"font-family: verdana, geneva, sans-serif; font-size: 14pt; color: #000000;\">Jean-Paul Rouve campe quant \u00e0 lui, avec beaucoup de pudeur, Michel.<\/span><\/p>\n<p>&nbsp;<\/p>\n<p style=\"text-align: center;\"><span style=\"font-family: verdana, geneva, sans-serif; font-size: 14pt; color: #000000;\">P\u00e8re, fran\u00e7ais, de Gabriel qui est \u00e0 la fois aimant et protecteur envers ses enfants, d\u00e9pass\u00e9 par ses probl\u00e8mes de couple et dont les propos t\u00e9moignent parfois d\u2019une certaine condescendance vis-\u00e0-vis de son \u00e9pouse rwandaise.<\/span><\/p>\n<p>&nbsp;<\/p>\n<p style=\"text-align: center;\"><span style=\"font-family: verdana, geneva, sans-serif; font-size: 14pt; color: #000000;\">Mais si de ce film je ne devais retenir qu\u2019un r\u00f4le, ce serait sans h\u00e9sitation celui confi\u00e9 \u00e0 Isabelle Kabano, absolument fascinante dans la peau d\u2019Yvonne, la m\u00e8re du personnage principal.<\/span><\/p>\n<p>&nbsp;<\/p>\n<p style=\"text-align: center;\"><span style=\"font-family: verdana, geneva, sans-serif; font-size: 14pt; color: #000000;\">Sous ses traits, appara\u00eet une femme \u00e0 la personnalit\u00e9 \u00e9minemment complexe.<\/span><\/p>\n<p>&nbsp;<\/p>\n<p style=\"text-align: center;\"><span style=\"font-family: verdana, geneva, sans-serif; font-size: 14pt; color: #000000;\">Qui aime profiter de la vie, qui finit par quitter un \u00e9poux qu&rsquo;elle ne supporte plus, qui, nonobstant l\u2019amour qu\u2019elle leur porte, entretient des relations compliqu\u00e9es, voire violentes verbalement et physiquement par moments, avec ses enfants.<\/span><\/p>\n<p>&nbsp;<\/p>\n<p style=\"text-align: center;\"><span style=\"font-family: verdana, geneva, sans-serif; font-size: 14pt; color: #000000;\">Qui ne supporte plus son statut de r\u00e9fugi\u00e9 dans un pays qui n&rsquo;est pas le sien,<\/span><\/p>\n<p>&nbsp;<\/p>\n<p style=\"text-align: center;\"><span style=\"font-family: verdana, geneva, sans-serif; font-size: 14pt; color: #000000;\">Qui, en d\u00e9pit des propos alarmistes de son fr\u00e8re Pacifique, refuse, \u00e0 l&rsquo;aube de l&rsquo;ann\u00e9e 1994, de croire en l\u2019imminence du drame se profilant \u00e0 l\u2019horizon au Rwanda.<\/span><\/p>\n<p>&nbsp;<\/p>\n<p style=\"text-align: center;\"><span style=\"font-family: verdana, geneva, sans-serif; font-size: 14pt; color: #000000;\">Qui, dans l\u2019ignorance du sort r\u00e9serv\u00e9 \u00e0 ses proches apr\u00e8s le d\u00e9but des massacres, n\u2019h\u00e9site pas \u00e0 quitter ses enfants pour se rendre dans le Pays des 1000 Collines afin de partir \u00e0 leur recherche.<\/span><\/p>\n<p>&nbsp;<\/p>\n<p style=\"text-align: center;\"><span style=\"font-family: verdana, geneva, sans-serif; font-size: 14pt; color: #000000;\">Une femme qui, d\u00e9couvrant de fa\u00e7on brutale la monstrueuse r\u00e9alit\u00e9 du g\u00e9nocide, va sombrer dans la folie.<\/span><\/p>\n<p style=\"text-align: center;\">\u00a0<\/p>\n<p style=\"text-align: center;\"><span style=\"font-family: verdana, geneva, sans-serif; font-size: 14pt; color: #000000;\">\u00a0 \u00a0Pour finir, j\u2019ai particuli\u00e8rement \u00e9t\u00e9 sensible \u00e0 l\u2019esth\u00e9tique, tant visuelle que sonore, du film car elle illustre la volont\u00e9 d\u2019Eric Barbier de donner naissance \u00e0 une r\u00e9aliste adaptation du roman de Ga\u00ebl Faye.<\/span><\/p>\n<p>&nbsp;<\/p>\n<p style=\"text-align: center;\"><span style=\"font-family: verdana, geneva, sans-serif; font-size: 14pt; color: #000000;\">Un parti pris qui, tout d\u2019abord, se traduit par une minutieuse reconstitution (\u00e0 d\u00e9faut pour le film d&rsquo;avoir pu, en raison de la conjoncture politique actuelle, \u00eatre tourn\u00e9 au Burundi) du Bujumbura des ann\u00e9es 90 (constituant la fen\u00eatre temporelle dans laquelle s\u2019inscrit le r\u00e9cit) \u00e0 Kigali et \u00e0 Rubavu (au Rwanda), l\u00e0 o\u00f9 l\u2019\u00e9quipe du film a durant plusieurs semaines pris ses quartiers.<\/span><\/p>\n<p>&nbsp;<\/p>\n<p style=\"text-align: center;\"><span style=\"font-family: verdana, geneva, sans-serif; font-size: 14pt; color: #000000;\">Reconstitution, entre autre, des habitations, des pistes, des voitures, des costumes, des coiffures, des paysages.<\/span><\/p>\n<p>&nbsp;<\/p>\n<p style=\"text-align: center;\"><span style=\"font-family: verdana, geneva, sans-serif; font-size: 14pt; color: #000000;\">Puis, cette logique d\u2019authenticit\u00e9 s\u2019exprime dans le casting d\u2019acteurs et l\u2019embauche d\u2019\u00e9quipes locaux (dont l\u2019histoire personnelle se confond parfois avec l\u2019un des moments \u00e9voqu\u00e9s dans le film), \u00a0dans la mise en sc\u00e8ne des s\u00e9quences, dans certains dialogues prononc\u00e9s en kinyarwanda.<\/span><\/p>\n<p>&nbsp;<\/p>\n<p style=\"text-align: center;\"><span style=\"font-family: verdana, geneva, sans-serif; font-size: 14pt; color: #000000;\">Enfin, le d\u00e9sir d&rsquo;exactitude pr\u00e9cit\u00e9 transpara\u00eet dans le consid\u00e9rable travail effectu\u00e9 sur la bande-son de \u00ab\u00a0Petit Pays\u00a0\u00bb.<\/span><\/p>\n<p>&nbsp;<\/p>\n<p style=\"text-align: center;\"><span style=\"font-family: verdana, geneva, sans-serif; font-size: 14pt; color: #000000;\">Ode, en premier lieu, \u00e0 une musique r\u00e9gionale, en vogue au d\u00e9but des ann\u00e9es 90, dont l\u2019enfant que j\u2019\u00e9tais \u00e0 la m\u00eame \u00e9poque se souvient encore.<\/span><\/p>\n<p>&nbsp;<\/p>\n<p style=\"text-align: center;\"><span style=\"font-family: verdana, geneva, sans-serif; font-size: 14pt; color: #000000;\">Qu\u2019il s\u2019agisse de \u00abSamborela\u00a0\u00bb de la burundaise Khadja Nin, d\u2019\u00abAnciens Combattants\u00a0\u00bb du congolais Zao, de hits de l&rsquo;artiste congolais, feu, Papa Wemba ou des mythiques tubes de rumba congolaise sign\u00e9s Franco &amp; l\u2019OK Jazz.\u00a0<\/span><\/p>\n<p>&nbsp;<\/p>\n<p style=\"text-align: center;\"><span style=\"font-family: verdana, geneva, sans-serif; font-size: 14pt; color: #000000;\">N\u2019oubliant pas, in fine, de c\u00e9l\u00e9brer \u00e0 travers Petit Pays (titre phare issu de l\u2019album \u00ab\u00a0Pili Pili sur un croissant au beurre\u00a0\u00bb, sorti en 2013, de Ga\u00ebl Faye) cet \u00e9den perdu devenu le sujet de son roman.<\/span><\/p>\n<p style=\"text-align: center;\">\u00a0<\/p>\n<p style=\"text-align: center;\"><span style=\"font-family: verdana, geneva, sans-serif; font-size: 14pt; color: #000000;\">\u00a0Puissant, Poignant, Juste, Vecteur d\u2019intenses \u00e9motions, Faisant, d&rsquo;une certaine mani\u00e8re, \u0153uvre de m\u00e9moire, \u00ab\u00a0Petit Pays\u00a0\u00bb d\u2019Eric Barbier, qui tout en pr\u00e9servant le c\u0153ur et l\u2019infinie po\u00e9sie de l\u2019\u0153uvre dont il est tir\u00e9 porte la patte de son r\u00e9alisateur,\u00a0 a donc \u00e9t\u00e9 pour moi un v\u00e9ritable coup de c\u0153ur.\u00a0<\/span><\/p>\n<p>&nbsp;<\/p>\n<p style=\"text-align: center;\"><span style=\"font-family: verdana, geneva, sans-serif; font-size: 14pt; color: #000000;\">Est-ce un must see\u00a0? For sure.<\/span><\/p>\n<p>&nbsp;<\/p>\n<p style=\"text-align: center;\"><span style=\"font-family: verdana, geneva, sans-serif; font-size: 14pt; color: #000000;\"> Initialement pr\u00e9vue le 18 mars, sa sortie dans les salles fran\u00e7aises\u00a0 a, cependant et en raison de la pand\u00e9mie du Covid19, \u00e9t\u00e9 report\u00e9e au 28 ao\u00fbt 2020.<\/span><\/p>\n<p>&nbsp;<\/p>\n<p style=\"text-align: center;\">&#8230;&#8230;&#8230;&#8230;&#8230;.<\/p>\n<p>&nbsp;<\/p>\n<p style=\"text-align: center;\"><span style=\"font-family: verdana, geneva, sans-serif; font-size: 14pt; color: #000000;\">Pour aller plus loin, je vous invite \u00e0 (re) lire mes billets relatant, de fa\u00e7on plurielle, mes explorations (en 2013 puis en 2019) du Pays des 1000 Collines :\u00a0<\/span><\/p>\n<p>&nbsp;<\/p>\n<p style=\"text-align: center;\"><span style=\"color: #000000;\"><strong><span style=\"font-family: verdana, geneva, sans-serif; font-size: 14pt;\">https:\/\/www.journaldunpigeonvoyageur.com\/blog\/category\/afrique\/rwanda\/<\/span><\/strong><\/span><\/p>\n<p>&nbsp;<\/p>\n<p style=\"text-align: center;\"><span style=\"font-family: verdana, geneva, sans-serif; font-size: 14pt; color: #000000;\">Il y est question de Culture, d&rsquo;Art, de Parcs Nationaux, de Gastronomie, d&rsquo;H\u00f4tellerie, de Villes et de Campagnes, de Mode, et, \u00e0 travers les m\u00e9moriaux et mus\u00e9es consacr\u00e9s au g\u00e9nocide de 1994 perp\u00e9tr\u00e9 \u00e0 l&rsquo;encontre des Tutsi du Rwanda, de Devoir de M\u00e9moire. <\/span><\/p>\n<p>&nbsp;<\/p>\n<p style=\"text-align: center;\"><span style=\"font-family: verdana, geneva, sans-serif; font-size: 14pt; color: #000000;\">A ce dernier titre j&rsquo;ai, d\u00e8s la publication, en juillet 2014, de \u00a0\u00bb <strong><a href=\"https:\/\/www.journaldunpigeonvoyageur.com\/blog\/2014\/07\/05\/mwaramutse-pays-des-mille-collines\/\">Mwaramutse, Pays des 1000 Collines<\/a><\/strong>\u00a0\u00bb (tout premier article du blog et tout premier consacr\u00e9 ici au Rwanda) choisi d&rsquo;y ins\u00e9rer un ultime chapitre\u00a0 (r\u00e9guli\u00e8rement mis \u00e0 jour au fil de mes d\u00e9couvertes) rassemblant mes \u0153uvres coups de c\u0153ur (films, documentaires, livres) gr\u00e2ce auxquelles mieux appr\u00e9hender ce que fut ce g\u00e9nocide.<\/span><\/p>\n<p>&nbsp;<\/p>\n<p style=\"text-align: center;\"><span style=\"font-family: verdana, geneva, sans-serif; font-size: 14pt; color: #000000;\"> Une liste o\u00f9, bien \u00e9videmment, figure le roman \u00ab\u00a0Petit Pays\u00a0\u00bb de Ga\u00ebl Faye, aujourd&rsquo;hui adapt\u00e9 \u00e0 l&rsquo;\u00e9cran par Eric Barbier<\/span><\/p>\n<p style=\"text-align: center;\">\u00a0<\/p>\n","protected":false},"excerpt":{"rendered":"<p>\u00a0 Avant-premi\u00e8re du film\u00a0 Petit Pays,\u00a0Cin\u00e9ma Le Fontenelle, Marly-le-Roi &nbsp; \u00a0\u00a0\u00a0\u00a0\u00a0\u00a0\u00a0\u00a0\u00a0\u00a0 \u00a0 \u00a0 \u00a0 \u00a0En septembre 2016, la lecture de \u00ab\u00a0Petit Pays\u00a0\u00bb, extraordinaire premier roman de Ga\u00ebl Faye tout juste paru aux Editions Grasset et ult\u00e9rieurement couronn\u00e9 du prix Goncourt des Lyc\u00e9ens, m\u2019avait profond\u00e9ment \u00e9mue&#8230;.<\/p>\n","protected":false},"author":2,"featured_media":44718,"comment_status":"open","ping_status":"closed","sticky":false,"template":"","format":"standard","meta":{"slim_seo":{"title":"\"PETIT PAYS\" D\u2019ERIC BARBIER,L\u2019\u00c9MOUVANTE ADAPTATION CIN\u00c9MATOGRAPHIQUE DU ROMAN \u00c9PONYME DE GAEL FAYE - Journal d&#039;un Pigeon Voyageur","description":"\u00a0 Avant-premi\u00e8re du film\u00a0 Petit Pays,\u00a0 Cin\u00e9ma Le Fontenelle, Marly-le-Roi &nbsp; \u00a0\u00a0\u00a0\u00a0\u00a0\u00a0\u00a0\u00a0\u00a0\u00a0 \u00a0 \u00a0 \u00a0 \u00a0 En septembre 2016, la lecture de \u00ab\u00a0Petit Pays\u00a0\u00bb, extraordina"},"footnotes":""},"categories":[12,2,18,31,1,22],"tags":[555,459],"class_list":["post-34973","post","type-post","status-publish","format-standard","has-post-thumbnail","hentry","category-afrique","category-art","category-histoire","category-rwanda","category-tous","category-vos-envies","tag-gael-faye","tag-genocide-des-tutsi"],"_links":{"self":[{"href":"https:\/\/www.journaldunpigeonvoyageur.com\/blog\/wp-json\/wp\/v2\/posts\/34973","targetHints":{"allow":["GET"]}}],"collection":[{"href":"https:\/\/www.journaldunpigeonvoyageur.com\/blog\/wp-json\/wp\/v2\/posts"}],"about":[{"href":"https:\/\/www.journaldunpigeonvoyageur.com\/blog\/wp-json\/wp\/v2\/types\/post"}],"author":[{"embeddable":true,"href":"https:\/\/www.journaldunpigeonvoyageur.com\/blog\/wp-json\/wp\/v2\/users\/2"}],"replies":[{"embeddable":true,"href":"https:\/\/www.journaldunpigeonvoyageur.com\/blog\/wp-json\/wp\/v2\/comments?post=34973"}],"version-history":[{"count":15,"href":"https:\/\/www.journaldunpigeonvoyageur.com\/blog\/wp-json\/wp\/v2\/posts\/34973\/revisions"}],"predecessor-version":[{"id":44719,"href":"https:\/\/www.journaldunpigeonvoyageur.com\/blog\/wp-json\/wp\/v2\/posts\/34973\/revisions\/44719"}],"wp:featuredmedia":[{"embeddable":true,"href":"https:\/\/www.journaldunpigeonvoyageur.com\/blog\/wp-json\/wp\/v2\/media\/44718"}],"wp:attachment":[{"href":"https:\/\/www.journaldunpigeonvoyageur.com\/blog\/wp-json\/wp\/v2\/media?parent=34973"}],"wp:term":[{"taxonomy":"category","embeddable":true,"href":"https:\/\/www.journaldunpigeonvoyageur.com\/blog\/wp-json\/wp\/v2\/categories?post=34973"},{"taxonomy":"post_tag","embeddable":true,"href":"https:\/\/www.journaldunpigeonvoyageur.com\/blog\/wp-json\/wp\/v2\/tags?post=34973"}],"curies":[{"name":"wp","href":"https:\/\/api.w.org\/{rel}","templated":true}]}}