{"id":26,"date":"2015-10-29T15:35:00","date_gmt":"2015-10-29T14:35:00","guid":{"rendered":"https:\/\/journaldunpigeonvoyageur.com\/jpv\/2015\/10\/29\/vos-insta-pics-preferees-aout-2015\/"},"modified":"2016-11-05T22:14:21","modified_gmt":"2016-11-05T21:14:21","slug":"vos-insta-pics-preferees-aout-2015","status":"publish","type":"post","link":"https:\/\/www.journaldunpigeonvoyageur.com\/blog\/2015\/10\/29\/vos-insta-pics-preferees-aout-2015\/","title":{"rendered":"VOS INSTA PICS PR\u00c9F\u00c9R\u00c9ES, AO\u00dbT 2015"},"content":{"rendered":"<div>\u00a0<\/div>\n<p>&nbsp;<\/p>\n<table cellspacing=\"0\" cellpadding=\"0\" align=\"center\">\n<tbody>\n<tr>\n<td><a href=\"http:\/\/2.bp.blogspot.com\/-BPEqQ27Ak7A\/VjFEWehQGKI\/AAAAAAABJRI\/2trN5mIgNqg\/s1600\/FullSizeRender-104.jpg\"><img loading=\"lazy\" decoding=\"async\" src=\"http:\/\/2.bp.blogspot.com\/-BPEqQ27Ak7A\/VjFEWehQGKI\/AAAAAAABJRI\/2trN5mIgNqg\/s640\/FullSizeRender-104.jpg\" alt=\"\" width=\"480\" height=\"640\" border=\"0\" \/><\/a><\/td>\n<\/tr>\n<tr>\n<td><span style=\"color: #808080;\"><em>Votre Top 5 Insta JPV,\u00a0Ao\u00fbt\u00a02015<\/em><\/span><\/td>\n<\/tr>\n<\/tbody>\n<\/table>\n<div>\u00a0<\/div>\n<div style=\"text-align: center;\">\u00a0<\/div>\n<div style=\"text-align: center;\"><span style=\"color: #000000; font-size: 14pt;\">C&rsquo;est en lisant, le week-end dernier, cet <a style=\"color: #000000;\" href=\"http:\/\/www.elledit8.com\/pix-populi\/\" target=\"_blank\">article<\/a>\u00a0(consacr\u00e9 au site, d&rsquo;impression en ligne de photographies,\u00a0<strong><a style=\"color: #000000;\" href=\"http:\/\/pixpopuli.com\/\" target=\"_blank\">Pix Populi<\/a><\/strong>)\u00a0que venait de publier\u00a0Jo\u00eblle (la r\u00e9dactrice du blog\u00a0<a style=\"color: #000000;\" href=\"http:\/\/www.elledit8.com\/\" target=\"_blank\">Elle Dit 8<\/a>\u00a0qui a d&rsquo;ailleurs \u00e9t\u00e9, il y a quelques mois, mon\u00a0<a style=\"color: #000000;\" href=\"https:\/\/www.journaldunpigeonvoyageur.com\/blog\/2015\/05\/10\/paroles-d-amoureux-du-voyage-joelle-bah-redactrice-du-blog-elle-dit-8\/\" target=\"_blank\">invit\u00e9e<\/a>\u00a0de <a href=\"https:\/\/www.journaldunpigeonvoyageur.com\/blog\/category\/paroles-damoureux-du-voyage\/\">Paroles d&rsquo;Amoureux du Voyage<\/a>\u00a0) \u00a0que l&rsquo;id\u00e9e de cr\u00e9er cette<strong> nouvelle<\/strong> <strong>rubrique<\/strong> sur le Journal d&rsquo;un Pigeon Voyageur a germ\u00e9 dans mon esprit.<\/span><\/div>\n<div style=\"text-align: center;\">\u00a0<\/div>\n<div><span style=\"color: #000000; font-size: 14pt;\">\u00a0<\/span><\/div>\n<div>\n<p style=\"text-align: center;\"><span style=\"color: #000000; font-size: 14pt;\">Un nouveau rendez vous qui allierait mon <strong>amour de la photographie\u00a0\u00e0 celui pour les formats Polaroid<\/strong> et me permettrait, par la m\u00eame occasion, de braquer les feux des projecteurs sur\u00a0<strong>vos coups de\u00a0c\u0153ur mensuels\u00a0s&rsquo;agissant des photos<\/strong> (issues de mes albums personnels) que je <strong>partage, depuis f\u00e9vrier 2015, sur la page\u00a0<a style=\"color: #000000;\" href=\"https:\/\/instagram.com\/journaldunpigeonvoyageur\/\" target=\"_blank\">Instagram<\/a><\/strong>\u00a0du blog.<\/span><\/p>\n<p style=\"text-align: center;\">\u00a0<\/p>\n<p style=\"text-align: center;\"><span style=\"color: #000000; font-size: 14pt;\">Aussit\u00f4t pens\u00e9, aussit\u00f4t mes tirages command\u00e9s ( ben oui pourquoi remettre au lendemain ce que l&rsquo;on peut faire le jour m\u00eame ?)<\/span><\/p>\n<p style=\"text-align: center;\">\u00a0<\/p>\n<\/div>\n<div style=\"text-align: center;\"><span style=\"color: #000000; font-size: 14pt;\">\u00a0<\/span><\/div>\n<div style=\"text-align: center;\"><span style=\"color: #000000; font-size: 14pt;\">Et gr\u00e2ce \u00e0 la rapidit\u00e9 ainsi qu&rsquo;\u00e0 l&rsquo;efficacit\u00e9 des \u00e9quipes Pix Populi, deux consid\u00e9rables atouts qui s&rsquo;ajoutent (bien \u00e9videmment) \u00e0 la qualit\u00e9 des polaroids re\u00e7us, cette id\u00e9e est d\u00e9sormais devenue r\u00e9alit\u00e9 .<\/span><\/div>\n<div style=\"text-align: center;\">\u00a0<\/div>\n<div style=\"text-align: center;\"><span style=\"color: #000000; font-size: 14pt;\">\u00a0<\/span><\/div>\n<div style=\"text-align: center;\"><span style=\"color: #000000; font-size: 14pt;\"><strong>VOS INSTA PICS\u00a0PR\u00c9F\u00c9R\u00c9ES\u00a0<\/strong>, cette nouvelle cat\u00e9gorie que j&rsquo;inaugure aujourd&rsquo;hui, sera donc l&rsquo;occasion pour vous de d\u00e9couvrir, tous les mois, les <strong>5 photos du JPV qui auront \u00e9t\u00e9 le plus pl\u00e9biscit\u00e9es par vos likes \u00a0<a style=\"color: #000000;\" href=\"https:\/\/instagram.com\/journaldunpigeonvoyageur\/\" target=\"_blank\">ici<\/a><\/strong>\u00a0.<\/span><\/div>\n<div style=\"text-align: center;\">\u00a0<\/div>\n<div style=\"text-align: center;\"><span style=\"color: #000000;\">\u00a0<\/span><\/div>\n<div style=\"text-align: center;\"><span style=\"color: #000000; font-size: 14pt;\">Votre photo coup de\u00a0c\u0153ur\u00a0fera t elle partie du prochain Top 5 des internautes ?Pour le savoir, ne manquez pas les prochains posts \u00e0 ce titre \ud83d\ude42<\/span><\/div>\n<div style=\"text-align: center;\">\u00a0<\/div>\n<div style=\"text-align: center;\"><span style=\"font-size: 14pt; color: #000000;\">\u00a0<\/span><\/div>\n<div style=\"text-align: center;\"><span style=\"font-size: 14pt; color: #000000;\"><strong>AO\u00dbT\u00a02015<\/strong><\/span><\/div>\n<div><span style=\"font-size: 14pt; color: #000000;\">\u00a0<\/span><\/div>\n<div>\n<p style=\"text-align: center;\"><span style=\"font-size: 14pt; color: #000000;\">\u00a0 \u00a0Je compte proc\u00e9der \u00e0 une mise \u00e0 jour r\u00e9troactive remontant \u00e0 <strong>f\u00e9vrier 2015 (date de lancement de la page Instagram du blog<\/strong>), mais pour ce tout premier billet \u00a0j&rsquo;ai choisi de partager avec vous le <strong>TOP 5 Instagram JPV du mois\u00a0d\u2019ao\u00fbt 2015<\/strong>.<\/span><\/p>\n<p style=\"text-align: center;\">\u00a0<\/p>\n<p style=\"text-align: center;\"><span style=\"color: #000000; font-size: 14pt;\">Un classement o\u00f9 <strong>soleil et pays d&rsquo;Afrique de l&rsquo;Ouest<\/strong> se sont taill\u00e9s la part du lion\u00a0comme vous pourrez le constater\u00a0:).<\/span><\/p>\n<\/div>\n<div><span style=\"font-size: 14pt; color: #000000;\">\u00a0<\/span><\/div>\n<div style=\"text-align: center;\"><span style=\"font-size: 14pt; color: #000000;\"><strong>\u00a0N\u00b01<\/strong><\/span><\/div>\n<div style=\"text-align: center;\">\u00a0<\/div>\n<div>\u00a0<\/div>\n<table cellspacing=\"0\" cellpadding=\"0\" align=\"center\">\n<tbody>\n<tr>\n<td><a href=\"http:\/\/1.bp.blogspot.com\/-NQx2sv_a0vM\/VjG1gzDCh-I\/AAAAAAABJSA\/CMNpIBq58oE\/s1600\/FullSizeRender-109.jpg\"><img loading=\"lazy\" decoding=\"async\" class=\"aligncenter\" src=\"http:\/\/1.bp.blogspot.com\/-NQx2sv_a0vM\/VjG1gzDCh-I\/AAAAAAABJSA\/CMNpIBq58oE\/s640\/FullSizeRender-109.jpg\" alt=\"\" width=\"480\" height=\"640\" border=\"0\" \/><\/a><\/td>\n<\/tr>\n<tr>\n<td>\n<p style=\"text-align: center;\"><em><span style=\"color: #808080;\">Pure Plage, Lom\u00e9. Togo<\/span><\/em><\/p>\n<p style=\"text-align: center;\">\u00a0<\/p>\n<p style=\"text-align: center;\"><span style=\"color: #000000; font-size: 14pt;\">Premi\u00e8re visite de mon s\u00e9jour togolais de cet \u00e9t\u00e9, j&rsquo;ai \u00e9t\u00e9 s\u00e9duite, d\u00e8s les premi\u00e8res minutes, par <strong>Pure Plage<\/strong>.<\/span><\/p>\n<p style=\"text-align: center;\">\u00a0<\/p>\n<p style=\"text-align: center;\"><span style=\"color: #000000; font-size: 14pt;\">Se relaxer, notamment, face \u00e0 une mer bleue, les pieds dans le sable tout en profitant de jolis transats rouge (ma couleur pr\u00e9f\u00e9r\u00e9e), comment ne pas succomber \u00e0 un tel plaisir ?<\/span><\/p>\n<p style=\"text-align: center;\">\u00a0<\/p>\n<p style=\"text-align: center;\"><span style=\"color: #000000; font-size: 14pt;\">Pour en savoir plus sur Pure Plage c&rsquo;est par\u00a0<a style=\"color: #000000;\" href=\"https:\/\/www.journaldunpigeonvoyageur.com\/blog\/2015\/09\/15\/parce-que-lome-le-vaut-bien\/\" target=\"_blank\">ici<\/a>.<\/span><\/p>\n<p style=\"text-align: center;\">\u00a0<\/p>\n<\/td>\n<\/tr>\n<\/tbody>\n<\/table>\n<div style=\"text-align: center;\"><span style=\"font-size: 14pt; color: #000000;\">\u00a0<\/span><\/div>\n<div style=\"text-align: center;\"><span style=\"color: #000000; font-size: 14pt;\"><strong>\u00a0N\u00b02<\/strong><\/span><\/div>\n<p>&nbsp;<\/p>\n<table cellspacing=\"0\" cellpadding=\"0\" align=\"center\">\n<tbody>\n<tr>\n<td><a href=\"http:\/\/2.bp.blogspot.com\/-TAYqlVJvAJo\/VjG1g4lcTLI\/AAAAAAABJSE\/GByCpz1VQNs\/s1600\/FullSizeRender-108.jpg\"><img loading=\"lazy\" decoding=\"async\" class=\"aligncenter\" src=\"http:\/\/2.bp.blogspot.com\/-TAYqlVJvAJo\/VjG1g4lcTLI\/AAAAAAABJSE\/GByCpz1VQNs\/s640\/FullSizeRender-108.jpg\" alt=\"\" width=\"480\" height=\"640\" border=\"0\" \/><\/a><\/td>\n<\/tr>\n<tr>\n<td>\n<p style=\"text-align: center;\"><em><span style=\"color: #808080;\">Event organis\u00e9 par Vlisco, \u00e0 <strong>La Villa<\/strong>, pour le lancement de la nouvelle collection <strong>Voila For You<\/strong> le 7 ao\u00fbt 2015. Lom\u00e9. Togo<\/span><\/em><\/p>\n<p style=\"text-align: center;\"><span style=\"color: #000000; font-size: 14pt;\">\u00c9merveill\u00e9e, je le suis incontestablement en d\u00e9couvrant, ce vendredi soir du mois\u00a0d\u2019ao\u00fbt,\u00a0les\u00a0cr\u00e9ations (modernes et sexy) de la marque Wakafrica\u00a0(lanc\u00e9e par la styliste Malika El Assad) qui s&rsquo;exposent, dans le cadre d&rsquo;un d\u00e9fil\u00e9 organis\u00e9 pour le lancement de la nouvelle collection Voila For You, au bar lounge lom\u00e9en <strong>La Villa.<\/strong><\/span><\/p>\n<p style=\"text-align: center;\">\u00a0<\/p>\n<p style=\"text-align: center;\"><span style=\"color: #000000; font-size: 14pt;\">Je me devais donc de capturer les mod\u00e8les pour lesquels je venais de tomber en p\u00e2moison.<\/span><\/p>\n<p style=\"text-align: center;\">\u00a0<\/p>\n<p style=\"text-align: center;\"><span style=\"color: #000000; font-size: 14pt;\">Pour en savoir plus sur La Villa, les stylistes ayant actuellement la c\u00f4te \u00e0 Lom\u00e9 et explorer virtuellement la capitale togolaise c&rsquo;est par <a style=\"color: #000000;\" href=\"https:\/\/www.journaldunpigeonvoyageur.com\/blog\/2015\/09\/15\/parce-que-lome-le-vaut-bien\/\" target=\"_blank\">ici<\/a>\u00a0.<\/span><\/p>\n<p style=\"text-align: center;\">\u00a0<\/p>\n<\/td>\n<\/tr>\n<\/tbody>\n<\/table>\n<p style=\"text-align: center;\"><span style=\"color: #000000; font-size: 14pt;\"><strong>N\u00b03<\/strong><\/span><\/p>\n<div>\u00a0<\/div>\n<table cellspacing=\"0\" cellpadding=\"0\" align=\"center\">\n<tbody>\n<tr>\n<td><a href=\"http:\/\/2.bp.blogspot.com\/-vbmG5xOop0I\/VjG1riQ1J_I\/AAAAAAABJSg\/nhAqpwupTbE\/s1600\/FullSizeRender.jpg\"><img loading=\"lazy\" decoding=\"async\" src=\"http:\/\/2.bp.blogspot.com\/-vbmG5xOop0I\/VjG1riQ1J_I\/AAAAAAABJSg\/nhAqpwupTbE\/s640\/FullSizeRender.jpg\" alt=\"\" width=\"480\" height=\"640\" border=\"0\" \/><\/a><\/td>\n<\/tr>\n<tr>\n<td><span style=\"color: #808080;\"><em>oeuvre de streetart, Fela, rues de Lom\u00e9.Togo<\/em><\/span><\/td>\n<\/tr>\n<\/tbody>\n<\/table>\n<div style=\"text-align: center;\">\u00a0<\/div>\n<div style=\"text-align: center;\"><span style=\"color: #000000; font-size: 14pt;\"> J-2 heures avant mon d\u00e9part de Lom\u00e9, l&rsquo;heure de la fin des vacances estivales a sonn\u00e9.<\/span><\/div>\n<div style=\"text-align: center;\">\u00a0<\/div>\n<div style=\"text-align: center;\">\u00a0<\/div>\n<div style=\"text-align: center;\"><span style=\"color: #000000; font-size: 14pt;\"> Enfin presque.. car je profite tant bien que mal ( en raison d&rsquo;un d\u00e9but d&rsquo;angine qui\u00a0m\u2019\u00e9puise) de mes derniers moments dans la ville.<\/span><\/div>\n<div style=\"text-align: center;\">\u00a0<\/div>\n<div style=\"text-align: center;\"><span style=\"color: #000000; font-size: 14pt;\">\u00a0<\/span><\/div>\n<div style=\"text-align: center;\"><span style=\"color: #000000; font-size: 14pt;\">En attendant que le feu passe au vert je scrute, confortablement install\u00e9e \u00e0 l&rsquo;arri\u00e8re de la voiture qui m&#8217;emm\u00e8ne d\u00e9jeuner au<strong> restaurant Nop\u00e9gali VIP<\/strong>, les rues de la capitale.<\/span><\/div>\n<div style=\"text-align: center;\">\u00a0<\/div>\n<div style=\"text-align: center;\"><span style=\"color: #000000; font-size: 14pt;\">C&rsquo;est ainsi que je remarque, sur ma droite, ce tag repr\u00e9sentant (feu) le chanteur nig\u00e9rian\u00a0<strong>Fela Kuti<\/strong> (p\u00e8re de l&rsquo;afrobeat\u00a0que l&rsquo;on ne pr\u00e9sente plus) que je m&#8217;empresse alors de photographier.<\/span><\/div>\n<div style=\"text-align: center;\">\u00a0<\/div>\n<div style=\"text-align: center;\"><span style=\"color: #000000; font-size: 14pt;\">\u00a0<\/span><\/div>\n<div style=\"text-align: center;\"><span style=\"color: #000000; font-size: 14pt;\">Le personnage est ressemblant, la phrase un brin provocatrice aurait pu \u00eatre prononc\u00e9e par Fela et je r\u00e9alise que Lom\u00e9 cache de bien belles\u00a0\u0153uvres\u00a0de streetart \ud83d\ude42<\/span><\/div>\n<div style=\"text-align: center;\">\u00a0<\/div>\n<div style=\"text-align: center;\"><span style=\"color: #000000; font-size: 14pt;\">\u00a0<\/span><\/div>\n<div style=\"text-align: center;\"><span style=\"color: #000000; font-size: 14pt;\">Pour \u00a0d\u00e9couvrir les surprise artistiques, qu&rsquo;il s&rsquo;agisse ou non d&rsquo;art de rue, qu&rsquo;elle vous r\u00e9serve c&rsquo;est par\u00a0<a style=\"color: #000000;\" href=\"https:\/\/www.journaldunpigeonvoyageur.com\/blog\/2015\/09\/15\/parce-que-lome-le-vaut-bien\/\" target=\"_blank\">ici<\/a>.<\/span><\/div>\n<div style=\"text-align: center;\">\u00a0<\/div>\n<div style=\"text-align: center;\"><span style=\"font-size: 14pt; color: #000000;\">\u00a0<\/span><\/div>\n<p style=\"text-align: center;\"><span style=\"color: #000000; font-size: 14pt;\"><strong>N\u00b04<\/strong><\/span><\/p>\n<div>\u00a0<\/div>\n<table cellspacing=\"0\" cellpadding=\"0\" align=\"center\">\n<tbody>\n<tr>\n<td><a href=\"http:\/\/1.bp.blogspot.com\/-D90QVvWU4t8\/VjG1ht7THBI\/AAAAAAABJSI\/aSAj_rr4kXI\/s1600\/FullSizeRender-110.jpg\"><img loading=\"lazy\" decoding=\"async\" src=\"http:\/\/1.bp.blogspot.com\/-D90QVvWU4t8\/VjG1ht7THBI\/AAAAAAABJSI\/aSAj_rr4kXI\/s640\/FullSizeRender-110.jpg\" alt=\"\" width=\"480\" height=\"640\" border=\"0\" \/><\/a><\/td>\n<\/tr>\n<tr>\n<td><span style=\"color: #808080;\"><em>panorama depuis la piscine de l&rsquo;h\u00f4tel Casa Del Papa, Ouidah. B\u00e9nin<\/em><\/span><\/td>\n<\/tr>\n<\/tbody>\n<\/table>\n<div>\n<p style=\"text-align: center;\"><span style=\"font-size: 14pt; color: #000000;\">\u00a0 <\/span><\/p>\n<p style=\"text-align: center;\"><span style=\"font-size: 14pt; color: #000000;\">Le magnifique\u00a0panorama offert, sur la mer et les cocotiers, depuis la piscine de <strong>l&rsquo;h\u00f4tel Casa Del Papa<\/strong> (se trouvant \u00e0 <strong>Ouidah<\/strong> au B\u00e9nin) m&rsquo;a toujours s\u00e9duite.<\/span><\/p>\n<p style=\"text-align: center;\">\u00a0<\/p>\n<p style=\"text-align: center;\"><span style=\"font-size: 14pt; color: #000000;\">Il \u00e9tait grand temps que je l&rsquo;immortalise \ud83d\ude42<\/span><\/p>\n<\/div>\n<div style=\"text-align: center;\"><span style=\"color: #000000; font-size: 14pt;\">\u00a0<\/span><\/div>\n<div style=\"text-align: center;\"><span style=\"color: #000000; font-size: 14pt;\">Pour en savoir plus sur cet \u00e9tablissement mais \u00e9galement sur la ville de Ouidah c&rsquo;est par\u00a0<a style=\"color: #000000;\" href=\"https:\/\/www.journaldunpigeonvoyageur.com\/blog\/2015\/09\/25\/ouidah-une-ville-beninoise-la-croisee-des-chemins\/\" target=\"_blank\">ici.<\/a><\/span><\/div>\n<div style=\"text-align: center;\"><span style=\"font-size: 14pt; color: #000000;\">\u00a0<\/span><\/div>\n<div style=\"text-align: center;\"><span style=\"color: #000000; font-size: 14pt;\"><strong>\u00a0N\u00b05<\/strong><\/span><\/div>\n<div style=\"text-align: center;\">\u00a0<\/div>\n<table cellspacing=\"0\" cellpadding=\"0\" align=\"center\">\n<tbody>\n<tr>\n<td><a href=\"http:\/\/3.bp.blogspot.com\/-oTbkzpuzgg8\/VjG1oId-RPI\/AAAAAAABJSY\/yrDEeTd-vb4\/s1600\/FullSizeRender-111.jpg\"><img loading=\"lazy\" decoding=\"async\" src=\"http:\/\/3.bp.blogspot.com\/-oTbkzpuzgg8\/VjG1oId-RPI\/AAAAAAABJSY\/yrDEeTd-vb4\/s640\/FullSizeRender-111.jpg\" alt=\"\" width=\"480\" height=\"640\" border=\"0\" \/><\/a><\/td>\n<\/tr>\n<tr>\n<td><span style=\"color: #808080;\"><em>les Oleyia, boulevard Circulaire, Lom\u00e9. Togo<\/em><\/span><\/td>\n<\/tr>\n<\/tbody>\n<\/table>\n<div style=\"text-align: center;\">\u00a0<\/div>\n<div style=\"text-align: center;\">\u00a0<\/div>\n<div style=\"text-align: center;\"><span style=\"color: #000000; font-size: 14pt;\">C&rsquo;est depuis la terrasse, donnant sur le Boulevard Circulaire,\u00a0du Festival des Glaces (o\u00f9 je m&rsquo;\u00e9tais arr\u00eat\u00e9e pour d\u00e9guster une glace) que j&rsquo;ai pris cette photographie.<\/span><\/div>\n<div style=\"text-align: center;\">\u00a0<\/div>\n<div style=\"text-align: center;\"><span style=\"color: #000000; font-size: 14pt;\">\u00a0<\/span><\/div>\n<div style=\"text-align: center;\"><span style=\"color: #000000; font-size: 14pt;\">Si la circulation \u00e9tait, \u00e0 cette heure l\u00e0, loin d&rsquo;\u00eatre dense, les<strong> Oleyia<\/strong> (motards appel\u00e9s Zemidjans au B\u00e9nin voisin) occupaient d\u00e9j\u00e0, quant \u00e0 eux, largement les voies.<\/span><\/div>\n<div style=\"text-align: center;\">\u00a0<\/div>\n<div style=\"text-align: center;\"><span style=\"color: #000000; font-size: 14pt;\">En quelques ann\u00e9es, Lom\u00e9 a, de toute \u00e9vidence, pris des airs de Cotonou.<\/span><\/div>\n<div style=\"text-align: center;\">\u00a0<\/div>\n<div style=\"text-align: center;\"><span style=\"color: #000000; font-size: 14pt;\">Pour en apprendre davantage sur ce ph\u00e9nom\u00e8ne des Oleyia c&rsquo;est par\u00a0<a style=\"color: #000000;\" href=\"https:\/\/www.journaldunpigeonvoyageur.com\/blog\/2015\/09\/15\/parce-que-lome-le-vaut-bien\/\" target=\"_blank\">ici<\/a>.<\/span><\/div>\n<div style=\"text-align: center;\">\u00a0<\/div>\n<div>\n<p style=\"text-align: center;\"><span style=\"color: #000000; font-size: 14pt;\">Et vous ? Quel \u00e9tait votre clich\u00e9 JPV pr\u00e9f\u00e9r\u00e9, publi\u00e9 sur Instagram, du mois d&rsquo;ao\u00fbt ?<\/span><\/p>\n<p style=\"text-align: center;\">\u00a0<\/p>\n<p style=\"text-align: center;\"><span style=\"color: #000000; font-size: 14pt;\">N&rsquo;h\u00e9sitez pas \u00e0 m&rsquo;en faire part dans vos commentaires.<\/span><\/p>\n<\/div>\n","protected":false},"excerpt":{"rendered":"<p>\u00a0 &nbsp; Votre Top 5 Insta JPV,\u00a0Ao\u00fbt\u00a02015 \u00a0 \u00a0 C&rsquo;est en lisant, le week-end dernier, cet article\u00a0(consacr\u00e9 au site, d&rsquo;impression en ligne de photographies,\u00a0Pix Populi)\u00a0que venait de publier\u00a0Jo\u00eblle (la r\u00e9dactrice du blog\u00a0Elle Dit 8\u00a0qui a d&rsquo;ailleurs \u00e9t\u00e9, il y a quelques mois, mon\u00a0invit\u00e9e\u00a0de Paroles d&rsquo;Amoureux&#8230;<\/p>\n","protected":false},"author":2,"featured_media":17575,"comment_status":"open","ping_status":"open","sticky":false,"template":"","format":"standard","meta":{"slim_seo":{"title":"VOS INSTA PICS PR\u00c9F\u00c9R\u00c9ES, AO\u00dbT 2015 - Journal d&#039;un Pigeon Voyageur","description":"\u00a0 &nbsp; Votre Top 5 Insta JPV,\u00a0Ao\u00fbt\u00a02015 \u00a0 \u00a0 C'est en lisant, le week-end dernier, cet article \u00a0(consacr\u00e9 au site, d'impression en ligne de photographies,\u00a0 Pix"},"footnotes":""},"categories":[36,37,33,1,20],"tags":[144,181],"class_list":["post-26","post","type-post","status-publish","format-standard","has-post-thumbnail","hentry","category-benin","category-le-jpv-autrement","category-togo","category-tous","category-vos-insta-pics-preferees","tag-classement-jpv","tag-instagram"],"_links":{"self":[{"href":"https:\/\/www.journaldunpigeonvoyageur.com\/blog\/wp-json\/wp\/v2\/posts\/26","targetHints":{"allow":["GET"]}}],"collection":[{"href":"https:\/\/www.journaldunpigeonvoyageur.com\/blog\/wp-json\/wp\/v2\/posts"}],"about":[{"href":"https:\/\/www.journaldunpigeonvoyageur.com\/blog\/wp-json\/wp\/v2\/types\/post"}],"author":[{"embeddable":true,"href":"https:\/\/www.journaldunpigeonvoyageur.com\/blog\/wp-json\/wp\/v2\/users\/2"}],"replies":[{"embeddable":true,"href":"https:\/\/www.journaldunpigeonvoyageur.com\/blog\/wp-json\/wp\/v2\/comments?post=26"}],"version-history":[{"count":10,"href":"https:\/\/www.journaldunpigeonvoyageur.com\/blog\/wp-json\/wp\/v2\/posts\/26\/revisions"}],"predecessor-version":[{"id":8958,"href":"https:\/\/www.journaldunpigeonvoyageur.com\/blog\/wp-json\/wp\/v2\/posts\/26\/revisions\/8958"}],"wp:featuredmedia":[{"embeddable":true,"href":"https:\/\/www.journaldunpigeonvoyageur.com\/blog\/wp-json\/wp\/v2\/media\/17575"}],"wp:attachment":[{"href":"https:\/\/www.journaldunpigeonvoyageur.com\/blog\/wp-json\/wp\/v2\/media?parent=26"}],"wp:term":[{"taxonomy":"category","embeddable":true,"href":"https:\/\/www.journaldunpigeonvoyageur.com\/blog\/wp-json\/wp\/v2\/categories?post=26"},{"taxonomy":"post_tag","embeddable":true,"href":"https:\/\/www.journaldunpigeonvoyageur.com\/blog\/wp-json\/wp\/v2\/tags?post=26"}],"curies":[{"name":"wp","href":"https:\/\/api.w.org\/{rel}","templated":true}]}}