{"id":20873,"date":"2017-03-21T18:52:07","date_gmt":"2017-03-21T17:52:07","guid":{"rendered":"https:\/\/journaldunpigeonvoyageur.com\/blog\/?p=20873"},"modified":"2019-06-11T12:03:13","modified_gmt":"2019-06-11T11:03:13","slug":"quand-lart-revalorise-un-quartier-populaire-lyonnais","status":"publish","type":"post","link":"https:\/\/www.journaldunpigeonvoyageur.com\/blog\/2017\/03\/21\/quand-lart-revalorise-un-quartier-populaire-lyonnais\/","title":{"rendered":"MUS\u00c9E URBAIN TONY GARNIER, QUAND L&rsquo;ART REVALORISE UN QUARTIER POPULAIRE LYONNAIS"},"content":{"rendered":"<p style=\"text-align: center;\"><img loading=\"lazy\" decoding=\"async\" class=\"aligncenter wp-image-20880 size-large\" src=\"https:\/\/www.journaldunpigeonvoyageur.com\/blog\/wp-content\/uploads\/2017\/03\/b-min-1024x768.jpg\" alt=\"\" width=\"1024\" height=\"768\" srcset=\"https:\/\/www.journaldunpigeonvoyageur.com\/blog\/wp-content\/uploads\/2017\/03\/b-min-1024x768.jpg 1024w, https:\/\/www.journaldunpigeonvoyageur.com\/blog\/wp-content\/uploads\/2017\/03\/b-min-300x225.jpg 300w, https:\/\/www.journaldunpigeonvoyageur.com\/blog\/wp-content\/uploads\/2017\/03\/b-min-768x576.jpg 768w, https:\/\/www.journaldunpigeonvoyageur.com\/blog\/wp-content\/uploads\/2017\/03\/b-min-600x450.jpg 600w, https:\/\/www.journaldunpigeonvoyageur.com\/blog\/wp-content\/uploads\/2017\/03\/b-min.jpg 2000w\" sizes=\"auto, (max-width: 1024px) 100vw, 1024px\" \/><\/p>\n<p style=\"text-align: center;\"><span style=\"color: #808080;\"><em>mur peint du Mus\u00e9e Urbain Tony Garnier repr\u00e9sentant le Stade Gerland,\u00a0oeuvre de Tony Garnier<\/em><\/span><\/p>\n<p style=\"text-align: center;\"><span style=\"color: #808080;\">\u00a0<\/span><\/p>\n<p style=\"text-align: center;\"><span style=\"color: #000000;\">\u00a0<\/span><\/p>\n<p style=\"text-align: center;\"><span style=\"font-family: arial, helvetica, sans-serif; font-size: 14pt; color: #000000;\">\u00a0Plus de 90 ans apr\u00e8s sa cr\u00e9ation \u00e0 la lisi\u00e8re des villes de Lyon et de V\u00e9nissieux, le <strong>quartier des Etats-Unis<\/strong>, situ\u00e9 dans l&rsquo;actuel 8 \u00e8me arrondissement de la capitale des Gaules, \u00a0demeure marqu\u00e9\u00a0par l&#8217;empreinte de son illustre concepteur : le visionnaire architecte-urbaniste lyonnais\u00a0<strong>Tony Garnier<\/strong>.<\/span><\/p>\n<p style=\"text-align: center;\"><span style=\"color: #000000;\">\u00a0<\/span><\/p>\n<p style=\"text-align: center;\"><img loading=\"lazy\" decoding=\"async\" class=\"alignnone wp-image-20879 size-large\" src=\"https:\/\/www.journaldunpigeonvoyageur.com\/blog\/wp-content\/uploads\/2017\/03\/a-min-1024x768.jpg\" alt=\"\" width=\"1024\" height=\"768\" srcset=\"https:\/\/www.journaldunpigeonvoyageur.com\/blog\/wp-content\/uploads\/2017\/03\/a-min-1024x768.jpg 1024w, https:\/\/www.journaldunpigeonvoyageur.com\/blog\/wp-content\/uploads\/2017\/03\/a-min-300x225.jpg 300w, https:\/\/www.journaldunpigeonvoyageur.com\/blog\/wp-content\/uploads\/2017\/03\/a-min-768x576.jpg 768w, https:\/\/www.journaldunpigeonvoyageur.com\/blog\/wp-content\/uploads\/2017\/03\/a-min-600x450.jpg 600w, https:\/\/www.journaldunpigeonvoyageur.com\/blog\/wp-content\/uploads\/2017\/03\/a-min.jpg 2000w\" sizes=\"auto, (max-width: 1024px) 100vw, 1024px\" \/>\u00a0<\/p>\n<p style=\"text-align: center;\"><em><span style=\"color: #808080;\">mur peint du Mus\u00e9e Urbain Tony Garnier repr\u00e9sentant l\u2019int\u00e9rieur\u00a0de la Villa\u00a0de l&rsquo;architecte<\/span><\/em><\/p>\n<p style=\"text-align: center;\">\u00a0<\/p>\n<p style=\"text-align: center;\">\u00a0<\/p>\n<p style=\"text-align: center;\"><span style=\"font-family: arial, helvetica, sans-serif; font-size: 14pt; color: #000000;\">C&rsquo;est \u00e0 la fin des ann\u00e9es 1910\u00a0qu&rsquo;<strong>Edouard Herriot<\/strong>, alors \u00e9dile\u00a0de Lyon, lui confie la construction de cet innovant et vaste ensemble d&rsquo;<strong>Habitations \u00e0 Bon March\u00e9<\/strong> ( anc\u00eatres des Habitations \u00e0 Loyer Mod\u00e9r\u00e9 que l&rsquo;on connait aujourd&rsquo;hui) destin\u00e9 \u00e0 accueillir les\u00a0ouvriers travaillant dans les usines alentours.<\/span><\/p>\n<p style=\"text-align: center;\"><span style=\"color: #000000;\">\u00a0<\/span><\/p>\n<p style=\"text-align: center;\"><span style=\"color: #000000;\">\u00a0<\/span><\/p>\n<p style=\"text-align: center;\"><span style=\"font-family: arial, helvetica, sans-serif; font-size: 14pt; color: #000000;\">13 ann\u00e9es, de 1920 \u00e0 1933, seront n\u00e9cessaires \u00e0 l&rsquo;\u00e9rection de ce projet d&rsquo;urbanisation\u00a0qui, tr\u00e8s vite, se r\u00e9v\u00e8le avant gardiste. <\/span><\/p>\n<p style=\"text-align: center;\"><span style=\"color: #000000;\">\u00a0<\/span><\/p>\n<p style=\"text-align: center;\"><span style=\"font-family: arial, helvetica, sans-serif; font-size: 14pt; color: #000000;\">Soucieux du bien-\u00eatre de\u00a0ces travailleurs aux revenus modestes, <strong>Tony Garnier<\/strong> con\u00e7oit, en effet, une cit\u00e9 aux antipodes des habitats insalubres et pr\u00e9caires o\u00f9 ils \u00e9taient , jusque l\u00e0, contraints, faute de moyens, d&rsquo;habiter.\u00a0<\/span><\/p>\n<p style=\"text-align: center;\">\u00a0<\/p>\n<p style=\"text-align: center;\"><span style=\"color: #000000;\">\u00a0<\/span><\/p>\n<p>&nbsp;<\/p>\n<p><img loading=\"lazy\" decoding=\"async\" class=\"aligncenter wp-image-20897 size-large\" src=\"https:\/\/www.journaldunpigeonvoyageur.com\/blog\/wp-content\/uploads\/2017\/03\/FullSizeRender-371-min-768x1024.jpg\" alt=\"\" width=\"768\" height=\"1024\" srcset=\"https:\/\/www.journaldunpigeonvoyageur.com\/blog\/wp-content\/uploads\/2017\/03\/FullSizeRender-371-min-768x1024.jpg 768w, https:\/\/www.journaldunpigeonvoyageur.com\/blog\/wp-content\/uploads\/2017\/03\/FullSizeRender-371-min-225x300.jpg 225w, https:\/\/www.journaldunpigeonvoyageur.com\/blog\/wp-content\/uploads\/2017\/03\/FullSizeRender-371-min-600x800.jpg 600w, https:\/\/www.journaldunpigeonvoyageur.com\/blog\/wp-content\/uploads\/2017\/03\/FullSizeRender-371-min.jpg 960w\" sizes=\"auto, (max-width: 768px) 100vw, 768px\" \/><\/p>\n<p style=\"text-align: center;\"><span style=\"color: #ff0000;\">\u00a0<span style=\"color: #808080;\"><em>mur peint du Mus\u00e9e urbain Tony Garnier repr\u00e9sentant Lyon dans les ann\u00e9es 1900. <\/em><\/span><\/span><\/p>\n<p style=\"text-align: center;\"><span style=\"color: #ff0000;\"><span style=\"color: #808080;\"><em>En haut : les ruelles sombres, les usines. En bas : les publicit\u00e9s relatives aux derni\u00e8res inventions d&rsquo;entreprises locales (voiture et cin\u00e9ma)<\/em><\/span><\/span><\/p>\n<p style=\"text-align: center;\">\u00a0<\/p>\n<p style=\"text-align: center;\"><span style=\"font-family: arial, helvetica, sans-serif; font-size: 14pt; color: #000000;\">Ainsi, chaque \u00eelot de la future Cit\u00e9 Garnier (comme elle sera ult\u00e9rieurement baptis\u00e9e) comprend \u00a0des immeubles \u00e0 \u00e9tages peu \u00e9lev\u00e9s ( de\u00a03, initialement pr\u00e9vus, ce nombre passera, finalement et pour des raisons budg\u00e9taires, \u00e0 5) entour\u00e9s de cours-jardins. <\/span><\/p>\n<p>&nbsp;<\/p>\n<p><span style=\"color: #000000;\">\u00a0<\/span><img loading=\"lazy\" decoding=\"async\" class=\"wp-image-20886 size-large aligncenter\" src=\"https:\/\/www.journaldunpigeonvoyageur.com\/blog\/wp-content\/uploads\/2017\/03\/h-min-1024x768.jpg\" alt=\"\" width=\"1024\" height=\"768\" srcset=\"https:\/\/www.journaldunpigeonvoyageur.com\/blog\/wp-content\/uploads\/2017\/03\/h-min-1024x768.jpg 1024w, https:\/\/www.journaldunpigeonvoyageur.com\/blog\/wp-content\/uploads\/2017\/03\/h-min-300x225.jpg 300w, https:\/\/www.journaldunpigeonvoyageur.com\/blog\/wp-content\/uploads\/2017\/03\/h-min-768x576.jpg 768w, https:\/\/www.journaldunpigeonvoyageur.com\/blog\/wp-content\/uploads\/2017\/03\/h-min-600x450.jpg 600w, https:\/\/www.journaldunpigeonvoyageur.com\/blog\/wp-content\/uploads\/2017\/03\/h-min.jpg 2000w\" sizes=\"auto, (max-width: 1024px) 100vw, 1024px\" \/><\/p>\n<p style=\"text-align: center;\"><span style=\"color: #808080;\"><em>immeubles de la Cit\u00e9 Garnier<\/em>\u00a0<\/span><\/p>\n<p style=\"text-align: center;\">\u00a0<\/p>\n<p style=\"text-align: center;\"><span style=\"font-family: arial, helvetica, sans-serif; font-size: 14pt; color: #000000;\">Les appartements, de 2, 3 ou 4 pi\u00e8ces, \u00a0b\u00e9n\u00e9ficient, quant \u00e0 eux, d&rsquo;un confort et d&rsquo;un am\u00e9nagement r\u00e9solument modernes pour l&rsquo;\u00e9poque. <\/span><\/p>\n<p style=\"text-align: center;\"><span style=\"color: #000000;\">\u00a0<\/span><\/p>\n<p style=\"text-align: center;\"><span style=\"font-family: arial, helvetica, sans-serif; font-size: 14pt; color: #000000;\">Ils poss\u00e8dent, en effet, \u00e9lectricit\u00e9, eau courante,\u00a0gaz ainsi que sanitaires et disposent, par ailleurs, de \u00a0fen\u00eatres et\u00a0balcons. <\/span><\/p>\n<p style=\"text-align: center;\"><span style=\"color: #000000;\">\u00a0<\/span><\/p>\n<p style=\"text-align: center;\"><span style=\"font-family: arial, helvetica, sans-serif; font-size: 14pt; color: #000000;\">Cependant l&rsquo;absence de r\u00e9novations entreprises depuis\u00a0son\u00a0inauguration, cinquante ans plus t\u00f4t, conjugu\u00e9e \u00e0 la v\u00e9tust\u00e9 des lieux conduisent, \u00e0 partir\u00a0du d\u00e9but des ann\u00e9es 1980, \u00e0 envisager une vaste et originale op\u00e9ration de r\u00e9habilitation de la cit\u00e9. <\/span><\/p>\n<p style=\"text-align: center;\"><span style=\"color: #000000;\">\u00a0<\/span><\/p>\n<p style=\"text-align: center;\"><span style=\"font-family: arial, helvetica, sans-serif; font-size: 14pt; color: #000000;\">Au terme d&rsquo;une consultation tripartite entre l&rsquo;OPAC du Grand Lyon (aujourd&rsquo;hui Grand Lyon Habitat), bailleur social propri\u00e9taire de la cit\u00e9 Garnier, les habitants de cette derni\u00e8re regroup\u00e9s en comit\u00e9s de locataires et les artistes de la coop\u00e9rative <strong>Cit\u00e9Cr\u00e9ation<\/strong>, il est, donc, d\u00e9cid\u00e9,\u00a0qu&rsquo;\u00a0en sus des mises aux normes devant obligatoirement \u00eatre effectu\u00e9es, cette r\u00e9novation prendra \u00e9galement \u00a0la forme de r\u00e9alisation de peintures murales. <\/span><\/p>\n<p style=\"text-align: center;\"><span style=\"color: #000000;\">\u00a0<\/span><\/p>\n<p style=\"text-align: center;\"><span style=\"font-family: arial, helvetica, sans-serif; font-size: 14pt; color: #000000;\">\u00a0Mais en s&rsquo;affichant sur les pignons des immeubles, ces gigantesques <strong>murs peints<\/strong> seront bien plus que de simples \u0153uvres d&#8217;embellissement.<\/span><\/p>\n<p style=\"text-align: center;\"><span style=\"color: #000000;\">\u00a0<\/span><\/p>\n<p style=\"text-align: center;\"><span style=\"font-family: arial, helvetica, sans-serif; font-size: 14pt; color: #000000;\">Car \u00e0 travers eux, c&rsquo;est bien la<strong> revalorisation<\/strong> de l&rsquo;image de ce quartier populaire qui est, gr\u00e2ce \u00e0 l&rsquo;Art et la Culture, d\u00e9sormais consid\u00e9r\u00e9e.<\/span><\/p>\n<p style=\"text-align: center;\"><span style=\"color: #000000;\">\u00a0<\/span><\/p>\n<p style=\"text-align: center;\"><span style=\"font-family: arial, helvetica, sans-serif; font-size: 14pt; color: #000000;\">Ainsi na\u00eet l&rsquo;insolite <strong>Mus\u00e9e Urbain Tony Garnier<\/strong> dont les<strong> 25 peintures murales<\/strong>, ex\u00e9cut\u00e9es\u00a0entre 1989 et 2001, rendent hommage, sur plus de 5500 m2, \u00a0aux id\u00e9aux ainsi qu&rsquo;aux r\u00e9alisations architecturales lyonnaises de Tony Garnier.\u00a0<\/span><\/p>\n<p style=\"text-align: center;\"><span style=\"color: #000000;\">\u00a0<\/span><\/p>\n<p style=\"text-align: center;\"><img loading=\"lazy\" decoding=\"async\" class=\"alignnone wp-image-20900 size-large\" src=\"https:\/\/www.journaldunpigeonvoyageur.com\/blog\/wp-content\/uploads\/2017\/03\/FullSizeRender-377-min-1024x768.jpg\" alt=\"\" width=\"1024\" height=\"768\" srcset=\"https:\/\/www.journaldunpigeonvoyageur.com\/blog\/wp-content\/uploads\/2017\/03\/FullSizeRender-377-min-1024x768.jpg 1024w, https:\/\/www.journaldunpigeonvoyageur.com\/blog\/wp-content\/uploads\/2017\/03\/FullSizeRender-377-min-300x225.jpg 300w, https:\/\/www.journaldunpigeonvoyageur.com\/blog\/wp-content\/uploads\/2017\/03\/FullSizeRender-377-min-768x576.jpg 768w, https:\/\/www.journaldunpigeonvoyageur.com\/blog\/wp-content\/uploads\/2017\/03\/FullSizeRender-377-min-600x450.jpg 600w, https:\/\/www.journaldunpigeonvoyageur.com\/blog\/wp-content\/uploads\/2017\/03\/FullSizeRender-377-min.jpg 1280w\" sizes=\"auto, (max-width: 1024px) 100vw, 1024px\" \/><\/p>\n<p style=\"text-align: center;\"><span style=\"color: #808080;\">\u00a0<em>mur signaletique au d\u00e9but du parcours du Mus\u00e9e Urbain Tony Garnier<\/em><\/span><\/p>\n<p style=\"text-align: center;\"><span style=\"color: #000000;\">\u00a0<\/span><\/p>\n<p style=\"text-align: center;\"><span style=\"color: #000000;\">\u00a0<\/span><\/p>\n<p style=\"text-align: center;\"><span style=\"font-family: arial, helvetica, sans-serif; font-size: 14pt; color: #000000;\">L&rsquo;exploration de cet antre culturel unique en son genre d\u00e9bute \u00a0par la visite (pouvant se faire \u00e0 l&rsquo;aide d&rsquo; un audio-guide ou accompagn\u00e9 d&rsquo;un guide) de l&rsquo;<strong> appartement-t\u00e9moin<\/strong> datant des ann\u00e9es 1930.<\/span><\/p>\n<p style=\"text-align: center;\"><span style=\"color: #000000;\">\u00a0<\/span><\/p>\n<p style=\"text-align: center;\">\u00a0<\/p>\n<p style=\"text-align: center;\"><img loading=\"lazy\" decoding=\"async\" class=\"alignnone wp-image-20881 size-large\" src=\"https:\/\/www.journaldunpigeonvoyageur.com\/blog\/wp-content\/uploads\/2017\/03\/c-min-1024x768.jpg\" alt=\"\" width=\"1024\" height=\"768\" srcset=\"https:\/\/www.journaldunpigeonvoyageur.com\/blog\/wp-content\/uploads\/2017\/03\/c-min-1024x768.jpg 1024w, https:\/\/www.journaldunpigeonvoyageur.com\/blog\/wp-content\/uploads\/2017\/03\/c-min-300x225.jpg 300w, https:\/\/www.journaldunpigeonvoyageur.com\/blog\/wp-content\/uploads\/2017\/03\/c-min-768x576.jpg 768w, https:\/\/www.journaldunpigeonvoyageur.com\/blog\/wp-content\/uploads\/2017\/03\/c-min-600x450.jpg 600w, https:\/\/www.journaldunpigeonvoyageur.com\/blog\/wp-content\/uploads\/2017\/03\/c-min.jpg 2000w\" sizes=\"auto, (max-width: 1024px) 100vw, 1024px\" \/><\/p>\n<p style=\"text-align: center;\">\u00a0<\/p>\n<p style=\"text-align: center;\">\u00a0<\/p>\n<p style=\"text-align: center;\"><span style=\"font-family: arial, helvetica, sans-serif; font-size: 14pt; color: #000000;\">Un lumineux trois pi\u00e8ces,\u00a0\u00a0d\u00e9pourvu n\u00e9anmoins\u00a0de salle de bain, dont l&rsquo;am\u00e9nagement a, en grande partie, \u00e9t\u00e9 reconstitu\u00e9 gr\u00e2ce aux divers objets et souvenirs pr\u00eat\u00e9s ou donn\u00e9s par les habitants.<\/span><\/p>\n<p style=\"text-align: center;\"><span style=\"color: #000000;\">\u00a0\u00a0<\/span><\/p>\n<p style=\"text-align: center;\"><span style=\"font-family: arial, helvetica, sans-serif; font-size: 14pt; color: #000000;\">\u00a0Le parcours \u00a0se poursuit, ensuite, \u00a0en fl\u00e2nant \u00e0 travers les rues de cet incroyable ensemble urbain.<\/span><\/p>\n<p style=\"text-align: center;\"><span style=\"color: #000000;\">\u00a0<\/span><\/p>\n<p style=\"text-align: center;\"><span style=\"font-family: arial, helvetica, sans-serif; font-size: 14pt; color: #000000;\">On y d\u00e9couvre, en premier lieu, une s\u00e9rie de murs peints reprenant les croquis et plans de<strong> La Cit\u00e9 Industrielle<\/strong>.<\/span><\/p>\n<p style=\"text-align: center;\">\u00a0\u00a0<\/p>\n<p>&nbsp;<\/p>\n<p style=\"text-align: center;\"><img loading=\"lazy\" decoding=\"async\" class=\"alignnone wp-image-20883 size-large\" src=\"https:\/\/www.journaldunpigeonvoyageur.com\/blog\/wp-content\/uploads\/2017\/03\/e-min-1024x768.jpg\" alt=\"\" width=\"1024\" height=\"768\" srcset=\"https:\/\/www.journaldunpigeonvoyageur.com\/blog\/wp-content\/uploads\/2017\/03\/e-min-1024x768.jpg 1024w, https:\/\/www.journaldunpigeonvoyageur.com\/blog\/wp-content\/uploads\/2017\/03\/e-min-300x225.jpg 300w, https:\/\/www.journaldunpigeonvoyageur.com\/blog\/wp-content\/uploads\/2017\/03\/e-min-768x576.jpg 768w, https:\/\/www.journaldunpigeonvoyageur.com\/blog\/wp-content\/uploads\/2017\/03\/e-min-600x450.jpg 600w, https:\/\/www.journaldunpigeonvoyageur.com\/blog\/wp-content\/uploads\/2017\/03\/e-min.jpg 2000w\" sizes=\"auto, (max-width: 1024px) 100vw, 1024px\" \/><\/p>\n<p style=\"text-align: center;\">\u00a0<\/p>\n<p style=\"text-align: center;\">\u00a0<\/p>\n<p style=\"text-align: center;\"><span style=\"font-family: arial, helvetica, sans-serif; font-size: 14pt; color: #000000;\">Novatrice\u00a0\u00e9tude d&rsquo;urbanisation, imagin\u00e9e et dessin\u00e9e par Tony Garnier lors de sa r\u00e9sidence, au d\u00e9but des ann\u00e9es 1900, \u00e0 la Villa, romaine, M\u00e9dicis, qui sera publi\u00e9e en 1917.<\/span><\/p>\n<p style=\"text-align: center;\">\u00a0<\/p>\n<p style=\"text-align: center;\"><span style=\"font-family: arial, helvetica, sans-serif; font-size: 14pt; color: #000000;\">La sp\u00e9cificit\u00e9 de cette utopique <strong>Cit\u00e9 id\u00e9ale<\/strong> tient \u00e0 la noble finalit\u00e9 qu&rsquo;elle poursuit : apporter les meilleures conditions d&rsquo;existence aux 35000 habitants qu&rsquo;elle comptera.<\/span><\/p>\n<p style=\"text-align: center;\">\u00a0<\/p>\n<p style=\"text-align: center;\"><span style=\"font-family: arial, helvetica, sans-serif; font-size: 14pt; color: #000000;\">Un objectif qui, selon Tony Garnier, ne peut \u00eatre atteint qu&rsquo;en recourant au principe du<strong> zoning<\/strong>.<\/span><\/p>\n<p style=\"text-align: center;\">\u00a0<\/p>\n<p style=\"text-align: center;\"><span style=\"font-family: arial, helvetica, sans-serif; font-size: 14pt; color: #000000;\">La ville est, en cons\u00e9quence, d\u00e9coup\u00e9e en plusieurs\u00a0secteurs\u00a0assumant des fonctions parfaitement distinctes.<\/span><\/p>\n<p>&nbsp;<\/p>\n<p>\u00a0<span style=\"color: #000000;\"><img loading=\"lazy\" decoding=\"async\" class=\"alignnone wp-image-20882 size-large\" src=\"https:\/\/www.journaldunpigeonvoyageur.com\/blog\/wp-content\/uploads\/2017\/03\/d-min-1024x768.jpg\" alt=\"\" width=\"1024\" height=\"768\" srcset=\"https:\/\/www.journaldunpigeonvoyageur.com\/blog\/wp-content\/uploads\/2017\/03\/d-min-1024x768.jpg 1024w, https:\/\/www.journaldunpigeonvoyageur.com\/blog\/wp-content\/uploads\/2017\/03\/d-min-300x225.jpg 300w, https:\/\/www.journaldunpigeonvoyageur.com\/blog\/wp-content\/uploads\/2017\/03\/d-min-768x576.jpg 768w, https:\/\/www.journaldunpigeonvoyageur.com\/blog\/wp-content\/uploads\/2017\/03\/d-min-600x450.jpg 600w, https:\/\/www.journaldunpigeonvoyageur.com\/blog\/wp-content\/uploads\/2017\/03\/d-min.jpg 2000w\" sizes=\"auto, (max-width: 1024px) 100vw, 1024px\" \/><\/span><\/p>\n<p>&nbsp;<\/p>\n<p>&nbsp;<\/p>\n<p style=\"text-align: center;\"><span style=\"font-family: arial, helvetica, sans-serif; font-size: 14pt; color: #000000;\">Install\u00e9e \u00e0 la p\u00e9riph\u00e9rie de la ville\u00a0afin de r\u00e9duire les nuisances, la <strong>zone industrielle<\/strong> est ainsi exclusivement r\u00e9serv\u00e9e au travail.<\/span><\/p>\n<p style=\"text-align: center;\"><span style=\"color: #000000;\">\u00a0<\/span><\/p>\n<p style=\"text-align: center;\"><span style=\"font-family: arial, helvetica, sans-serif; font-size: 14pt; color: #000000;\">Les <strong>quartiers d&rsquo;habitations<\/strong> accueillent, quant \u00e0 eux, \u00a0\u00a0maisons \u00e0 l&rsquo;architecture uniforme , entour\u00e9es d&rsquo;espaces verts, ainsi qu&rsquo;\u00a0\u00e9coles primaires mixtes surmont\u00e9es d&rsquo;un toit terrasse.<\/span><\/p>\n<p style=\"text-align: center;\"><span style=\"color: #000000;\">\u00a0<\/span><\/p>\n<p style=\"text-align: center;\"><img loading=\"lazy\" decoding=\"async\" class=\"aligncenter wp-image-20899 size-large\" src=\"https:\/\/www.journaldunpigeonvoyageur.com\/blog\/wp-content\/uploads\/2017\/03\/FullSizeRender-375-min-768x1024.jpg\" alt=\"\" width=\"768\" height=\"1024\" srcset=\"https:\/\/www.journaldunpigeonvoyageur.com\/blog\/wp-content\/uploads\/2017\/03\/FullSizeRender-375-min-768x1024.jpg 768w, https:\/\/www.journaldunpigeonvoyageur.com\/blog\/wp-content\/uploads\/2017\/03\/FullSizeRender-375-min-225x300.jpg 225w, https:\/\/www.journaldunpigeonvoyageur.com\/blog\/wp-content\/uploads\/2017\/03\/FullSizeRender-375-min-600x800.jpg 600w, https:\/\/www.journaldunpigeonvoyageur.com\/blog\/wp-content\/uploads\/2017\/03\/FullSizeRender-375-min.jpg 960w\" sizes=\"auto, (max-width: 768px) 100vw, 768px\" \/><\/p>\n<p style=\"text-align: center;\"><em><span style=\"color: #808080;\">\u00a0mur peint\u00a0 du Mus\u00e9e urbain Tony Garnier repr\u00e9sentant l\u2019int\u00e9rieur\u00a0d&rsquo;une\u00a0habitation<\/span><\/em><\/p>\n<p style=\"text-align: center;\"><em>\u00a0<\/em><img loading=\"lazy\" decoding=\"async\" class=\"aligncenter wp-image-20898 size-large\" src=\"https:\/\/www.journaldunpigeonvoyageur.com\/blog\/wp-content\/uploads\/2017\/03\/FullSizeRender-373-min-768x1024.jpg\" alt=\"\" width=\"768\" height=\"1024\" srcset=\"https:\/\/www.journaldunpigeonvoyageur.com\/blog\/wp-content\/uploads\/2017\/03\/FullSizeRender-373-min-768x1024.jpg 768w, https:\/\/www.journaldunpigeonvoyageur.com\/blog\/wp-content\/uploads\/2017\/03\/FullSizeRender-373-min-225x300.jpg 225w, https:\/\/www.journaldunpigeonvoyageur.com\/blog\/wp-content\/uploads\/2017\/03\/FullSizeRender-373-min-600x800.jpg 600w, https:\/\/www.journaldunpigeonvoyageur.com\/blog\/wp-content\/uploads\/2017\/03\/FullSizeRender-373-min.jpg 960w\" sizes=\"auto, (max-width: 768px) 100vw, 768px\" \/><\/p>\n<p style=\"text-align: center;\"><span style=\"color: #808080;\"><em>mur peint du Mus\u00e9e Urbain Tony Garnier\u00a0repr\u00e9sentant une \u00e9cole primaire mixte. La photo de classe est l&rsquo;une de celles des habitants du quartier<\/em><\/span><\/p>\n<p style=\"text-align: center;\">\u00a0<\/p>\n<p style=\"text-align: center;\">\u00a0<\/p>\n<p style=\"text-align: center;\"><span style=\"font-family: arial, helvetica, sans-serif; font-size: 14pt; color: #000000;\">Un peu plus loin se d\u00e9voile la zone, comprenant, entre autre, biblioth\u00e8que, piscine et salle de spectacle, d\u00e9volue aux<strong> services<\/strong> <strong>publics<\/strong> con\u00e7us pour \u00eatre ouverts de fa\u00e7on ininterrompue . <\/span><\/p>\n<p style=\"text-align: center;\">\u00a0<\/p>\n<p style=\"text-align: center;\"><span style=\"font-family: arial, helvetica, sans-serif; font-size: 14pt; color: #000000;\">La tr\u00e8s haute <strong>Tour Horloge<\/strong> en est le symbole.<\/span><\/p>\n<p style=\"text-align: center;\">\u00a0<\/p>\n<p><img loading=\"lazy\" decoding=\"async\" class=\"aligncenter wp-image-20885 size-large\" src=\"https:\/\/www.journaldunpigeonvoyageur.com\/blog\/wp-content\/uploads\/2017\/03\/g-min-768x1024.jpg\" alt=\"\" width=\"768\" height=\"1024\" srcset=\"https:\/\/www.journaldunpigeonvoyageur.com\/blog\/wp-content\/uploads\/2017\/03\/g-min-768x1024.jpg 768w, https:\/\/www.journaldunpigeonvoyageur.com\/blog\/wp-content\/uploads\/2017\/03\/g-min-225x300.jpg 225w, https:\/\/www.journaldunpigeonvoyageur.com\/blog\/wp-content\/uploads\/2017\/03\/g-min-600x800.jpg 600w, https:\/\/www.journaldunpigeonvoyageur.com\/blog\/wp-content\/uploads\/2017\/03\/g-min.jpg 1500w\" sizes=\"auto, (max-width: 768px) 100vw, 768px\" \/><\/p>\n<p style=\"text-align: center;\"><span style=\"color: #808080;\"><em>mur peint de la Tour Horloge. Le cadran de 24 heures signifie que les services publics devaient y fonctionner en permanence<\/em><\/span><\/p>\n<p style=\"text-align: center;\">\u00a0<\/p>\n<p style=\"text-align: center;\">\u00a0<\/p>\n<p style=\"text-align: center;\"><span style=\"font-family: arial, helvetica, sans-serif; font-size: 14pt; color: #000000;\">Enfin, les <strong>\u00e9tablissements sanitaires<\/strong> occupent un espace situ\u00e9 plus au nord.<\/span><\/p>\n<p style=\"text-align: center;\">\u00a0<\/p>\n<p style=\"text-align: center;\"><span style=\"font-family: arial, helvetica, sans-serif; font-size: 14pt; color: #000000;\">La communication entre tous ces lieux est rendue possible gr\u00e2ce, notamment, \u00e0 l&rsquo;am\u00e9nagement de routes et\u00a0la construction, par ailleurs, de circuits ferroviaires dont l&rsquo;existence est attest\u00e9e par la cr\u00e9ation d&rsquo;une gare au design pour le moins\u00a0futuriste.<\/span><\/p>\n<p style=\"text-align: center;\">\u00a0<\/p>\n<p style=\"text-align: center;\">\u00a0<\/p>\n<p style=\"text-align: center;\"><img loading=\"lazy\" decoding=\"async\" class=\"alignnone wp-image-20912 size-large\" src=\"https:\/\/www.journaldunpigeonvoyageur.com\/blog\/wp-content\/uploads\/2017\/03\/FullSizeRender-380-min-768x1024.jpg\" alt=\"\" width=\"768\" height=\"1024\" srcset=\"https:\/\/www.journaldunpigeonvoyageur.com\/blog\/wp-content\/uploads\/2017\/03\/FullSizeRender-380-min-768x1024.jpg 768w, https:\/\/www.journaldunpigeonvoyageur.com\/blog\/wp-content\/uploads\/2017\/03\/FullSizeRender-380-min-225x300.jpg 225w, https:\/\/www.journaldunpigeonvoyageur.com\/blog\/wp-content\/uploads\/2017\/03\/FullSizeRender-380-min-600x800.jpg 600w, https:\/\/www.journaldunpigeonvoyageur.com\/blog\/wp-content\/uploads\/2017\/03\/FullSizeRender-380-min.jpg 960w\" sizes=\"auto, (max-width: 768px) 100vw, 768px\" \/><\/p>\n<p style=\"text-align: center;\">\u00a0<em>stations perspective<\/em><\/p>\n<p style=\"text-align: center;\">\u00a0<\/p>\n<p style=\"text-align: center;\">\u00a0<\/p>\n<p style=\"text-align: center;\"><span style=\"font-family: arial, helvetica, sans-serif; font-size: 14pt; color: #000000;\">Le<strong> deuxi\u00e8me temps fort<\/strong> de cette in\u00e9dite visite est, ensuite, marqu\u00e9 par la d\u00e9couverte de<strong> 4 peintures murales<\/strong>\u00a0\u00e9voquant, quant \u00e0 elles, les <strong>grands travaux<\/strong> effectivement r\u00e9alis\u00e9s\u00a0par Tony Garnier dans sa ville natale.<\/span><\/p>\n<p style=\"text-align: center;\">\u00a0<\/p>\n<p style=\"text-align: center;\"><span style=\"font-family: arial, helvetica, sans-serif; font-size: 14pt; color: #000000;\">Force est de constater que ces constructions, \u00a0le\u00a0<strong>Stade Gerland<\/strong>,<\/span><\/p>\n<p style=\"text-align: center;\">\u00a0<\/p>\n<p style=\"text-align: center;\"><img loading=\"lazy\" decoding=\"async\" class=\"aligncenter wp-image-20892 size-large\" src=\"https:\/\/www.journaldunpigeonvoyageur.com\/blog\/wp-content\/uploads\/2017\/03\/FullSizeRender-361-min-1024x768.jpg\" alt=\"\" width=\"1024\" height=\"768\" srcset=\"https:\/\/www.journaldunpigeonvoyageur.com\/blog\/wp-content\/uploads\/2017\/03\/FullSizeRender-361-min-1024x768.jpg 1024w, https:\/\/www.journaldunpigeonvoyageur.com\/blog\/wp-content\/uploads\/2017\/03\/FullSizeRender-361-min-300x225.jpg 300w, https:\/\/www.journaldunpigeonvoyageur.com\/blog\/wp-content\/uploads\/2017\/03\/FullSizeRender-361-min-768x576.jpg 768w, https:\/\/www.journaldunpigeonvoyageur.com\/blog\/wp-content\/uploads\/2017\/03\/FullSizeRender-361-min-600x450.jpg 600w, https:\/\/www.journaldunpigeonvoyageur.com\/blog\/wp-content\/uploads\/2017\/03\/FullSizeRender-361-min.jpg 1632w\" sizes=\"auto, (max-width: 1024px) 100vw, 1024px\" \/><\/p>\n<p style=\"text-align: center;\"><em>course d&rsquo;un athl\u00e8te en bas du mur peint du Mus\u00e9e urbain Tony Garnier repr\u00e9sentant\u00a0le Stade Gerland<\/em>\u00a0<\/p>\n<p style=\"text-align: center;\">\u00a0<\/p>\n<p style=\"text-align: center;\">\u00a0<\/p>\n<p style=\"text-align: center;\"><span style=\"font-family: arial, helvetica, sans-serif; font-size: 14pt; color: #000000;\">les <strong>Abattoirs de la Mouche<\/strong>, anciens march\u00e9s aux bestiaux d\u00e9sormais transform\u00e9s en <strong>Halle Garnier<\/strong><\/span><\/p>\n<p style=\"text-align: center;\">\u00a0<\/p>\n<p style=\"text-align: center;\">\u00a0<\/p>\n<p style=\"text-align: center;\"><img loading=\"lazy\" decoding=\"async\" class=\"aligncenter wp-image-20895 size-large\" src=\"https:\/\/www.journaldunpigeonvoyageur.com\/blog\/wp-content\/uploads\/2017\/03\/FullSizeRender-367-min-768x1024.jpg\" alt=\"\" width=\"768\" height=\"1024\" srcset=\"https:\/\/www.journaldunpigeonvoyageur.com\/blog\/wp-content\/uploads\/2017\/03\/FullSizeRender-367-min-768x1024.jpg 768w, https:\/\/www.journaldunpigeonvoyageur.com\/blog\/wp-content\/uploads\/2017\/03\/FullSizeRender-367-min-225x300.jpg 225w, https:\/\/www.journaldunpigeonvoyageur.com\/blog\/wp-content\/uploads\/2017\/03\/FullSizeRender-367-min-600x800.jpg 600w, https:\/\/www.journaldunpigeonvoyageur.com\/blog\/wp-content\/uploads\/2017\/03\/FullSizeRender-367-min.jpg 1224w\" sizes=\"auto, (max-width: 768px) 100vw, 768px\" \/><\/p>\n<p style=\"text-align: center;\"><span style=\"color: #808080;\"><em>au premier\u00a0plan Herriot et Garnier se serrent la main\u00a0au moment de l&rsquo;inauguration de l&rsquo;\u00e9difice<\/em><\/span><\/p>\n<p style=\"text-align: center;\"><span style=\"color: #808080;\">\u00a0<\/span><\/p>\n<p style=\"text-align: center;\">\u00a0<\/p>\n<p style=\"text-align: center;\"><span style=\"font-family: arial, helvetica, sans-serif; font-size: 14pt; color: #000000;\"><strong>l&rsquo;h\u00f4pital \u00a0de Grange Blanche<\/strong> depuis renomm\u00e9<strong> Edouard Herriot\u00a0<\/strong><\/span><\/p>\n<p>&nbsp;<\/p>\n<p><img loading=\"lazy\" decoding=\"async\" class=\"aligncenter wp-image-20894 size-large\" src=\"https:\/\/www.journaldunpigeonvoyageur.com\/blog\/wp-content\/uploads\/2017\/03\/FullSizeRender-365-min-768x1024.jpg\" alt=\"\" width=\"768\" height=\"1024\" srcset=\"https:\/\/www.journaldunpigeonvoyageur.com\/blog\/wp-content\/uploads\/2017\/03\/FullSizeRender-365-min-768x1024.jpg 768w, https:\/\/www.journaldunpigeonvoyageur.com\/blog\/wp-content\/uploads\/2017\/03\/FullSizeRender-365-min-225x300.jpg 225w, https:\/\/www.journaldunpigeonvoyageur.com\/blog\/wp-content\/uploads\/2017\/03\/FullSizeRender-365-min-600x800.jpg 600w, https:\/\/www.journaldunpigeonvoyageur.com\/blog\/wp-content\/uploads\/2017\/03\/FullSizeRender-365-min.jpg 1224w\" sizes=\"auto, (max-width: 768px) 100vw, 768px\" \/><\/p>\n<p>&nbsp;<\/p>\n<p>&nbsp;<\/p>\n<p style=\"text-align: center;\"><span style=\"font-family: arial, helvetica, sans-serif; font-size: 14pt; color: #000000;\">et \u00a0le <strong>quartier des Etats-Unis<\/strong>,<strong>\u00a0<\/strong>existent\u00a0toujours et continuent de se d\u00e9marquer dans le paysage lyonnais.<\/span><\/p>\n<p style=\"text-align: center;\">\u00a0<\/p>\n<p style=\"text-align: center;\">\u00a0<\/p>\n<p style=\"text-align: center;\"><span style=\"font-family: arial, helvetica, sans-serif; font-size: 14pt; color: #000000;\">Mais ce qui, in fine, rend davantage m\u00e9morable l&rsquo;exp\u00e9rience propos\u00e9e par le Mus\u00e9e Urbain Tony Garnier c&rsquo;est de pouvoir cl\u00f4turer l&rsquo;itin\u00e9raire consacr\u00e9 \u00e0 l&rsquo;architecte-urbaniste fran\u00e7ais\u00a0sur les \u0153uvres de <strong>6 artistes contemporains \u00e9trangers<\/strong>\u00a0venant respectivement de Russie, d&rsquo;Egypte, des Etats-Unis, d&rsquo;Inde, du Mexique et de la C\u00f4te d&rsquo;Ivoire.<\/span><\/p>\n<p style=\"text-align: center;\">\u00a0<\/p>\n<p style=\"text-align: center;\"><span style=\"font-family: arial, helvetica, sans-serif; font-size: 14pt; color: #000000;\">Empreints de leur culture respective, ils ont \u00e9t\u00e9 invit\u00e9s \u00e0 retranscrire leur vision de la Cit\u00e9 Id\u00e9ale. <\/span><\/p>\n<p style=\"text-align: center;\">\u00a0<\/p>\n<p style=\"text-align: center;\"><span style=\"font-family: arial, helvetica, sans-serif; font-size: 14pt; color: #000000;\">Une ouverture \u00a0sur le monde qui fait \u00e9cho \u00e0 la dimension multiculturelle du quartier des Etats-Unis.<\/span><\/p>\n<p style=\"text-align: center;\"><span style=\"color: #000000;\">\u00a0\u00a0<\/span><\/p>\n<p style=\"text-align: center;\"><span style=\"font-family: arial, helvetica, sans-serif; font-size: 14pt; color: #000000;\">Deux\u00a0de ces<strong> Cit\u00e9s Id\u00e9ales du Monde<\/strong>, ult\u00e9rieurement\u00a0ex\u00e9cut\u00e9es par\u00a0les peintres muralistes de Cit\u00e9Cr\u00e9ation, ont\u00a0retenu mon attention :<\/span><\/p>\n<p style=\"text-align: center;\"><span style=\"color: #000000;\">\u00a0<\/span>\u00a0<\/p>\n<p style=\"text-align: center;\"><span style=\"font-family: arial, helvetica, sans-serif; font-size: 14pt; color: #000000;\">\u00a0Celle<strong>\u00a0de l&rsquo;Inde,<\/strong> vue par<strong>\u00a0Shantaram Tumbda<\/strong>, nous plonge dans l&rsquo;univers de<strong> la tribu m\u00e9connue des Warlis<\/strong> o\u00f9 \u00a0la transmission des connaissances se fait soit par\u00a0 la voie orale soit par\u00a0les\u00a0<strong>peintures collectives<\/strong> r\u00e9alis\u00e9es sur les murs des maisons.<\/span><\/p>\n<p style=\"text-align: center;\"><span style=\"color: #000000;\">\u00a0<\/span><\/p>\n<p style=\"text-align: center;\"><img loading=\"lazy\" decoding=\"async\" class=\"alignnone wp-image-20896 size-large\" src=\"https:\/\/www.journaldunpigeonvoyageur.com\/blog\/wp-content\/uploads\/2017\/03\/FullSizeRender-369-min-1024x768.jpg\" alt=\"\" width=\"1024\" height=\"768\" srcset=\"https:\/\/www.journaldunpigeonvoyageur.com\/blog\/wp-content\/uploads\/2017\/03\/FullSizeRender-369-min-1024x768.jpg 1024w, https:\/\/www.journaldunpigeonvoyageur.com\/blog\/wp-content\/uploads\/2017\/03\/FullSizeRender-369-min-300x225.jpg 300w, https:\/\/www.journaldunpigeonvoyageur.com\/blog\/wp-content\/uploads\/2017\/03\/FullSizeRender-369-min-768x576.jpg 768w, https:\/\/www.journaldunpigeonvoyageur.com\/blog\/wp-content\/uploads\/2017\/03\/FullSizeRender-369-min-600x450.jpg 600w, https:\/\/www.journaldunpigeonvoyageur.com\/blog\/wp-content\/uploads\/2017\/03\/FullSizeRender-369-min.jpg 1632w\" sizes=\"auto, (max-width: 1024px) 100vw, 1024px\" \/><\/p>\n<p style=\"text-align: center;\">\u00a0<\/p>\n<p style=\"text-align: center;\"><span style=\"font-family: arial, helvetica, sans-serif; font-size: 14pt; color: #000000;\">Les formes g\u00e9om\u00e9triques blanches, figurant des Hommes, renvoient tout aussi bien aux\u00a0activit\u00e9s quotidiennes, que sont la cueillette ou l&rsquo;agriculture, \u00a0qu&rsquo;aux rites sacr\u00e9s, \u00e0 l&rsquo;instar du mariage, des danses ou des f\u00eates, rythmant la vie de la communaut\u00e9.<\/span><\/p>\n<p style=\"text-align: center;\">\u00a0<\/p>\n<p style=\"text-align: center;\"><span style=\"font-family: arial, helvetica, sans-serif; font-size: 14pt; color: #000000;\">Puisant son inspiration dans les repr\u00e9sentations\u00a0traditionnelles\u00a0r\u00e9alis\u00e9es sur \u00e9corce,<strong> Youssouph Bath<\/strong> signe une <strong>Cit\u00e9 id\u00e9ale de la Cote d&rsquo;Ivoire\u00a0<\/strong>o\u00f9 la pr\u00e9sence de totems animistes, de masques ainsi que d&rsquo;animaux \u00a0renvoient \u00e0 la cr\u00e9ation de l&rsquo;homme.<\/span><\/p>\n<p>&nbsp;<\/p>\n<p>&nbsp;<\/p>\n<p>\u00a0<img loading=\"lazy\" decoding=\"async\" class=\"wp-image-20891 size-large aligncenter\" src=\"https:\/\/www.journaldunpigeonvoyageur.com\/blog\/wp-content\/uploads\/2017\/03\/FullSizeRender-359-min-768x1024.jpg\" alt=\"\" width=\"768\" height=\"1024\" srcset=\"https:\/\/www.journaldunpigeonvoyageur.com\/blog\/wp-content\/uploads\/2017\/03\/FullSizeRender-359-min-768x1024.jpg 768w, https:\/\/www.journaldunpigeonvoyageur.com\/blog\/wp-content\/uploads\/2017\/03\/FullSizeRender-359-min-225x300.jpg 225w, https:\/\/www.journaldunpigeonvoyageur.com\/blog\/wp-content\/uploads\/2017\/03\/FullSizeRender-359-min-600x800.jpg 600w, https:\/\/www.journaldunpigeonvoyageur.com\/blog\/wp-content\/uploads\/2017\/03\/FullSizeRender-359-min.jpg 1224w\" sizes=\"auto, (max-width: 768px) 100vw, 768px\" \/><\/p>\n<p><img loading=\"lazy\" decoding=\"async\" class=\"wp-image-20890 size-large aligncenter\" src=\"https:\/\/www.journaldunpigeonvoyageur.com\/blog\/wp-content\/uploads\/2017\/03\/FullSizeRender-357-min-1024x768.jpg\" alt=\"\" width=\"1024\" height=\"768\" srcset=\"https:\/\/www.journaldunpigeonvoyageur.com\/blog\/wp-content\/uploads\/2017\/03\/FullSizeRender-357-min-1024x768.jpg 1024w, https:\/\/www.journaldunpigeonvoyageur.com\/blog\/wp-content\/uploads\/2017\/03\/FullSizeRender-357-min-300x225.jpg 300w, https:\/\/www.journaldunpigeonvoyageur.com\/blog\/wp-content\/uploads\/2017\/03\/FullSizeRender-357-min-768x576.jpg 768w, https:\/\/www.journaldunpigeonvoyageur.com\/blog\/wp-content\/uploads\/2017\/03\/FullSizeRender-357-min-600x450.jpg 600w, https:\/\/www.journaldunpigeonvoyageur.com\/blog\/wp-content\/uploads\/2017\/03\/FullSizeRender-357-min.jpg 1632w\" sizes=\"auto, (max-width: 1024px) 100vw, 1024px\" \/><\/p>\n<p style=\"text-align: center;\">\u00a0<\/p>\n<p style=\"text-align: center;\">\u00a0<\/p>\n<p style=\"text-align: center;\"><span style=\"font-family: arial, helvetica, sans-serif; font-size: 14pt; color: #000000;\">R\u00e9cipiendaire de plusieurs prix dont ceux, en 1991, du\u00a0Label de la<strong> D\u00e9cennie mondiale du D\u00e9veloppement Culturel de l&rsquo;Unesco<\/strong>\u00a0et du\u00a0Troph\u00e9e du Tourisme de la r\u00e9gion Lyonnaise,\u00a0en 2002, \u00a0le Mus\u00e9e Urbain Tony Garnier a donc r\u00e9ussi son pari : redonner \u00e0 la Cit\u00e9 Garnier et aux quartiers des Etats-Unis \u00a0un souffle salvateur. <\/span><\/p>\n<p style=\"text-align: center;\"><span style=\"color: #000000;\">\u00a0<\/span><\/p>\n<p style=\"text-align: center;\"><span style=\"font-family: arial, helvetica, sans-serif; font-size: 14pt; color: #000000;\">Et au vu du processus de\u00a0r\u00e9novation, venant d&rsquo;\u00eatre entam\u00e9, de ses murs peints \u00a0( en d\u00e9cembre dernier \u00e9tait, en effet, \u00a0inaugur\u00e9 \u00a0<strong>Les Temps de la Cit\u00e9<\/strong>, nouvelle peinture historique rempla\u00e7ant celle du Tony Garnier visionnaire), cet engouement n&rsquo;est pas pr\u00eat de s&rsquo;arr\u00eater. <\/span><\/p>\n<p style=\"text-align: center;\">\u00a0<\/p>\n<p style=\"text-align: center;\"><span style=\"font-family: arial, helvetica, sans-serif; font-size: 14pt; color: #000000;\">Un atypique mus\u00e9e, \u00e0 ciel ouvert, \u00e0 n&rsquo;assur\u00e9ment pas manquer\u00a0lors de votre escale \u00e0 Lyon.<\/span><\/p>\n<p style=\"text-align: center;\">\u00a0<\/p>\n<p style=\"text-align: center;\">\u00a0<\/p>\n<p style=\"text-align: center;\">\u00a0<\/p>\n<p style=\"text-align: center;\">\u00a0<\/p>\n","protected":false},"excerpt":{"rendered":"<p>mur peint du Mus\u00e9e Urbain Tony Garnier repr\u00e9sentant le Stade Gerland,\u00a0oeuvre de Tony Garnier \u00a0 \u00a0 \u00a0Plus de 90 ans apr\u00e8s sa cr\u00e9ation \u00e0 la lisi\u00e8re des villes de Lyon et de V\u00e9nissieux, le quartier des Etats-Unis, situ\u00e9 dans l&rsquo;actuel 8 \u00e8me arrondissement de la&#8230;<\/p>\n","protected":false},"author":2,"featured_media":20880,"comment_status":"open","ping_status":"closed","sticky":false,"template":"","format":"standard","meta":{"slim_seo":{"title":"MUS\u00c9E URBAIN TONY GARNIER, QUAND L'ART REVALORISE UN QUARTIER POPULAIRE LYONNAIS - Journal d&#039;un Pigeon Voyageur","description":"mur peint du Mus\u00e9e Urbain Tony Garnier repr\u00e9sentant le Stade Gerland,\u00a0oeuvre de Tony Garnier \u00a0 \u00a0 \u00a0Plus de 90 ans apr\u00e8s sa cr\u00e9ation \u00e0 la lisi\u00e8re des villes de Ly"},"footnotes":""},"categories":[23,2,3,15,358,6,1,22],"tags":[185,168,357,212],"class_list":["post-20873","post","type-post","status-publish","format-standard","has-post-thumbnail","hentry","category-architecture","category-art","category-europe","category-france","category-lyon","category-musee","category-tous","category-vos-envies","tag-art","tag-lyon","tag-murs-peints","tag-musee"],"_links":{"self":[{"href":"https:\/\/www.journaldunpigeonvoyageur.com\/blog\/wp-json\/wp\/v2\/posts\/20873","targetHints":{"allow":["GET"]}}],"collection":[{"href":"https:\/\/www.journaldunpigeonvoyageur.com\/blog\/wp-json\/wp\/v2\/posts"}],"about":[{"href":"https:\/\/www.journaldunpigeonvoyageur.com\/blog\/wp-json\/wp\/v2\/types\/post"}],"author":[{"embeddable":true,"href":"https:\/\/www.journaldunpigeonvoyageur.com\/blog\/wp-json\/wp\/v2\/users\/2"}],"replies":[{"embeddable":true,"href":"https:\/\/www.journaldunpigeonvoyageur.com\/blog\/wp-json\/wp\/v2\/comments?post=20873"}],"version-history":[{"count":31,"href":"https:\/\/www.journaldunpigeonvoyageur.com\/blog\/wp-json\/wp\/v2\/posts\/20873\/revisions"}],"predecessor-version":[{"id":44838,"href":"https:\/\/www.journaldunpigeonvoyageur.com\/blog\/wp-json\/wp\/v2\/posts\/20873\/revisions\/44838"}],"wp:featuredmedia":[{"embeddable":true,"href":"https:\/\/www.journaldunpigeonvoyageur.com\/blog\/wp-json\/wp\/v2\/media\/20880"}],"wp:attachment":[{"href":"https:\/\/www.journaldunpigeonvoyageur.com\/blog\/wp-json\/wp\/v2\/media?parent=20873"}],"wp:term":[{"taxonomy":"category","embeddable":true,"href":"https:\/\/www.journaldunpigeonvoyageur.com\/blog\/wp-json\/wp\/v2\/categories?post=20873"},{"taxonomy":"post_tag","embeddable":true,"href":"https:\/\/www.journaldunpigeonvoyageur.com\/blog\/wp-json\/wp\/v2\/tags?post=20873"}],"curies":[{"name":"wp","href":"https:\/\/api.w.org\/{rel}","templated":true}]}}