{"id":20624,"date":"2017-03-21T16:57:14","date_gmt":"2017-03-21T15:57:14","guid":{"rendered":"https:\/\/journaldunpigeonvoyageur.com\/blog\/?p=20624"},"modified":"2020-05-27T10:07:51","modified_gmt":"2020-05-27T09:07:51","slug":"11-murs-peints-a-ne-pas-manquer-a-lyon","status":"publish","type":"post","link":"https:\/\/www.journaldunpigeonvoyageur.com\/blog\/2017\/03\/21\/11-murs-peints-a-ne-pas-manquer-a-lyon\/","title":{"rendered":"11 MURS PEINTS A NE PAS MANQUER A LYON"},"content":{"rendered":"<p>&nbsp;<\/p>\n<p style=\"text-align: center;\"><img loading=\"lazy\" decoding=\"async\" class=\"alignnone wp-image-20638 size-large\" src=\"https:\/\/www.journaldunpigeonvoyageur.com\/blog\/wp-content\/uploads\/2017\/03\/14-min-768x1024.jpg\" alt=\"\" width=\"768\" height=\"1024\" srcset=\"https:\/\/www.journaldunpigeonvoyageur.com\/blog\/wp-content\/uploads\/2017\/03\/14-min-768x1024.jpg 768w, https:\/\/www.journaldunpigeonvoyageur.com\/blog\/wp-content\/uploads\/2017\/03\/14-min-225x300.jpg 225w, https:\/\/www.journaldunpigeonvoyageur.com\/blog\/wp-content\/uploads\/2017\/03\/14-min-600x800.jpg 600w, https:\/\/www.journaldunpigeonvoyageur.com\/blog\/wp-content\/uploads\/2017\/03\/14-min.jpg 1500w\" sizes=\"auto, (max-width: 768px) 100vw, 768px\" \/><\/p>\n<p style=\"text-align: center;\"><em>Ouvriers dans une usine Ford aux Etats-Unis, Fresque hommage au peintre mexicain Diego Rivera, Lyon 7<\/em><\/p>\n<p>&nbsp;<\/p>\n<p style=\"text-align: center;\">\u00a0<\/p>\n<p style=\"text-align: center;\"><span style=\"color: #000000; font-family: arial,helvetica,sans-serif; font-size: 14pt;\">Qui dit patrimoine lyonnais pense, en premier lieu, aux <strong>Bouchons<\/strong>, \u00e9tablissements o\u00f9\u00a0l&rsquo;on se d\u00e9lecte, avec plaisir,\u00a0de\u00a0savoureuses sp\u00e9cialit\u00e9s locales.<\/span><\/p>\n<p style=\"text-align: center;\"><span style=\"color: #000000;\">\u00a0<\/span><\/p>\n<p style=\"text-align: center;\"><span style=\"color: #000000; font-family: arial,helvetica,sans-serif; font-size: 14pt;\">Pourtant, \u00a0impossible d&rsquo;explorer la capitale des Gaules, inscrite, depuis 1998,\u00a0au<strong> Patrimoine de l&rsquo;Unesco<\/strong>,\u00a0sans rencontrer \u00a0l&rsquo;une ou l&rsquo;autre de ses embl\u00e9matiques et color\u00e9es <strong>peintures murales\u00a0<\/strong>ayant, indiff\u00e9remment, investi murs pignon, espaces urbains d\u00e9laiss\u00e9s ou fa\u00e7ades de logement sociaux.<\/span><\/p>\n<p style=\"text-align: center;\"><span style=\"color: #000000;\">\u00a0<\/span><\/p>\n<p style=\"text-align: center;\"><span style=\"color: #000000;\"><span style=\"font-family: arial, helvetica, sans-serif; font-size: 14pt;\">Leur pr\u00e9sence, dont le nombre est dor\u00e9navant estim\u00e9 \u00e0 un peu plus d&rsquo;une centaine, vaut d&rsquo;ailleurs aujourd&rsquo;hui \u00e0\u00a0la ville\u00a0de porter, avec Berlin, le titre de <strong>capitale europ\u00e9enne\u00a0des murs peints<\/strong><\/span><span style=\"font-family: arial, helvetica, sans-serif; font-size: 14pt;\">.<\/span><\/span><\/p>\n<p style=\"text-align: center;\"><span style=\"color: #000000;\">\u00a0<\/span><\/p>\n<p style=\"text-align: center;\"><span style=\"color: #000000; font-family: arial,helvetica,sans-serif; font-size: 14pt;\">Mais\u00a0ces sp\u00e9cificit\u00e9s\u00a0lyonnaises,\u00a0r\u00e9alis\u00e9es pour la majorit\u00e9 d&rsquo;entre elles par<strong>\u00a0 Cit\u00e9Cr\u00e9ation<\/strong> (c\u00e9l\u00e8bre coop\u00e9rative de peintres muralistes ayant, \u00a0ces quarante derni\u00e8res ann\u00e9es, sign\u00e9, en France et \u00e0 l&rsquo;\u00e9tranger,\u00a0plus de 600 d&rsquo;entre elles), se singularisent par leur capacit\u00e9 \u00e0 retranscrire, de fa\u00e7on artistique,\u00a0l&rsquo;identit\u00e9 de la cit\u00e9. <\/span><\/p>\n<p style=\"text-align: center;\"><span style=\"color: #000000;\">\u00a0<\/span><\/p>\n<p style=\"text-align: center;\"><span style=\"color: #000000; font-family: arial,helvetica,sans-serif; font-size: 14pt;\">Des immeubles d&rsquo;habitations sociales\u00a0( \u00e0 l&rsquo;instar du gigantesque mur peint de la <strong>R\u00e9sidence de la Sarra<\/strong>\u00a0) aux beaux quartiers, ces\u00a0\u0153uvres\u00a0nous donnent, en effet, des cl\u00e9s pour mieux saisir l&rsquo;\u00e2me de chacun des arrondissements o\u00f9 elles\u00a0se trouvent\u00a0.<\/span><\/p>\n<p style=\"text-align: center;\"><span style=\"color: #000000;\">\u00a0<\/span><\/p>\n<p style=\"text-align: center;\"><span style=\"color: #000000; font-family: arial,helvetica,sans-serif; font-size: 14pt;\">Partir \u00e0 leur d\u00e9couverte c&rsquo;est donc choisir de se laisser guider\u00a0de fa\u00e7on atypique \u00e0 travers les rues d&rsquo;une m\u00e9tropole\u00a0aux multiples facettes. <\/span><\/p>\n<p style=\"text-align: center;\"><span style=\"color: #000000;\">\u00a0<\/span><\/p>\n<p style=\"text-align: center;\"><span style=\"color: #000000; font-family: arial,helvetica,sans-serif; font-size: 14pt;\">Un voyage qui, ce faisant et au-del\u00e0 de l&rsquo;esth\u00e9tique, permet \u00a0d&rsquo;appr\u00e9hender autrement l&rsquo; Histoire \u00a0de Lyon et de ses habitants .<\/span><\/p>\n<p style=\"text-align: center;\"><span style=\"color: #000000;\">\u00a0<\/span><\/p>\n<p style=\"text-align: center;\"><span style=\"color: #000000; font-family: arial,helvetica,sans-serif; font-size: 14pt;\"> D\u00e8s lors comment r\u00e9sister \u00e0 une telle promesse ? <\/span><\/p>\n<p style=\"text-align: center;\"><span style=\"color: #000000;\">\u00a0<\/span><\/p>\n<p style=\"text-align: center;\"><span style=\"color: #000000;\"><span style=\"font-family: arial, helvetica, sans-serif; font-size: 14pt;\">Au vu\u00a0de mes nombreuses explorations \u00e0 ce titre, voici<\/span><span style=\"font-family: arial, helvetica, sans-serif; font-size: 14pt;\">\u00a0un itin\u00e9raire, intra-muros, recensant les <strong>11 \u00a0murs peints<\/strong> (parmi tous ceux que j&rsquo;ai, jusque l\u00e0, pu admirer) pour lesquels j&rsquo;ai eu\u00a0un v\u00e9ritable coup de c\u0153ur.\u00a0<\/span><\/span><\/p>\n<p style=\"text-align: center;\"><span style=\"color: #000000;\">\u00a0<\/span><\/p>\n<p style=\"text-align: center;\"><span style=\"color: #000000; font-family: arial,helvetica,sans-serif; font-size: 14pt;\">Et parce que le dernier \u00e9voqu\u00e9 me parait encore\u00a0plus insolite que les pr\u00e9c\u00e9dents, \u00a0j&rsquo;ai choisi de lui consacrer <strong><a style=\"color: #000000;\" href=\"https:\/\/www.journaldunpigeonvoyageur.com\/blog\/2017\/03\/21\/quand-lart-revalorise-un-quartier-populaire-lyonnais\/\">un post\u00a0sp\u00e9cifique<\/a><\/strong>.<\/span><\/p>\n<p style=\"text-align: center;\"><span style=\"color: #000000;\">\u00a0<\/span><\/p>\n<p style=\"text-align: center;\"><span style=\"color: #000000; font-family: arial,helvetica,sans-serif; font-size: 14pt;\"> En somme, \u00a0deux billets en un pour\u00a0une passionnante \u00e9chapp\u00e9e urbaine.<\/span><\/p>\n<p style=\"text-align: center;\"><span style=\"color: #000000; font-family: 'arial black', sans-serif; font-size: 18pt;\">\u00a0<\/span><\/p>\n<p style=\"text-align: center;\"><span style=\"font-family: 'arial black', sans-serif; font-size: 18pt;\">\u00a0<\/span><\/p>\n<p style=\"text-align: center;\"><span style=\"font-family: 'arial black', sans-serif; font-size: 18pt; color: #000000;\">1. LA FRESQUE DES LYONNAIS (800 m2)<\/span><\/p>\n<p style=\"text-align: center;\"><span style=\"font-family: arial, helvetica, sans-serif; font-size: 14pt; color: #808080;\"><em>Situ\u00e9e\u00a0\u00e0 l&rsquo;angle de la rue de la Martini\u00e8re &amp; du quai Saint Vincent, Lyon 1 er\u00a0<\/em><\/span><\/p>\n<p style=\"text-align: center;\"><em>\u00a0<\/em><\/p>\n<p style=\"text-align: center;\">\u00a0<\/p>\n<p style=\"text-align: center;\"><span style=\"font-family: arial, helvetica, sans-serif; font-size: 14pt; color: #000000;\">\u00a0<img loading=\"lazy\" decoding=\"async\" class=\"alignnone wp-image-20642 size-full\" src=\"https:\/\/www.journaldunpigeonvoyageur.com\/blog\/wp-content\/uploads\/2017\/03\/12918385_806008746169970_314526869_n-1-min.jpg\" alt=\"\" width=\"750\" height=\"750\" srcset=\"https:\/\/www.journaldunpigeonvoyageur.com\/blog\/wp-content\/uploads\/2017\/03\/12918385_806008746169970_314526869_n-1-min.jpg 750w, https:\/\/www.journaldunpigeonvoyageur.com\/blog\/wp-content\/uploads\/2017\/03\/12918385_806008746169970_314526869_n-1-min-150x150.jpg 150w, https:\/\/www.journaldunpigeonvoyageur.com\/blog\/wp-content\/uploads\/2017\/03\/12918385_806008746169970_314526869_n-1-min-300x300.jpg 300w, https:\/\/www.journaldunpigeonvoyageur.com\/blog\/wp-content\/uploads\/2017\/03\/12918385_806008746169970_314526869_n-1-min-600x600.jpg 600w, https:\/\/www.journaldunpigeonvoyageur.com\/blog\/wp-content\/uploads\/2017\/03\/12918385_806008746169970_314526869_n-1-min-520x520.jpg 520w\" sizes=\"auto, (max-width: 750px) 100vw, 750px\" \/><\/span><\/p>\n<p style=\"text-align: center;\"><em>L&rsquo;Abb\u00e9 Pierre et le Chef Paul Bocuse figurent au premier plan\u00a0<\/em><\/p>\n<p style=\"text-align: center;\">\u00a0<\/p>\n<p style=\"text-align: center;\">\u00a0<\/p>\n<p style=\"text-align: center;\"><span style=\"font-family: arial, helvetica, sans-serif; font-size: 14pt; color: #000000;\">La <strong>fresque des Lyonnais<\/strong> est, selon moi, l&rsquo;un des deux <strong>incontournables<\/strong> murs peints de la ville. <\/span><\/p>\n<p style=\"text-align: center;\">\u00a0<\/p>\n<p style=\"text-align: center;\"><span style=\"font-family: arial, helvetica, sans-serif; font-size: 14pt; color: #000000;\">Elle rend, en effet, hommage \u00e0 \u00a0<strong>trente personnalit\u00e9s lyonnaises<\/strong> ou n\u00e9es \u00e0 Lyon ayant contribu\u00e9, dans divers domaines (allant de la Litt\u00e9rature aux Sciences en passant par l&rsquo;Histoire, le Cin\u00e9ma ou la Gastronomie), \u00e0 sa renomm\u00e9e. <\/span><\/p>\n<p style=\"text-align: center;\">\u00a0<\/p>\n<p style=\"text-align: center;\"><span style=\"font-family: arial, helvetica, sans-serif; font-size: 14pt; color: #000000;\">\u00a0Une plong\u00e9e historique qui d\u00e9voilera sous vos yeux l&#8217;empereur romain Claude, les fr\u00e8res Lumi\u00e8re, Bertrand Tavernier, L&rsquo;Abb\u00e9 Pierre, Antoine de Saint Exupery, Bernard Pivot, Louise Labe, Tony Garnier ou encore Paul Bocuse.<\/span><\/p>\n<p style=\"text-align: center;\">\u00a0<\/p>\n<p style=\"text-align: center;\"><span style=\"font-family: arial, helvetica, sans-serif; font-size: 14pt; color: #000000;\">\u00a0<\/span><\/p>\n<p><img loading=\"lazy\" decoding=\"async\" class=\"aligncenter wp-image-20643 size-full\" src=\"https:\/\/www.journaldunpigeonvoyageur.com\/blog\/wp-content\/uploads\/2017\/03\/16583261_219293881868391_7463031552595722240_n-min.jpg\" alt=\"\" width=\"750\" height=\"936\" srcset=\"https:\/\/www.journaldunpigeonvoyageur.com\/blog\/wp-content\/uploads\/2017\/03\/16583261_219293881868391_7463031552595722240_n-min.jpg 750w, https:\/\/www.journaldunpigeonvoyageur.com\/blog\/wp-content\/uploads\/2017\/03\/16583261_219293881868391_7463031552595722240_n-min-240x300.jpg 240w, https:\/\/www.journaldunpigeonvoyageur.com\/blog\/wp-content\/uploads\/2017\/03\/16583261_219293881868391_7463031552595722240_n-min-600x749.jpg 600w\" sizes=\"auto, (max-width: 750px) 100vw, 750px\" \/><\/p>\n<p style=\"text-align: center;\">\u00a0<\/p>\n<p style=\"text-align: center;\"><span style=\"font-family: 'arial black', sans-serif; font-size: 18pt;\">\u00a0<\/span><\/p>\n<p style=\"text-align: center;\">\u00a0<\/p>\n<p style=\"text-align: center;\"><span style=\"font-family: 'arial black', sans-serif; font-size: 18pt; color: #000000;\">2. \u00a0LA BIBLIOTH\u00c8QUE DE LA CITE (400 m2)<\/span><\/p>\n<p style=\"text-align: center;\"><span style=\"color: #808080; font-family: arial, helvetica, sans-serif; font-size: 14pt;\"><em>Situ\u00e9e\u00a0\u00e0 l&rsquo;angle de la rue de la Plati\u00e8re\u00a0&amp; du quai de la P\u00eacherie, Lyon 1 er\u00a0<\/em><\/span><\/p>\n<p style=\"text-align: center;\">\u00a0<\/p>\n<p><img loading=\"lazy\" decoding=\"async\" class=\"aligncenter wp-image-20629 size-large\" src=\"https:\/\/www.journaldunpigeonvoyageur.com\/blog\/wp-content\/uploads\/2017\/03\/5-min-768x1024.jpg\" alt=\"\" width=\"768\" height=\"1024\" srcset=\"https:\/\/www.journaldunpigeonvoyageur.com\/blog\/wp-content\/uploads\/2017\/03\/5-min-768x1024.jpg 768w, https:\/\/www.journaldunpigeonvoyageur.com\/blog\/wp-content\/uploads\/2017\/03\/5-min-225x300.jpg 225w, https:\/\/www.journaldunpigeonvoyageur.com\/blog\/wp-content\/uploads\/2017\/03\/5-min-600x800.jpg 600w, https:\/\/www.journaldunpigeonvoyageur.com\/blog\/wp-content\/uploads\/2017\/03\/5-min.jpg 1224w\" sizes=\"auto, (max-width: 768px) 100vw, 768px\" \/><\/p>\n<p>&nbsp;<\/p>\n<p style=\"text-align: center;\">\u00a0<\/p>\n<p style=\"text-align: center;\">\u00a0<\/p>\n<p style=\"text-align: center;\"><span style=\"font-family: arial, helvetica, sans-serif; font-size: 14pt; color: #000000;\">Cette peinture murale\u00a0met \u00e0 l&rsquo;honneur \u00a0les <strong>Litt\u00e9ratures Lyonnaise et Rh\u00f4ne- Alpine<\/strong>.<\/span><\/p>\n<p style=\"text-align: center;\"><span style=\"color: #000000;\">\u00a0<\/span><\/p>\n<p style=\"text-align: center;\"><span style=\"font-family: arial, helvetica, sans-serif; font-size: 14pt; color: #000000;\">Au rez-de-chauss\u00e9e, une librairie\u00a0en trompe-l\u2019\u0153il donne le ton avec ses \u00e9tag\u00e8res\u00a0d\u00e9bordants de romans, polars ou recueils de po\u00e9sies .<\/span><\/p>\n<p style=\"text-align: center;\"><span style=\"color: #000000;\">\u00a0<\/span><\/p>\n<p style=\"text-align: center;\">\u00a0<img loading=\"lazy\" decoding=\"async\" class=\"aligncenter wp-image-20630 size-large\" src=\"https:\/\/www.journaldunpigeonvoyageur.com\/blog\/wp-content\/uploads\/2017\/03\/6-min-768x1024.jpg\" alt=\"\" width=\"768\" height=\"1024\" srcset=\"https:\/\/www.journaldunpigeonvoyageur.com\/blog\/wp-content\/uploads\/2017\/03\/6-min-768x1024.jpg 768w, https:\/\/www.journaldunpigeonvoyageur.com\/blog\/wp-content\/uploads\/2017\/03\/6-min-225x300.jpg 225w, https:\/\/www.journaldunpigeonvoyageur.com\/blog\/wp-content\/uploads\/2017\/03\/6-min-600x800.jpg 600w, https:\/\/www.journaldunpigeonvoyageur.com\/blog\/wp-content\/uploads\/2017\/03\/6-min.jpg 1224w\" sizes=\"auto, (max-width: 768px) 100vw, 768px\" \/><\/p>\n<p style=\"text-align: center;\">\u00a0<\/p>\n<p style=\"text-align: center;\">\u00a0<\/p>\n<p style=\"text-align: center;\"><span style=\"font-family: arial, helvetica, sans-serif; font-size: 14pt; color: #000000;\">Mais il faut, ensuite, lever la t\u00eate pour apercevoir toutes les surprises r\u00e9serv\u00e9es par les fa\u00e7ades de ce mur peint.<\/span><\/p>\n<p style=\"text-align: center;\"><span style=\"color: #000000;\">\u00a0<\/span><\/p>\n<p style=\"text-align: center;\"><span style=\"font-family: arial, helvetica, sans-serif; font-size: 14pt; color: #000000;\">Aux fen\u00eatres, \u00a0<strong>extraits<\/strong> ainsi que centaines de <strong>couvertures d&rsquo; ouvrages<\/strong> publi\u00e9s, notamment, par les \u00e9crivains \u00a0Frederic Dard, Louise Lab\u00e9, Jean Reversy ou encore Antoine de Saint Exupery se d\u00e9voilent, en effet, aux regards curieux des passants.<\/span><\/p>\n<p style=\"text-align: center;\"><span style=\"color: #000000;\">\u00a0<\/span><\/p>\n<p style=\"text-align: center;\">\u00a0<\/p>\n<p style=\"text-align: center;\">\u00a0<\/p>\n<p style=\"text-align: center;\"><span style=\"font-size: 18pt; color: #000000; font-family: 'arial black', sans-serif;\"><strong>3. LA FRESQUE DE MONTLUC (800 m2)<\/strong><\/span><\/p>\n<p style=\"text-align: center;\"><span style=\"font-family: arial, helvetica, sans-serif; font-size: 14pt; color: #808080;\"><em>Situ\u00e9e rue du Dauphin\u00e9, \u00a0Lyon 3 eme<\/em><\/span><\/p>\n<p style=\"text-align: center;\"><em>\u00a0<\/em><\/p>\n<p style=\"text-align: center;\">\u00a0<\/p>\n<p style=\"text-align: center;\">\u00a0<img loading=\"lazy\" decoding=\"async\" class=\"alignnone wp-image-20641 size-full\" src=\"https:\/\/www.journaldunpigeonvoyageur.com\/blog\/wp-content\/uploads\/2017\/03\/12224600_455426627983291_76980537_n-min.jpg\" alt=\"\" width=\"640\" height=\"640\" srcset=\"https:\/\/www.journaldunpigeonvoyageur.com\/blog\/wp-content\/uploads\/2017\/03\/12224600_455426627983291_76980537_n-min.jpg 640w, https:\/\/www.journaldunpigeonvoyageur.com\/blog\/wp-content\/uploads\/2017\/03\/12224600_455426627983291_76980537_n-min-150x150.jpg 150w, https:\/\/www.journaldunpigeonvoyageur.com\/blog\/wp-content\/uploads\/2017\/03\/12224600_455426627983291_76980537_n-min-300x300.jpg 300w, https:\/\/www.journaldunpigeonvoyageur.com\/blog\/wp-content\/uploads\/2017\/03\/12224600_455426627983291_76980537_n-min-600x600.jpg 600w, https:\/\/www.journaldunpigeonvoyageur.com\/blog\/wp-content\/uploads\/2017\/03\/12224600_455426627983291_76980537_n-min-520x520.jpg 520w\" sizes=\"auto, (max-width: 640px) 100vw, 640px\" \/><\/p>\n<p style=\"text-align: center;\">\u00a0<\/p>\n<p style=\"text-align: center;\">\u00a0<\/p>\n<p style=\"text-align: center;\">\u00a0<\/p>\n<p style=\"text-align: center;\"><span style=\"font-family: arial, helvetica, sans-serif; font-size: 14pt; color: #000000;\">Passionn\u00e9e d&rsquo;Histoire et plus particuli\u00e8rement de celle relative \u00e0 la seconde guerre mondiale, c&rsquo;est avec beaucoup d&rsquo;\u00e9motion que j&rsquo;ai, il y a cinq ans, \u00a0d\u00e9couvert cette peinture murale repr\u00e9sentant <strong>Jean Moulin<\/strong>.<\/span><\/p>\n<p style=\"text-align: center;\"><span style=\"color: #000000;\">\u00a0<\/span><\/p>\n<p style=\"text-align: center;\"><span style=\"font-family: arial, helvetica, sans-serif; font-size: 14pt; color: #000000;\">H\u00e9ros, d\u00e9sormais <strong><a style=\"color: #000000;\" href=\"https:\/\/www.journaldunpigeonvoyageur.com\/blog\/2015\/07\/07\/pantheon-femme-et-resistance-de-l-oubli-aux-recents-hommages-tant-attendus-de-la-nation\/\">panth\u00e9onis\u00e9<\/a><\/strong>, qui apr\u00e8s avoir, d\u00e9but\u00a01942, \u00a0\u00e9t\u00e9 parachut\u00e9 en France, par le G\u00e9n\u00e9ral De Gaulle, afin d&rsquo;unifier les diff\u00e9rents mouvements de R\u00e9sistance op\u00e9rant en <strong>Zone Sud<\/strong>,\u00a0 au sein du Conseil National de R\u00e9sistance cr\u00e9\u00e9 le 27 mai 1943, fut \u00a0arr\u00eat\u00e9 \u00e0 <strong>Caluire<\/strong>, dans la maison du Dr Dugoujon, en juin 1943, par <strong>Klaus Barbie<\/strong> .<\/span><\/p>\n<p style=\"text-align: center;\"><span style=\"color: #000000;\">\u00a0<\/span><\/p>\n<p style=\"text-align: center;\"><span style=\"font-family: arial, helvetica, sans-serif; font-size: 14pt; color: #000000;\">Tortur\u00e9 par lui, <strong>Rex<\/strong> (le <strong>pseudonyme<\/strong> de Jean Moulin dans la R\u00e9sistance)\u00a0mourut, quelques semaines plus tard, dans le train qui le convoyait vers l&rsquo; Allemagne. <\/span><\/p>\n<p style=\"text-align: center;\"><span style=\"color: #000000;\">\u00a0<\/span><\/p>\n<p style=\"text-align: center;\"><span style=\"font-family: arial, helvetica, sans-serif; font-size: 14pt; color: #000000;\">Rappelant \u00a0les heures sombres de<strong> l&rsquo;Occupation<\/strong>, ce portrait rend donc hommage \u00e0 une <strong>figure majeure de la R\u00e9sistance fran\u00e7aise.<\/strong><\/span><\/p>\n<p style=\"text-align: center;\"><span style=\"color: #000000;\">\u00a0<\/span><\/p>\n<p style=\"text-align: center;\"><span style=\"font-family: arial, helvetica, sans-serif; font-size: 14pt; color: #000000;\"> Profitez, ensuite, des quelques m\u00e8tres qui vous s\u00e9parent du sinistre<strong> fort-prison de Montluc <\/strong>,<strong>\u00a0<\/strong>o\u00f9 Jean Moulin fut, \u00e0 l&rsquo;instar, quarante\u00a0ann\u00e9es plus tard, de son bourreau,\u00a0incarc\u00e9r\u00e9, pour l&rsquo;explorer. <\/span><\/p>\n<p style=\"text-align: center;\"><span style=\"color: #000000;\">\u00a0<\/span><\/p>\n<p style=\"text-align: center;\"><span style=\"font-family: arial, helvetica, sans-serif; font-size: 14pt; color: #000000;\">Une visite dont on ne ressort pas indemne. <\/span><\/p>\n<p style=\"text-align: center;\"><span style=\"color: #000000;\">\u00a0<\/span><\/p>\n<p style=\"text-align: center;\"><span style=\"font-family: arial, helvetica, sans-serif; font-size: 14pt; color: #000000;\">Toujours dans le m\u00eame quartier, \u00e0 l&rsquo;angle de la rue Jeanne Hachette et de l&rsquo;avenue Felix Faure, la <strong>peinture murale\u00a0La R\u00e9sistance<\/strong> d\u00e9voile sur un mur, situ\u00e9 le long de la voie emprunt\u00e9e par le <strong>tramway L\u00e9a<\/strong>, d&rsquo;autres grands noms ( notamment le couple <strong>Aubrac<\/strong>) de R\u00e9sistants locaux.<\/span><\/p>\n<p style=\"text-align: center;\"><span style=\"color: #000000;\">\u00a0<\/span><\/p>\n<p style=\"text-align: center;\"><span style=\"font-family: arial, helvetica, sans-serif; font-size: 14pt; color: #000000;\">\u00a0Lyon n&rsquo;a d\u00e9finitivement pas usurp\u00e9 son titre de <strong>capitale fran\u00e7aise de la R\u00e9sistance<\/strong>.<\/span><\/p>\n<p style=\"text-align: center;\"><span style=\"color: #000000;\">\u00a0<\/span><\/p>\n<p style=\"text-align: center;\"><span style=\"font-family: 'arial black', sans-serif; font-size: 18pt; color: #000000;\">\u00a0<\/span><\/p>\n<p style=\"text-align: center;\"><span style=\"font-size: 18pt; color: #000000; font-family: 'arial black', sans-serif;\"><strong>4. \u00a0THANK YOU MISTER PAUL\u00a0<\/strong><\/span><\/p>\n<p style=\"text-align: center;\"><span style=\"font-family: arial, helvetica, sans-serif; font-size: 14pt; color: #808080;\">\u00a0<em>Situ\u00e9e Cours Lafayette , en face des Halles Paul Bocuse, Lyon 3 eme .<\/em><\/span><\/p>\n<p style=\"text-align: center;\">\u00a0<\/p>\n<p style=\"text-align: center;\">\u00a0<\/p>\n<p style=\"text-align: center;\"><img loading=\"lazy\" decoding=\"async\" class=\"alignnone wp-image-20631 size-large\" src=\"https:\/\/www.journaldunpigeonvoyageur.com\/blog\/wp-content\/uploads\/2017\/03\/7-min-768x1024.jpg\" alt=\"\" width=\"768\" height=\"1024\" srcset=\"https:\/\/www.journaldunpigeonvoyageur.com\/blog\/wp-content\/uploads\/2017\/03\/7-min-768x1024.jpg 768w, https:\/\/www.journaldunpigeonvoyageur.com\/blog\/wp-content\/uploads\/2017\/03\/7-min-225x300.jpg 225w, https:\/\/www.journaldunpigeonvoyageur.com\/blog\/wp-content\/uploads\/2017\/03\/7-min-600x800.jpg 600w, https:\/\/www.journaldunpigeonvoyageur.com\/blog\/wp-content\/uploads\/2017\/03\/7-min.jpg 1224w\" sizes=\"auto, (max-width: 768px) 100vw, 768px\" \/><\/p>\n<p style=\"text-align: center;\">\u00a0<\/p>\n<p style=\"text-align: center;\">\u00a0<\/p>\n<p style=\"text-align: center;\"><span style=\"color: #000000;\">\u00a0<\/span><\/p>\n<p style=\"text-align: center;\"><span style=\"font-family: arial, helvetica, sans-serif; font-size: 14pt; color: #000000;\">Jusqu&rsquo;\u00e0 la fin de l&rsquo;ann\u00e9e 2015 et aussi surprenant que cela puisse para\u00eetre, aucun\u00a0mur peint lyonnais intra-muros ne rendait exclusivement hommage ( ceux\u00a0<strong>des Lyonnais<\/strong> et de <strong>la Rue des Grands Chefs<\/strong> \u00e0 <strong><a style=\"color: #000000;\" href=\"https:\/\/www.journaldunpigeonvoyageur.com\/blog\/2016\/06\/07\/comment-jai-teste-5-tables-gastronomiques-en-48-heures-a-lyon\/\">Collonges-au-Mont-d&rsquo;Or<\/a><\/strong>\u00a0le figurent, en effet, parmi\u00a0d&rsquo;autres personnalit\u00e9s) au chef <strong>Paul Bocuse<\/strong>, enfant du pays consid\u00e9r\u00e9 comme le <strong>Pape de la Gastronomie fran\u00e7aise<\/strong>. <\/span><\/p>\n<p style=\"text-align: center;\"><span style=\"color: #000000;\">\u00a0<\/span><\/p>\n<p style=\"text-align: center;\"><span style=\"font-family: arial, helvetica, sans-serif; font-size: 14pt; color: #000000;\">C&rsquo;est d\u00e9sormais chose faite avec cet\u00a0imposant portrait en noir et blanc (hormis sa m\u00e9daille reproduite en couleurs) s&rsquo;affichant juste en face des <strong><a style=\"color: #000000;\" href=\"https:\/\/www.journaldunpigeonvoyageur.com\/blog\/2017\/03\/15\/escapade-gastronomique-a-lyon-acte-ii\/\">Halles<\/a><\/strong>\u00a0qui portent son nom. <\/span><\/p>\n<p style=\"text-align: center;\"><span style=\"color: #000000;\">\u00a0<\/span><\/p>\n<p style=\"text-align: center;\">\u00a0<\/p>\n<p style=\"text-align: center;\">\u00a0<\/p>\n<p style=\"text-align: center;\"><span style=\"color: #000000;\"><strong><span style=\"font-family: 'arial black', sans-serif; font-size: 18pt;\">5. LE MUR DES CANUTS (1200 m2)<\/span><\/strong><\/span><\/p>\n<p style=\"text-align: center;\"><span style=\"font-family: arial, helvetica, sans-serif; font-size: 14pt; color: #808080;\">\u00a0<em>Situ\u00e9 Boulevard des Canuts\u00a0, Lyon 4 eme\u00a0.<\/em><\/span><\/p>\n<p style=\"text-align: center;\"><span style=\"color: #808080;\">\u00a0<\/span><\/p>\n<p style=\"text-align: center;\">\u00a0<\/p>\n<p style=\"text-align: center;\"><img loading=\"lazy\" decoding=\"async\" class=\"alignnone wp-image-20636 size-large\" src=\"https:\/\/www.journaldunpigeonvoyageur.com\/blog\/wp-content\/uploads\/2017\/03\/12-min-768x1024.jpg\" alt=\"\" width=\"768\" height=\"1024\" srcset=\"https:\/\/www.journaldunpigeonvoyageur.com\/blog\/wp-content\/uploads\/2017\/03\/12-min-768x1024.jpg 768w, https:\/\/www.journaldunpigeonvoyageur.com\/blog\/wp-content\/uploads\/2017\/03\/12-min-225x300.jpg 225w, https:\/\/www.journaldunpigeonvoyageur.com\/blog\/wp-content\/uploads\/2017\/03\/12-min-600x800.jpg 600w, https:\/\/www.journaldunpigeonvoyageur.com\/blog\/wp-content\/uploads\/2017\/03\/12-min.jpg 1224w\" sizes=\"auto, (max-width: 768px) 100vw, 768px\" \/><\/p>\n<p style=\"text-align: center;\">\u00a0<\/p>\n<p style=\"text-align: center;\">\u00a0<\/p>\n<p style=\"text-align: center;\">\u00a0<\/p>\n<p style=\"text-align: center;\"><span style=\"font-family: arial, helvetica, sans-serif; font-size: 14pt; color: #000000;\">A\u00a0la <strong>Croix-Rousse<\/strong>, l&rsquo;\u00a0immense <strong>Mur des Canuts<\/strong> est un must see a plus d&rsquo;un titre.<\/span><\/p>\n<p style=\"text-align: center;\"><span style=\"color: #000000;\">\u00a0<\/span><\/p>\n<p style=\"text-align: center;\"><span style=\"font-family: arial, helvetica, sans-serif; font-size: 14pt; color: #000000;\">Parce qu&rsquo;il s&rsquo;agit de l&rsquo;un des tout premiers murs peints \u00e0 avoir, \u00e0 la fin des ann\u00e9es 1980, \u00e9t\u00e9 r\u00e9alis\u00e9\u00a0\u00e0 Lyon.<\/span><\/p>\n<p style=\"text-align: center;\"><span style=\"color: #000000;\">\u00a0<\/span><\/p>\n<p style=\"text-align: center;\"><span style=\"font-family: arial, helvetica, sans-serif; font-size: 14pt; color: #000000;\">Parce qu&rsquo;il t\u00e9moigne, ensuite, de\u00a0la transformation progressive\u00a0du \u00a0quartier o\u00f9 il se d\u00e9voile.<\/span><\/p>\n<p style=\"text-align: center;\"><span style=\"color: #000000;\">\u00a0<\/span><\/p>\n<p style=\"text-align: center;\"><span style=\"font-family: arial, helvetica, sans-serif; font-size: 14pt; color: #000000;\">Ancien bastion,\u00a0au 19 \u00e8me si\u00e8cle, \u00a0des <strong>canuts<\/strong> (ouvriers tisserands de la soie), le visage de la Croix Rousse s&rsquo;est \u00a0au fil des si\u00e8cles, en effet, m\u00e9tamorphos\u00e9 . <\/span><\/p>\n<p style=\"text-align: center;\"><span style=\"color: #000000;\">\u00a0<\/span><\/p>\n<p style=\"text-align: center;\"><span style=\"font-family: arial, helvetica, sans-serif; font-size: 14pt; color: #000000;\">Grace aux<strong>\u00a0r\u00e9actualisations<\/strong>\u00a0dont il est l&rsquo;objet, Le Mur des Canuts illustre donc ces changements mais donne \u00e9galement \u00e0 voir\u00a0la vie quotidienne qui s&rsquo;y d\u00e9roule d\u00e9sormais.<\/span><\/p>\n<p style=\"text-align: center;\">\u00a0<\/p>\n<p style=\"text-align: center;\"><span style=\"font-family: arial, helvetica, sans-serif; font-size: 14pt; color: #000000;\">Sa derni\u00e8re version, datant de 2013, braque ainsi les projecteurs sur les actuels \u00a0habitants \u00a0de <em>\u00ab\u00a0la pente qui travaille\u00a0\u00bb<\/em> (surnom jadis donn\u00e9 \u00e0 la Croix Rousse) tout en mettant en lumi\u00e8re les innovations lyonnaises, telles le Velo&rsquo;v (pendant du V\u00e9lib parisien), qui y sont apparues. <\/span><\/p>\n<p style=\"text-align: center;\"><span style=\"color: #000000;\">\u00a0<\/span><\/p>\n<p style=\"text-align: center;\"><span style=\"font-family: arial, helvetica, sans-serif; font-size: 14pt; color: #000000;\">Enfin, l&rsquo;ultime singularit\u00e9\u00a0de cette\u00a0peinture murale r\u00e9side dans\u00a0sa capacit\u00e9 \u00e0 faire \u00e9voluer les personnages qui la composent. <\/span><\/p>\n<p style=\"text-align: center;\"><span style=\"color: #000000;\">\u00a0<\/span><\/p>\n<p style=\"text-align: center;\"><span style=\"font-family: arial, helvetica, sans-serif; font-size: 14pt; color: #000000;\">Ainsi, la petite fille admir\u00e9e hier est devenue la m\u00e8re que l&rsquo;on observe aujourd&rsquo;hui. <\/span><\/p>\n<p style=\"text-align: center;\"><span style=\"color: #000000;\">\u00a0<\/span><\/p>\n<p style=\"text-align: center;\"><span style=\"font-family: arial, helvetica, sans-serif; font-size: 14pt; color: #000000;\">Autant d&rsquo;\u00e9l\u00e9ments qui conf\u00e8rent, \u00e0 raison, au Mur des Canuts une aura particuli\u00e8re.<\/span><\/p>\n<p style=\"text-align: center;\"><span style=\"color: #000000;\">\u00a0<\/span><\/p>\n<p style=\"text-align: center;\"><span style=\"font-family: 'arial black', sans-serif;\">\u00a0<\/span><\/p>\n<p style=\"text-align: center;\">\u00a0<\/p>\n<p style=\"text-align: center;\"><span style=\"font-family: 'arial black', sans-serif; font-size: 18pt; color: #000000;\">6. ESPACE\u00a0DIEGO RIVERA (400 m2)<\/span><\/p>\n<p style=\"text-align: center;\"><span style=\"font-family: arial, helvetica, sans-serif; font-size: 14pt; color: #808080;\"><em>Situ\u00e9e Rue Georges Gouy\u00a0, Lyon 7 eme\u00a0.<\/em>\u00a0<\/span><\/p>\n<p>&nbsp;<\/p>\n<p>&nbsp;<\/p>\n<p style=\"text-align: center;\"><em><img loading=\"lazy\" decoding=\"async\" class=\"alignnone wp-image-20865 size-large\" src=\"https:\/\/www.journaldunpigeonvoyageur.com\/blog\/wp-content\/uploads\/2017\/03\/DOUZE-min-1-768x1024.jpg\" alt=\"\" width=\"768\" height=\"1024\" srcset=\"https:\/\/www.journaldunpigeonvoyageur.com\/blog\/wp-content\/uploads\/2017\/03\/DOUZE-min-1-768x1024.jpg 768w, https:\/\/www.journaldunpigeonvoyageur.com\/blog\/wp-content\/uploads\/2017\/03\/DOUZE-min-1-225x300.jpg 225w, https:\/\/www.journaldunpigeonvoyageur.com\/blog\/wp-content\/uploads\/2017\/03\/DOUZE-min-1-600x800.jpg 600w, https:\/\/www.journaldunpigeonvoyageur.com\/blog\/wp-content\/uploads\/2017\/03\/DOUZE-min-1.jpg 960w\" sizes=\"auto, (max-width: 768px) 100vw, 768px\" \/><\/em><\/p>\n<p style=\"text-align: center;\">\u00a0<em>Emiliano Zapata<\/em><\/p>\n<p style=\"text-align: center;\">\u00a0<\/p>\n<p style=\"text-align: center;\">\u00a0<\/p>\n<p style=\"text-align: center;\"><span style=\"color: #000000;\"><span style=\"font-family: arial, helvetica, sans-serif; font-size: 14pt;\">Fin janvier 2017 s&rsquo;est termin\u00e9e au <strong>Grand Palais<\/strong> parisien la magnifique exposition \u00a0(dont j&rsquo;avais publi\u00e9 plusieurs\u00a0<strong><a style=\"color: #000000;\" href=\"https:\/\/www.facebook.com\/pg\/journaldunpigeonvoyageur\/photos\/?tab=album&amp;album_id=668031566706907\">photographies <\/a><\/strong>sur la page <strong><a style=\"color: #000000;\" href=\"https:\/\/www.facebook.com\/journaldunpigeonvoyageur\/\">Facebook<\/a>\u00a0<\/strong>du blog)\u00a0<\/span><span style=\"font-family: arial, helvetica, sans-serif; font-size: 14pt;\">consacr\u00e9e \u00e0 quelques unes des grandes figures artistiques mexicaines de la premi\u00e8re moiti\u00e9 du XX \u00e8me si\u00e8cle. <\/span><\/span><\/p>\n<p style=\"text-align: center;\"><span style=\"color: #000000;\">\u00a0<\/span><\/p>\n<p style=\"text-align: center;\"><span style=\"font-family: arial, helvetica, sans-serif; font-size: 14pt; color: #000000;\">Parmi ces derni\u00e8res figuraient notamment Jos\u00e9 Clemente Orozco, <strong>Frida Kahlo<\/strong> \u00a0mais \u00e9galement son non moins c\u00e9l\u00e8bre \u00e9poux <strong>Diego Rivera<\/strong>.<\/span><\/p>\n<p style=\"text-align: center;\"><span style=\"color: #000000;\">\u00a0<\/span><\/p>\n<p style=\"text-align: center;\"><span style=\"font-family: arial, helvetica, sans-serif; font-size: 14pt; color: #000000;\">Depuis 2007, trois magnifiques murs peints, reprenant des th\u00e8mes trait\u00e9s par l&rsquo;artiste dans son oeuvre,\u00a0lui \u00a0rendent hommage \u00a0\u00e0 Lyon.<\/span><\/p>\n<p style=\"text-align: center;\"><span style=\"color: #000000;\">\u00a0<\/span><\/p>\n<p style=\"text-align: center;\"><span style=\"font-family: arial, helvetica, sans-serif; font-size: 14pt; color: #000000;\">J&rsquo;ai, en ce qui me concerne, eu une pr\u00e9f\u00e9rence pour deux d&rsquo;entre eux .<\/span><\/p>\n<p style=\"text-align: center;\"><span style=\"color: #000000;\">\u00a0<\/span><\/p>\n<p style=\"text-align: center;\"><span style=\"font-family: arial, helvetica, sans-serif; font-size: 14pt; color: #000000;\">D&rsquo;un c\u00f4t\u00e9, une fa\u00e7ade pr\u00e9-hispanique renvoyant aussi bien aux <strong>civilisations am\u00e9rindienne<\/strong>s ( Azt\u00e8que, Maya et Tarasca notamment) \u00a0qu&rsquo;aux premiers temps de la <strong>Conquista espagnole<\/strong> o\u00f9\u00a0l&rsquo;Eglise joua un\u00a0r\u00f4le pr\u00e9gnant.\u00a0<\/span><\/p>\n<p style=\"text-align: center;\"><span style=\"color: #000000;\">\u00a0<\/span><\/p>\n<p style=\"text-align: center;\"><img loading=\"lazy\" decoding=\"async\" class=\"aligncenter wp-image-20639 size-large\" src=\"https:\/\/www.journaldunpigeonvoyageur.com\/blog\/wp-content\/uploads\/2017\/03\/16-min-768x1024.jpg\" alt=\"\" width=\"768\" height=\"1024\" srcset=\"https:\/\/www.journaldunpigeonvoyageur.com\/blog\/wp-content\/uploads\/2017\/03\/16-min-768x1024.jpg 768w, https:\/\/www.journaldunpigeonvoyageur.com\/blog\/wp-content\/uploads\/2017\/03\/16-min-225x300.jpg 225w, https:\/\/www.journaldunpigeonvoyageur.com\/blog\/wp-content\/uploads\/2017\/03\/16-min-600x800.jpg 600w, https:\/\/www.journaldunpigeonvoyageur.com\/blog\/wp-content\/uploads\/2017\/03\/16-min.jpg 1500w\" sizes=\"auto, (max-width: 768px) 100vw, 768px\" \/><\/p>\n<p style=\"text-align: center;\">\u00a0<\/p>\n<p style=\"text-align: center;\">\u00a0<\/p>\n<p style=\"text-align: center;\"><span style=\"font-family: arial, helvetica, sans-serif; font-size: 14pt; color: #000000;\">De l&rsquo;autre, un mur peint \u00e9voquant, p\u00e8le-m\u00eale, industrialisation, R\u00e9volution Mexicaine\u00a0ainsi que lutte des classes.<\/span><\/p>\n<p style=\"text-align: center;\">\u00a0<\/p>\n<p style=\"text-align: center;\"><span style=\"font-family: arial, helvetica, sans-serif; font-size: 14pt; color: #000000;\">On y retrouve \u00e9galement des figures importantes\u00a0telles que <strong>Frida Kahlo<\/strong><\/span><\/p>\n<p style=\"text-align: center;\">\u00a0<\/p>\n<p style=\"text-align: center;\">\u00a0<\/p>\n<p style=\"text-align: center;\"><img loading=\"lazy\" decoding=\"async\" class=\"alignnone wp-image-20866 size-large\" src=\"https:\/\/www.journaldunpigeonvoyageur.com\/blog\/wp-content\/uploads\/2017\/03\/ONZE-min-1-1024x768.jpg\" alt=\"\" width=\"1024\" height=\"768\" srcset=\"https:\/\/www.journaldunpigeonvoyageur.com\/blog\/wp-content\/uploads\/2017\/03\/ONZE-min-1-1024x768.jpg 1024w, https:\/\/www.journaldunpigeonvoyageur.com\/blog\/wp-content\/uploads\/2017\/03\/ONZE-min-1-300x225.jpg 300w, https:\/\/www.journaldunpigeonvoyageur.com\/blog\/wp-content\/uploads\/2017\/03\/ONZE-min-1-768x576.jpg 768w, https:\/\/www.journaldunpigeonvoyageur.com\/blog\/wp-content\/uploads\/2017\/03\/ONZE-min-1-600x450.jpg 600w, https:\/\/www.journaldunpigeonvoyageur.com\/blog\/wp-content\/uploads\/2017\/03\/ONZE-min-1.jpg 2000w\" sizes=\"auto, (max-width: 1024px) 100vw, 1024px\" \/><\/p>\n<p style=\"text-align: center;\">\u00a0<\/p>\n<p style=\"text-align: center;\"><span style=\"font-family: arial, helvetica, sans-serif; font-size: 14pt; color: #000000;\">ou le dirigeant L\u00e9nine.<\/span><\/p>\n<p style=\"text-align: center;\">\u00a0<\/p>\n<p style=\"text-align: center;\"><span style=\"font-family: 'arial black', sans-serif; font-size: 14pt; color: #000000;\">\u00a0<\/span><\/p>\n<p style=\"text-align: center;\">\u00a0<\/p>\n<p style=\"text-align: center;\"><span style=\"font-family: 'arial black', sans-serif; font-size: 18pt; color: #000000;\">7. LE MUR DU CIN\u00c9MA (500 m2)<\/span><\/p>\n<p style=\"text-align: center;\"><span style=\"color: #808080; font-family: arial, helvetica, sans-serif; font-size: 14pt;\">\u00a0<em>Situ\u00e9 \u00a0\u00e0 l&rsquo;angle de la cour Gambetta et de la rue de la Guilloti\u00e8re \u00a0, Lyon 2 eme\u00a0.<\/em><\/span><\/p>\n<p style=\"text-align: center;\"><span style=\"color: #808080; font-family: arial, helvetica, sans-serif; font-size: 14pt;\">\u00a0<\/span><\/p>\n<p style=\"text-align: center;\">\u00a0<\/p>\n<p style=\"text-align: center;\"><span style=\"font-family: arial, helvetica, sans-serif; font-size: 14pt; color: #000000;\"><img loading=\"lazy\" decoding=\"async\" class=\"aligncenter wp-image-20635 size-large\" src=\"https:\/\/www.journaldunpigeonvoyageur.com\/blog\/wp-content\/uploads\/2017\/03\/11-min-768x1024.jpg\" alt=\"\" width=\"768\" height=\"1024\" srcset=\"https:\/\/www.journaldunpigeonvoyageur.com\/blog\/wp-content\/uploads\/2017\/03\/11-min-768x1024.jpg 768w, https:\/\/www.journaldunpigeonvoyageur.com\/blog\/wp-content\/uploads\/2017\/03\/11-min-225x300.jpg 225w, https:\/\/www.journaldunpigeonvoyageur.com\/blog\/wp-content\/uploads\/2017\/03\/11-min-600x800.jpg 600w, https:\/\/www.journaldunpigeonvoyageur.com\/blog\/wp-content\/uploads\/2017\/03\/11-min.jpg 1224w\" sizes=\"auto, (max-width: 768px) 100vw, 768px\" \/>\u00a0<\/span><\/p>\n<p style=\"text-align: center;\"><em>Affiche Brispot \u00ab\u00a0Premier Film\u00a0\u00bb<\/em><\/p>\n<p style=\"text-align: center;\">\u00a0<\/p>\n<p style=\"text-align: center;\">\u00a0<\/p>\n<p style=\"text-align: center;\"><span style=\"font-family: arial, helvetica, sans-serif; font-size: 14pt; color: #000000;\">C&rsquo;est \u00e0 Lyon que les deux c\u00e9l\u00e8bres fr\u00e8res <strong>Auguste et Louis Lumi\u00e8re<\/strong> (repr\u00e9sent\u00e9s sur la <strong>fresque des Lyonnais<\/strong>) \u00a0invent\u00e8rent, \u00e0 la fin du 19 \u00e8me si\u00e8cle, le <strong>Cin\u00e9matographe<\/strong>.<\/span><\/p>\n<p style=\"text-align: center;\"><span style=\"color: #000000;\">\u00a0<\/span><\/p>\n<p style=\"text-align: center;\"><span style=\"font-family: arial, helvetica, sans-serif; font-size: 14pt; color: #000000;\">Un\u00a0mur peint consacr\u00e9 au Cin\u00e9ma se devait donc d&rsquo;\u00eatre r\u00e9alis\u00e9 dans la ville.\u00a0<\/span><\/p>\n<p style=\"text-align: center;\"><span style=\"color: #000000;\">\u00a0<\/span><\/p>\n<p style=\"text-align: center;\"><span style=\"font-family: arial, helvetica, sans-serif; font-size: 14pt; color: #000000;\">Entre le d\u00e9cor d&rsquo;un tournage, le rappel de <strong>Sortie d&rsquo;Usines<\/strong>, premier film muet des Fr\u00e8res Lumi\u00e8re,<\/span><\/p>\n<p style=\"text-align: center;\">\u00a0<\/p>\n<p style=\"text-align: center;\">\u00a0<\/p>\n<p style=\"text-align: center;\"><img loading=\"lazy\" decoding=\"async\" class=\"wp-image-20634 size-large aligncenter\" src=\"https:\/\/www.journaldunpigeonvoyageur.com\/blog\/wp-content\/uploads\/2017\/03\/10-min-768x1024.jpg\" alt=\"10-min\" width=\"768\" height=\"1024\" srcset=\"https:\/\/www.journaldunpigeonvoyageur.com\/blog\/wp-content\/uploads\/2017\/03\/10-min-768x1024.jpg 768w, https:\/\/www.journaldunpigeonvoyageur.com\/blog\/wp-content\/uploads\/2017\/03\/10-min-225x300.jpg 225w, https:\/\/www.journaldunpigeonvoyageur.com\/blog\/wp-content\/uploads\/2017\/03\/10-min-600x800.jpg 600w, https:\/\/www.journaldunpigeonvoyageur.com\/blog\/wp-content\/uploads\/2017\/03\/10-min.jpg 1224w\" sizes=\"auto, (max-width: 768px) 100vw, 768px\" \/><\/p>\n<p style=\"text-align: center;\"><em>La sortie d&rsquo;usine Lumi\u00e8re \u00e0 Lyon, premier film produit\u00a0<\/em><\/p>\n<p style=\"text-align: center;\"><span style=\"color: #000000;\">\u00a0<\/span><\/p>\n<p style=\"text-align: center;\"><span style=\"font-family: arial, helvetica, sans-serif; font-size: 14pt; color: #000000;\">et le clin d\u2019\u0153il aux productions \u00a0contemporaines tourn\u00e9es \u00e0 Lyon : l&rsquo;immersion dans le monde du 7 \u00e8me art y est totale.\u00a0<\/span><\/p>\n<p style=\"text-align: center;\">\u00a0<\/p>\n<p>\u00a0 <img loading=\"lazy\" decoding=\"async\" class=\"wp-image-20633 size-large aligncenter\" src=\"https:\/\/www.journaldunpigeonvoyageur.com\/blog\/wp-content\/uploads\/2017\/03\/9-min-768x1024.jpg\" alt=\"9-min\" width=\"768\" height=\"1024\" srcset=\"https:\/\/www.journaldunpigeonvoyageur.com\/blog\/wp-content\/uploads\/2017\/03\/9-min-768x1024.jpg 768w, https:\/\/www.journaldunpigeonvoyageur.com\/blog\/wp-content\/uploads\/2017\/03\/9-min-225x300.jpg 225w, https:\/\/www.journaldunpigeonvoyageur.com\/blog\/wp-content\/uploads\/2017\/03\/9-min-600x800.jpg 600w, https:\/\/www.journaldunpigeonvoyageur.com\/blog\/wp-content\/uploads\/2017\/03\/9-min.jpg 1224w\" sizes=\"auto, (max-width: 768px) 100vw, 768px\" \/><\/p>\n<p>&nbsp;<\/p>\n<p>&nbsp;<\/p>\n<p style=\"text-align: center;\"><span style=\"font-family: 'arial black', sans-serif; font-size: 14pt; color: #000000;\">\u00a0<\/span><\/p>\n<p style=\"text-align: center;\"><span style=\"font-family: 'arial black', sans-serif; font-size: 18pt; color: #000000;\">8. LA FRESQUE DE GERLAND (190 m2)<\/span><\/p>\n<p style=\"text-align: center;\"><span style=\"color: #808080;\"><em><span style=\"font-family: arial, helvetica, sans-serif; font-size: 14pt;\">Situ\u00e9e au 18 rue Pierre de Coubertin, Lyon 7 \u00e8me<\/span><\/em><\/span><\/p>\n<p style=\"text-align: center;\">\u00a0<\/p>\n<p style=\"text-align: center;\"><span style=\"font-family: arial, helvetica, sans-serif; font-size: 14pt; color: #000000;\"><img loading=\"lazy\" decoding=\"async\" class=\"alignnone wp-image-20632 size-large\" src=\"https:\/\/www.journaldunpigeonvoyageur.com\/blog\/wp-content\/uploads\/2017\/03\/8-min-768x1024.jpg\" alt=\"\" width=\"768\" height=\"1024\" srcset=\"https:\/\/www.journaldunpigeonvoyageur.com\/blog\/wp-content\/uploads\/2017\/03\/8-min-768x1024.jpg 768w, https:\/\/www.journaldunpigeonvoyageur.com\/blog\/wp-content\/uploads\/2017\/03\/8-min-225x300.jpg 225w, https:\/\/www.journaldunpigeonvoyageur.com\/blog\/wp-content\/uploads\/2017\/03\/8-min-600x800.jpg 600w, https:\/\/www.journaldunpigeonvoyageur.com\/blog\/wp-content\/uploads\/2017\/03\/8-min.jpg 1224w\" sizes=\"auto, (max-width: 768px) 100vw, 768px\" \/><\/span><\/p>\n<p style=\"text-align: center;\">\u00a0<\/p>\n<p style=\"text-align: center;\">\u00a0<\/p>\n<p style=\"text-align: center;\"><span style=\"font-family: arial, helvetica, sans-serif; font-size: 14pt; color: #000000;\">A\u00a0seulement quelques encablures du mythique <strong>stade de Gerland<\/strong>, le mur-peint \u00e9ponyme \u00a0c\u00e9l\u00e8bre la <strong>coupe du monde de football<\/strong> organis\u00e9e et remport\u00e9e\u00a0par la France en <strong>1998<\/strong>. <\/span><\/p>\n<p style=\"text-align: center;\"><span style=\"color: #000000;\">\u00a0<\/span><\/p>\n<p style=\"text-align: center;\"><span style=\"font-family: arial, helvetica, sans-serif; font-size: 14pt; color: #000000;\">Les r\u00e9f\u00e9rences \u00e0 cet \u00e9v\u00e9nement sportif d&rsquo;envergure y sont, de fait, omnipr\u00e9sentes.<\/span><\/p>\n<p style=\"text-align: center;\"><span style=\"color: #000000;\">\u00a0<\/span><\/p>\n<p style=\"text-align: center;\"><span style=\"font-family: arial, helvetica, sans-serif; font-size: 14pt; color: #000000;\">Mais au-del\u00e0, cette oeuvre permet\u00a0\u00e9galement\u00a0de d\u00e9couvrir plusieurs lieux embl\u00e9matiques du quartier : le stade, bien \u00e9videmment, mais aussi la Halle Tony Garnier ou encore les \u00e9coles normales sup\u00e9rieures.\u00a0<\/span><\/p>\n<p style=\"text-align: center;\"><span style=\"font-family: arial, helvetica, sans-serif; font-size: 14pt; color: #000000;\">\u00a0<\/span><\/p>\n<p style=\"text-align: center;\">\u00a0<\/p>\n<p style=\"text-align: center;\">\u00a0<\/p>\n<p style=\"text-align: center;\"><span style=\"font-family: 'arial black', sans-serif; font-size: 18pt; color: #000000;\">9. LA FRESQUE \u00a0LUMI\u00c8RE (340 m2)<\/span><\/p>\n<p style=\"text-align: center;\"><span style=\"color: #808080;\"><em><span style=\"font-family: arial, helvetica, sans-serif; font-size: 14pt;\">Situ\u00e9e 106 avenue Jean Jaures, \u00a0Lyon 7\u00a0<\/span><\/em><\/span><\/p>\n<p style=\"text-align: center;\">\u00a0<\/p>\n<p style=\"text-align: center;\">\u00a0<\/p>\n<p style=\"text-align: center;\"><img loading=\"lazy\" decoding=\"async\" class=\"alignnone wp-image-20628 size-large\" src=\"https:\/\/www.journaldunpigeonvoyageur.com\/blog\/wp-content\/uploads\/2017\/03\/4-min-768x1024.jpg\" alt=\"\" width=\"768\" height=\"1024\" srcset=\"https:\/\/www.journaldunpigeonvoyageur.com\/blog\/wp-content\/uploads\/2017\/03\/4-min-768x1024.jpg 768w, https:\/\/www.journaldunpigeonvoyageur.com\/blog\/wp-content\/uploads\/2017\/03\/4-min-225x300.jpg 225w, https:\/\/www.journaldunpigeonvoyageur.com\/blog\/wp-content\/uploads\/2017\/03\/4-min-600x800.jpg 600w, https:\/\/www.journaldunpigeonvoyageur.com\/blog\/wp-content\/uploads\/2017\/03\/4-min.jpg 1224w\" sizes=\"auto, (max-width: 768px) 100vw, 768px\" \/><\/p>\n<p style=\"text-align: center;\">\u00a0<\/p>\n<p style=\"text-align: center;\">\u00a0<\/p>\n<p style=\"text-align: center;\">\u00a0<\/p>\n<p style=\"text-align: center;\"><span style=\"font-family: arial, helvetica, sans-serif; font-size: 14pt; color: #000000;\">Il s&rsquo;agit, sans conteste, de la peinture murale\u00a0la plus<strong> innovante\u00a0<\/strong>en ce qu&rsquo;elle combine, en recourant \u00e0 des technologies de pointe, deux \u00a0symboles importants de la ville\u00a0: le <strong>mur peint<\/strong> et la <strong>lumi\u00e8re<\/strong>.<\/span><\/p>\n<p style=\"text-align: center;\"><span style=\"color: #000000;\">\u00a0<\/span><\/p>\n<p style=\"text-align: center;\"><span style=\"font-family: arial, helvetica, sans-serif; font-size: 14pt; color: #000000;\">Dessin\u00e9e par <strong>Fran\u00e7ois Schuiten<\/strong>, illustrateur belge de renom, cette<strong> Lyon du Futur<\/strong>, o\u00f9 figurent en toile de fond la Halle Garnier, surmont\u00e9e d&rsquo;une coupole en verre, outre\u00a0la colline de Fourvi\u00e8re,\u00a0s&rsquo;illumine, en effet, \u00e0 la nuit tomb\u00e9e gr\u00e2ce aux nombreuses <strong>diodes et fibres optiques<\/strong> qui y ont \u00e9t\u00e9 int\u00e9gr\u00e9es.<\/span><\/p>\n<p style=\"text-align: center;\"><span style=\"color: #000000;\">\u00a0<\/span><\/p>\n<p style=\"text-align: center;\"><span style=\"font-family: arial, helvetica, sans-serif; font-size: 14pt; color: #000000;\">Une installation moderne qui va, de surcro\u00eet, de pair avec le renouveau constat\u00e9\u00a0dans le 7 \u00e8me arrondissement.<\/span><\/p>\n<p style=\"text-align: center;\">\u00a0<\/p>\n<p style=\"text-align: center;\">\u00a0<span style=\"font-family: arial, helvetica, sans-serif; font-size: 14pt; color: #000000;\">\u00a0<\/span><\/p>\n<p style=\"text-align: center;\">\u00a0<\/p>\n<p style=\"text-align: center;\"><span style=\"font-family: 'arial black', sans-serif; font-size: 18pt; color: #000000;\">10. LES CITES ID\u00c9ALES<\/span><\/p>\n<p style=\"text-align: center;\"><span style=\"color: #808080;\"><em><span style=\"font-family: arial, helvetica, sans-serif; font-size: 14pt;\">Situ\u00e9es au d\u00e9but du Boulevard des Etats-Unis , \u00a0Lyon 8\u00a0<\/span><\/em><\/span><\/p>\n<p style=\"text-align: center;\">\u00a0<\/p>\n<p style=\"text-align: center;\"><span style=\"color: #808080;\"><span style=\"font-family: 'arial black', sans-serif; font-size: 18pt;\">\u00a0<\/span>\u00a0<\/span><\/p>\n<p style=\"text-align: center;\"><img loading=\"lazy\" decoding=\"async\" class=\"alignnone wp-image-20627 size-large\" src=\"https:\/\/www.journaldunpigeonvoyageur.com\/blog\/wp-content\/uploads\/2017\/03\/3-min-768x1024.jpg\" alt=\"\" width=\"768\" height=\"1024\" srcset=\"https:\/\/www.journaldunpigeonvoyageur.com\/blog\/wp-content\/uploads\/2017\/03\/3-min-768x1024.jpg 768w, https:\/\/www.journaldunpigeonvoyageur.com\/blog\/wp-content\/uploads\/2017\/03\/3-min-225x300.jpg 225w, https:\/\/www.journaldunpigeonvoyageur.com\/blog\/wp-content\/uploads\/2017\/03\/3-min-600x800.jpg 600w, https:\/\/www.journaldunpigeonvoyageur.com\/blog\/wp-content\/uploads\/2017\/03\/3-min.jpg 1224w\" sizes=\"auto, (max-width: 768px) 100vw, 768px\" \/><\/p>\n<p style=\"text-align: center;\">\u00a0<em>Tour de Babel vue par Nicolas de Cr\u00e9cy<\/em><\/p>\n<p style=\"text-align: center;\">\u00a0<\/p>\n<p style=\"text-align: center;\">\u00a0<\/p>\n<p style=\"text-align: center;\"><span style=\"font-family: arial, helvetica, sans-serif; font-size: 14pt; color: #000000;\">A l&rsquo;entr\u00e9e du cosmopolite\u00a0<strong>quartier des Etats-Unis<\/strong>, \u00a0cinq monumentales peintures murales, \u00e9voquant\u00a0les<strong> Cit\u00e9s Id\u00e9ales<\/strong>, un th\u00e8me cher \u00e0 <strong><a style=\"color: #000000;\" href=\"https:\/\/www.journaldunpigeonvoyageur.com\/blog\/2017\/03\/21\/quand-lart-revalorise-un-quartier-populaire-lyonnais\/\">l&rsquo;architecte-urbaniste Tony Garnier<\/a><\/strong> (dont il sera question un peu plus loin), attirent imm\u00e9diatement le regard.<\/span><\/p>\n<p style=\"text-align: center;\"><span style=\"color: #000000;\">\u00a0<\/span><\/p>\n<p style=\"text-align: center;\"><span style=\"font-family: arial, helvetica, sans-serif; font-size: 14pt; color: #000000;\">J&rsquo;ai, tout d&rsquo;abord, eu un coup de c\u0153ur pour\u00a0deux des trois \u0153uvres r\u00e9interpr\u00e9tant le <strong>mythe de la Tour de Babel<\/strong>\u00a0. <\/span><\/p>\n<p style=\"text-align: center;\"><span style=\"color: #000000;\">\u00a0<\/span><\/p>\n<p style=\"text-align: center;\"><span style=\"font-family: arial, helvetica, sans-serif; font-size: 14pt; color: #000000;\">Selon ce dernier, les hommes, unis par une m\u00eame langue, d\u00e9cid\u00e8rent de construire une cit\u00e9 id\u00e9ale, symbolis\u00e9e par une tour se dressant dans le ciel, mais Dieu mit fin \u00e0 cette entreprise en brouillant leur langage puis en les dispersant sur \u00a0Terre.<\/span><\/p>\n<p style=\"text-align: center;\"><span style=\"color: #000000;\">\u00a0<\/span><\/p>\n<p style=\"text-align: center;\"><span style=\"color: #000000;\">\u00a0<\/span><\/p>\n<p style=\"text-align: center;\"><span style=\"font-family: arial, helvetica, sans-serif; font-size: 14pt; color: #000000;\">Le premier mur peint (de 160 m2), sis 5 boulevard des Etats-Unis, fait \u00e9cho au tableau \u00e9ponyme peint, au 16 \u00e8me si\u00e8cle, \u00a0par <strong>Bruegel l&rsquo;Ancien\u00a0<\/strong><\/span><\/p>\n<p style=\"text-align: center;\">\u00a0<\/p>\n<p style=\"text-align: center;\">\u00a0<\/p>\n<p style=\"text-align: center;\"><img loading=\"lazy\" decoding=\"async\" class=\"alignnone wp-image-20626 size-large\" src=\"https:\/\/www.journaldunpigeonvoyageur.com\/blog\/wp-content\/uploads\/2017\/03\/2-min-768x1024.jpg\" alt=\"\" width=\"768\" height=\"1024\" srcset=\"https:\/\/www.journaldunpigeonvoyageur.com\/blog\/wp-content\/uploads\/2017\/03\/2-min-768x1024.jpg 768w, https:\/\/www.journaldunpigeonvoyageur.com\/blog\/wp-content\/uploads\/2017\/03\/2-min-225x300.jpg 225w, https:\/\/www.journaldunpigeonvoyageur.com\/blog\/wp-content\/uploads\/2017\/03\/2-min-600x800.jpg 600w, https:\/\/www.journaldunpigeonvoyageur.com\/blog\/wp-content\/uploads\/2017\/03\/2-min.jpg 1224w\" sizes=\"auto, (max-width: 768px) 100vw, 768px\" \/><\/p>\n<p style=\"text-align: center;\">\u00a0<\/p>\n<p style=\"text-align: center;\">\u00a0<\/p>\n<p style=\"text-align: center;\">\u00a0<\/p>\n<p style=\"text-align: center;\"><span style=\"font-family: arial, helvetica, sans-serif; font-size: 14pt; color: #000000;\">tandis que le second ( de 240 m2), r\u00e9alis\u00e9, \u00a0\u00e0 seulement quelques m\u00e8tres du pr\u00e9c\u00e9dent, par l&rsquo;illustrateur fran\u00e7ais<strong> Nicolas de Crecy<\/strong> appara\u00eet comme une interpr\u00e9tation plus moderne . <\/span><\/p>\n<p style=\"text-align: center;\"><span style=\"color: #000000;\">\u00a0<\/span><\/p>\n<p style=\"text-align: center;\">\u00a0<\/p>\n<p style=\"text-align: center;\"><img loading=\"lazy\" decoding=\"async\" class=\"alignnone wp-image-20625 size-large\" src=\"https:\/\/www.journaldunpigeonvoyageur.com\/blog\/wp-content\/uploads\/2017\/03\/1-min-768x1024.jpg\" alt=\"\" width=\"768\" height=\"1024\" srcset=\"https:\/\/www.journaldunpigeonvoyageur.com\/blog\/wp-content\/uploads\/2017\/03\/1-min-768x1024.jpg 768w, https:\/\/www.journaldunpigeonvoyageur.com\/blog\/wp-content\/uploads\/2017\/03\/1-min-225x300.jpg 225w, https:\/\/www.journaldunpigeonvoyageur.com\/blog\/wp-content\/uploads\/2017\/03\/1-min-600x800.jpg 600w, https:\/\/www.journaldunpigeonvoyageur.com\/blog\/wp-content\/uploads\/2017\/03\/1-min.jpg 1224w\" sizes=\"auto, (max-width: 768px) 100vw, 768px\" \/><\/p>\n<p style=\"text-align: center;\">\u00a0<\/p>\n<p style=\"text-align: center;\"><span style=\"color: #000000;\">\u00a0<\/span><\/p>\n<p style=\"text-align: center;\"><span style=\"font-family: arial, helvetica, sans-serif; font-size: 14pt; color: #000000;\">\u00a0Puis, \u00e0 l&rsquo;angle de la rue de Villon et du 23 Boulevard des Etats-Unis, j&rsquo;ai \u00e9t\u00e9 \u00e9merveill\u00e9e par l\u2019impressionnante\u00a0<strong>\u00a0fresque de Shanghai<\/strong> (de 150 m2), peinte par l&rsquo;artiste<strong> Shi Qi Ren<\/strong> pour\u00a0comm\u00e9morer\u00a0le 20 \u00e8me anniversaire du jumelage entre la r\u00e9gion Rh\u00f4ne-Alpes et Shanghai.<\/span><\/p>\n<p style=\"text-align: center;\"><span style=\"color: #000000;\">\u00a0<\/span><\/p>\n<p style=\"text-align: center;\"><span style=\"font-family: arial, helvetica, sans-serif; font-size: 14pt; color: #000000;\">Avez vous remarqu\u00e9 le clin d\u2019\u0153il (en bas \u00e0 gauche) aux <strong><a style=\"color: #000000;\" href=\"https:\/\/www.journaldunpigeonvoyageur.com\/blog\/2017\/01\/11\/quand-la-chine-antique-sinvite-au-coeur-de-liege\/\">soldats de Xi&rsquo;An<\/a>\u00a0<\/strong>dont il a \u00e9t\u00e9 question sur le blog il y a deux mois \u00a0?<\/span><\/p>\n<p style=\"text-align: center;\"><span style=\"color: #000000;\">\u00a0<\/span><\/p>\n<p style=\"text-align: center;\"><span style=\"font-family: arial, helvetica, sans-serif; font-size: 14pt; color: #000000;\"><img loading=\"lazy\" decoding=\"async\" class=\"alignnone wp-image-20644 size-large\" src=\"https:\/\/www.journaldunpigeonvoyageur.com\/blog\/wp-content\/uploads\/2017\/03\/FullSizeRender-min-1-768x1024.jpg\" alt=\"\" width=\"768\" height=\"1024\" srcset=\"https:\/\/www.journaldunpigeonvoyageur.com\/blog\/wp-content\/uploads\/2017\/03\/FullSizeRender-min-1-768x1024.jpg 768w, https:\/\/www.journaldunpigeonvoyageur.com\/blog\/wp-content\/uploads\/2017\/03\/FullSizeRender-min-1-225x300.jpg 225w, https:\/\/www.journaldunpigeonvoyageur.com\/blog\/wp-content\/uploads\/2017\/03\/FullSizeRender-min-1-600x800.jpg 600w, https:\/\/www.journaldunpigeonvoyageur.com\/blog\/wp-content\/uploads\/2017\/03\/FullSizeRender-min-1.jpg 1224w\" sizes=\"auto, (max-width: 768px) 100vw, 768px\" \/>\u00a0<\/span><\/p>\n<p style=\"text-align: center;\">\u00a0<\/p>\n<p style=\"text-align: center;\">\u00a0<\/p>\n<p style=\"text-align: center;\">\u00a0<\/p>\n<p style=\"text-align: center;\"><span style=\"font-family: 'arial black', sans-serif; font-size: 18pt; color: #000000;\">11.<a style=\"color: #000000;\" href=\"https:\/\/www.journaldunpigeonvoyageur.com\/blog\/2017\/03\/21\/quand-lart-revalorise-un-quartier-populaire-lyonnais\/\"> LE MUS\u00c9E URBAIN TONY GARNIER<\/a> \u00a0(5700 m2)<\/span><\/p>\n<p style=\"text-align: center;\"><span style=\"font-family: arial, helvetica, sans-serif; font-size: 14pt; color: #808080;\"><em>4 rue des Serpolli\u00e8res, Lyon 8 \u00e8me<\/em>\u00a0<\/span><\/p>\n<p style=\"text-align: center;\"><span style=\"font-family: arial, helvetica, sans-serif; font-size: 14pt; color: #808080;\">\u00a0<\/span><\/p>\n<p style=\"text-align: center;\">\u00a0<\/p>\n<p style=\"text-align: center;\"><img loading=\"lazy\" decoding=\"async\" class=\"wp-image-20861 size-large aligncenter\" src=\"https:\/\/www.journaldunpigeonvoyageur.com\/blog\/wp-content\/uploads\/2017\/03\/FullSizeRendermin-1024x768.jpg\" alt=\"\" width=\"1024\" height=\"768\" srcset=\"https:\/\/www.journaldunpigeonvoyageur.com\/blog\/wp-content\/uploads\/2017\/03\/FullSizeRendermin-1024x768.jpg 1024w, https:\/\/www.journaldunpigeonvoyageur.com\/blog\/wp-content\/uploads\/2017\/03\/FullSizeRendermin-300x225.jpg 300w, https:\/\/www.journaldunpigeonvoyageur.com\/blog\/wp-content\/uploads\/2017\/03\/FullSizeRendermin-768x576.jpg 768w, https:\/\/www.journaldunpigeonvoyageur.com\/blog\/wp-content\/uploads\/2017\/03\/FullSizeRendermin-600x450.jpg 600w, https:\/\/www.journaldunpigeonvoyageur.com\/blog\/wp-content\/uploads\/2017\/03\/FullSizeRendermin.jpg 1632w\" sizes=\"auto, (max-width: 1024px) 100vw, 1024px\" \/><\/p>\n<p style=\"text-align: center;\"><em>photographie stroboscopique de Muybridge qui\u00a0d\u00e9compose le mouvement d&rsquo;un coureur<\/em><\/p>\n<p style=\"text-align: center;\">\u00a0<\/p>\n<p style=\"text-align: center;\"><span style=\"color: #000000;\">\u00a0<\/span><\/p>\n<p style=\"text-align: center;\"><span style=\"font-family: arial, helvetica, sans-serif; font-size: 14pt; color: #000000;\">Je ne peux terminer ce tour d&rsquo;horizon consacr\u00e9 aux<strong> murs peints lyonnais<\/strong>\u00a0sans \u00e9voquer l&rsquo;incroyable <strong>mus\u00e9e Tony Garnier<\/strong>, \u00e9galement situ\u00e9 dans le quartier des Etats-Unis, que j&rsquo;ai explor\u00e9 \u00a0il y a un peu plus de deux semaines.<\/span><\/p>\n<p style=\"text-align: center;\">\u00a0<\/p>\n<p style=\"text-align: center;\"><img loading=\"lazy\" decoding=\"async\" class=\"alignnone wp-image-20887 size-large\" src=\"https:\/\/www.journaldunpigeonvoyageur.com\/blog\/wp-content\/uploads\/2017\/03\/i-min-1024x768.jpg\" alt=\"\" width=\"1024\" height=\"768\" srcset=\"https:\/\/www.journaldunpigeonvoyageur.com\/blog\/wp-content\/uploads\/2017\/03\/i-min-1024x768.jpg 1024w, https:\/\/www.journaldunpigeonvoyageur.com\/blog\/wp-content\/uploads\/2017\/03\/i-min-300x225.jpg 300w, https:\/\/www.journaldunpigeonvoyageur.com\/blog\/wp-content\/uploads\/2017\/03\/i-min-768x576.jpg 768w, https:\/\/www.journaldunpigeonvoyageur.com\/blog\/wp-content\/uploads\/2017\/03\/i-min-600x450.jpg 600w, https:\/\/www.journaldunpigeonvoyageur.com\/blog\/wp-content\/uploads\/2017\/03\/i-min.jpg 2000w\" sizes=\"auto, (max-width: 1024px) 100vw, 1024px\" \/>\u00a0<\/p>\n<p style=\"text-align: center;\">\u00a0<\/p>\n<p style=\"text-align: center;\"><span style=\"color: #000000;\">\u00a0<\/span><\/p>\n<p style=\"text-align: center;\"><span style=\"font-family: arial, helvetica, sans-serif; font-size: 14pt; color: #000000;\">\u00a0Une\u00a0<strong>galerie \u00e0 ciel<\/strong> <strong>ouvert<\/strong>, unique en son genre, que je vous propose, \u00e0 pr\u00e9sent, de d\u00e9couvrir en un clic <strong>\u00a0<span style=\"color: #000000;\"> <a style=\"color: #000000;\" href=\"https:\/\/www.journaldunpigeonvoyageur.com\/blog\/2017\/03\/21\/quand-lart-revalorise-un-quartier-populaire-lyonnais\/\">ici<\/a><\/span><\/strong>\u00a0.<\/span><\/p>\n<p style=\"text-align: center;\">\u00a0<\/p>\n<p style=\"text-align: center;\">\u00a0<\/p>\n<p style=\"text-align: center;\">\u00a0<\/p>\n<p style=\"text-align: center;\">\u00a0<\/p>\n<p style=\"text-align: center;\">\u00a0<\/p>\n<p style=\"text-align: center;\">\u00a0<\/p>\n","protected":false},"excerpt":{"rendered":"<p>&nbsp; Ouvriers dans une usine Ford aux Etats-Unis, Fresque hommage au peintre mexicain Diego Rivera, Lyon 7 &nbsp; \u00a0 Qui dit patrimoine lyonnais pense, en premier lieu, aux Bouchons, \u00e9tablissements o\u00f9\u00a0l&rsquo;on se d\u00e9lecte, avec plaisir,\u00a0de\u00a0savoureuses sp\u00e9cialit\u00e9s locales. \u00a0 Pourtant, \u00a0impossible d&rsquo;explorer la capitale des Gaules,&#8230;<\/p>\n","protected":false},"author":2,"featured_media":20638,"comment_status":"open","ping_status":"closed","sticky":false,"template":"","format":"standard","meta":{"slim_seo":{"title":"11 MURS PEINTS A NE PAS MANQUER A LYON - Journal d&#039;un Pigeon Voyageur","description":"&nbsp; Ouvriers dans une usine Ford aux Etats-Unis, Fresque hommage au peintre mexicain Diego Rivera, Lyon 7 &nbsp; \u00a0 Qui dit patrimoine lyonnais pense, en prem"},"footnotes":""},"categories":[2,3,15,358,6,1],"tags":[185,145,118,168,357,212,328,506,249],"class_list":["post-20624","post","type-post","status-publish","format-standard","has-post-thumbnail","hentry","category-art","category-europe","category-france","category-lyon","category-musee","category-tous","tag-art","tag-art-contemporain","tag-gastronomie","tag-lyon","tag-murs-peints","tag-musee","tag-paul-bocuse","tag-resistance","tag-seconde-guerre-mondiale"],"_links":{"self":[{"href":"https:\/\/www.journaldunpigeonvoyageur.com\/blog\/wp-json\/wp\/v2\/posts\/20624","targetHints":{"allow":["GET"]}}],"collection":[{"href":"https:\/\/www.journaldunpigeonvoyageur.com\/blog\/wp-json\/wp\/v2\/posts"}],"about":[{"href":"https:\/\/www.journaldunpigeonvoyageur.com\/blog\/wp-json\/wp\/v2\/types\/post"}],"author":[{"embeddable":true,"href":"https:\/\/www.journaldunpigeonvoyageur.com\/blog\/wp-json\/wp\/v2\/users\/2"}],"replies":[{"embeddable":true,"href":"https:\/\/www.journaldunpigeonvoyageur.com\/blog\/wp-json\/wp\/v2\/comments?post=20624"}],"version-history":[{"count":43,"href":"https:\/\/www.journaldunpigeonvoyageur.com\/blog\/wp-json\/wp\/v2\/posts\/20624\/revisions"}],"predecessor-version":[{"id":35750,"href":"https:\/\/www.journaldunpigeonvoyageur.com\/blog\/wp-json\/wp\/v2\/posts\/20624\/revisions\/35750"}],"wp:featuredmedia":[{"embeddable":true,"href":"https:\/\/www.journaldunpigeonvoyageur.com\/blog\/wp-json\/wp\/v2\/media\/20638"}],"wp:attachment":[{"href":"https:\/\/www.journaldunpigeonvoyageur.com\/blog\/wp-json\/wp\/v2\/media?parent=20624"}],"wp:term":[{"taxonomy":"category","embeddable":true,"href":"https:\/\/www.journaldunpigeonvoyageur.com\/blog\/wp-json\/wp\/v2\/categories?post=20624"},{"taxonomy":"post_tag","embeddable":true,"href":"https:\/\/www.journaldunpigeonvoyageur.com\/blog\/wp-json\/wp\/v2\/tags?post=20624"}],"curies":[{"name":"wp","href":"https:\/\/api.w.org\/{rel}","templated":true}]}}