{"id":19574,"date":"2017-03-01T13:20:02","date_gmt":"2017-03-01T12:20:02","guid":{"rendered":"https:\/\/journaldunpigeonvoyageur.com\/blog\/?p=19574"},"modified":"2020-05-12T14:19:49","modified_gmt":"2020-05-12T13:19:49","slug":"21-rue-la-boetie-de-paris-a-new-york-parcours-de-paul-rosenberg-visionnaire-marchand-dart","status":"publish","type":"post","link":"https:\/\/www.journaldunpigeonvoyageur.com\/blog\/2017\/03\/01\/21-rue-la-boetie-de-paris-a-new-york-parcours-de-paul-rosenberg-visionnaire-marchand-dart\/","title":{"rendered":"21 RUE LA BOETIE : DE PARIS A NEW YORK ,PARCOURS DE PAUL ROSENBERG,UN VISIONNAIRE MARCHAND D&rsquo;ART"},"content":{"rendered":"<p style=\"text-align: center;\">\u00a0<\/p>\n<p style=\"text-align: center;\"><img loading=\"lazy\" decoding=\"async\" class=\"alignnone wp-image-20329 size-large\" src=\"https:\/\/www.journaldunpigeonvoyageur.com\/blog\/wp-content\/uploads\/2017\/02\/FullSizeRender-304-min-1-768x1024.jpg\" alt=\"FullSizeRender (304)-min (1)\" width=\"768\" height=\"1024\" srcset=\"https:\/\/www.journaldunpigeonvoyageur.com\/blog\/wp-content\/uploads\/2017\/02\/FullSizeRender-304-min-1-768x1024.jpg 768w, https:\/\/www.journaldunpigeonvoyageur.com\/blog\/wp-content\/uploads\/2017\/02\/FullSizeRender-304-min-1-225x300.jpg 225w, https:\/\/www.journaldunpigeonvoyageur.com\/blog\/wp-content\/uploads\/2017\/02\/FullSizeRender-304-min-1-600x800.jpg 600w, https:\/\/www.journaldunpigeonvoyageur.com\/blog\/wp-content\/uploads\/2017\/02\/FullSizeRender-304-min-1.jpg 1224w\" sizes=\"auto, (max-width: 768px) 100vw, 768px\" \/><\/p>\n<p style=\"text-align: center;\">\u00a0<em>Portrait de Paul Rosenberg, avant 1914, dans sa galerie sise 21 rue la Boetie<br \/>\n<\/em><\/p>\n<p style=\"text-align: center;\">\u00a0<\/p>\n<p style=\"text-align: center;\">\u00a0<\/p>\n<p style=\"text-align: center;\"><span style=\"color: #000000; font-family: arial,helvetica,sans-serif; font-size: 14pt;\">Une \u00e9chapp\u00e9e culturelle d&rsquo;une exceptionnelle envergure attend tous ceux qui, d\u00e8s demain matin et jusqu&rsquo;au 23 juillet 2017, feront escale au c\u00e9l\u00e8bre <strong>mus\u00e9e<\/strong>, parisien, <strong>Maillol<\/strong> .<\/span><\/p>\n<p style=\"text-align: center;\"><span style=\"color: #000000;\">\u00a0<\/span><\/p>\n<p style=\"text-align: center;\"><span style=\"color: #000000; font-family: arial,helvetica,sans-serif; font-size: 14pt;\">\u00a0<strong>21 Rue la Bo\u00e9tie<\/strong>, l&rsquo;extraordinaire exposition qui y ouvrira ses portes,\u00a0 constitue, en effet, un atypique voyage, m\u00ealant avec brio \u00a0Art et\u00a0 Histoire, \u00e0 la d\u00e9couverte de l&rsquo;un des plus influents et visionnaires marchand d&rsquo;art fran\u00e7ais de l&rsquo;entre-deux-guerre : <strong>Paul Rosenberg.<\/strong><br \/>\n<\/span><\/p>\n<p style=\"text-align: center;\"><span style=\"color: #000000;\">\u00a0<\/span><\/p>\n<p style=\"text-align: center;\"><span style=\"color: #000000; font-family: arial,helvetica,sans-serif; font-size: 14pt;\"> Ainsi, du Vieux Continent, o\u00f9 son avant gardiste\u00a0 <strong>galerie<\/strong>,\u00a0 install\u00e9e dans l&rsquo;effervescente capitale fran\u00e7aise,\u00a0 se mua en un haut lieu de <strong>l&rsquo;Art Moderne<\/strong>, au Nouveau Monde qui, pour fuir les pers\u00e9cutions du III eme Reich,\u00a0 devint, en septembre 1940, sa terre d\u2019accueil, l&rsquo;itin\u00e9raire de cette r\u00e9trospective suit donc le parcours d&rsquo;un <strong>f\u00e9ru\u00a0d&rsquo;Art<\/strong> , \u00e0 bien des \u00e9gards, en avance sur son temps. <\/span><\/p>\n<p style=\"text-align: center;\"><span style=\"color: #000000;\">\u00a0<\/span><\/p>\n<p style=\"text-align: center;\"><span style=\"color: #000000; font-family: arial,helvetica,sans-serif; font-size: 14pt;\">Un homme, t\u00e9moin, de surcro\u00eet,\u00a0 d&rsquo;un basculement cl\u00e9\u00a0dans l&rsquo;Histoire de l&rsquo;Art du XX \u00e8me\u00a0siecle : celui o\u00f9 New York ravit \u00e0 Paris le statut de capitale mondiale de l&rsquo;Art qui lui avait jusque l\u00e0 \u00e9t\u00e9 conf\u00e9r\u00e9.<\/span><\/p>\n<p style=\"text-align: center;\"><span style=\"color: #000000;\">\u00a0<\/span><\/p>\n<p style=\"text-align: center;\"><span style=\"color: #000000; font-family: arial,helvetica,sans-serif; font-size: 14pt;\">Si l&rsquo;immersion dans l&rsquo;univers de ce collectionneur averti se r\u00e9v\u00e8le imm\u00e9diatement fascinante, la singularit\u00e9 de l&rsquo;exposition tient \u00e9galement aux in\u00e9dits contours de sa\u00a0conception.<\/span><\/p>\n<p style=\"text-align: center;\"><span style=\"color: #000000;\">\u00a0<\/span><\/p>\n<p style=\"text-align: center;\"><span style=\"color: #000000; font-family: arial,helvetica,sans-serif; font-size: 14pt;\">Elle\u00a0fait, en effet, \u00e9cho (et pas uniquement s&rsquo;agissant de son titre)\u00a0 \u00e0 <strong>21 rue la Bo\u00e9tie<\/strong>, l&rsquo;<strong>ouvrage-hommage<\/strong> \u00e9ponyme publi\u00e9, en 2012, par la \u00a0journaliste <strong>Anne Sinclair<\/strong> .<\/span><\/p>\n<p style=\"text-align: center;\"><span style=\"color: #000000;\">\u00a0<\/span><\/p>\n<p style=\"text-align: center;\"><span style=\"color: #000000; font-family: arial,helvetica,sans-serif; font-size: 14pt;\">Qui\u00a0 n&rsquo;est autre que la <strong>petite fille<\/strong> dudit marchand d&rsquo;art \u00a0et la marraine de l&rsquo;exhibition.<\/span><\/p>\n<p style=\"text-align: center;\"><span style=\"color: #000000;\">\u00a0\u00a0<\/span><\/p>\n<p style=\"text-align: center;\"><span style=\"color: #000000; font-family: arial,helvetica,sans-serif; font-size: 14pt;\">Il en r\u00e9sulte, d\u00e8s lors, une \u00e9mouvante plong\u00e9e dans l&rsquo;intimit\u00e9 \u00a0familiale de Paul Rosenberg.<\/span><\/p>\n<p style=\"text-align: center;\"><span style=\"color: #000000;\">\u00a0<\/span><\/p>\n<p style=\"text-align: center;\"><span style=\"color: #000000; font-family: arial,helvetica,sans-serif; font-size: 14pt;\">Les correspondances \u00e9chang\u00e9es avec les artistes qu&rsquo;il soutenait, outre les c\u00e9l\u00e8bres portraits de lui, de sa femme (Marguerite), de sa fille (Micheline) et m\u00eame de sa petite fille (Anne Sinclair) que ces derniers r\u00e9alis\u00e8rent,\u00a0 d\u00e9voilent les v\u00e9ritables relations de confiance et d&rsquo; amiti\u00e9s qui les\u00a0unissaient.<\/span><\/p>\n<p style=\"text-align: center;\"><span style=\"color: #000000;\">\u00a0<\/span><\/p>\n<p style=\"text-align: center;\"><span style=\"color: #000000; font-family: arial,helvetica,sans-serif; font-size: 14pt;\">Mais explorer 21 rue la Bo\u00e9tie c&rsquo;est aussi avoir l&rsquo;inesp\u00e9r\u00e9e occasion d&rsquo;admirer, pour la premi\u00e8re fois, une soixantaine \u00a0de chefs-d\u2019\u0153uvres, pr\u00eat\u00e9s par des collectionneurs priv\u00e9s ainsi que de renomm\u00e9s mus\u00e9es fran\u00e7ais ou internationaux, ayant, un jour, transit\u00e9 par l&rsquo;antre de Paul Rosenberg.<\/span><\/p>\n<p style=\"text-align: center;\"><span style=\"color: #000000;\">\u00a0<\/span><\/p>\n<p style=\"text-align: center;\"><span style=\"color: #000000;\"><span style=\"font-family: arial, helvetica, sans-serif; font-size: 14pt;\">Autant de raisons qui justifiaient que je mette \u00e0 profit mon <strong><a style=\"color: #000000;\" href=\"https:\/\/www.journaldunpigeonvoyageur.com\/blog\/2017\/01\/11\/quand-la-chine-antique-sinvite-au-coeur-de-liege\/\">escapade li\u00e9geoise<\/a><\/strong>,\u00a0 d&rsquo;il y a quelques semaines,\u00a0\u00a0<\/span><span style=\"font-family: arial,helvetica,sans-serif; font-size: 14pt;\"> pour me rendre au superbe <strong>Mus\u00e9e de la Boverie<\/strong> o\u00f9 cette exposition \u00e9tait, depuis l&rsquo;automne 2016, d\u00e9j\u00e0 pr\u00e9sent\u00e9e.<\/span><\/span><\/p>\n<p style=\"text-align: center;\"><span style=\"color: #000000;\">\u00a0<\/span><\/p>\n<p style=\"text-align: center;\"><span style=\"font-family: arial, helvetica, sans-serif; font-size: 14pt; color: #000000;\">Bien m&rsquo;en a pris car j&rsquo;en suis ressortie v\u00e9ritablement \u00e9merveill\u00e9e.<\/span><\/p>\n<p style=\"text-align: center;\"><span style=\"color: #000000;\">\u00a0<\/span><\/p>\n<p style=\"text-align: center;\"><span style=\"font-family: arial, helvetica, sans-serif; font-size: 14pt; color: #000000;\">A\u00a0la veille de son ouverture parisienne, l&rsquo;heure est donc d\u00e9sormais venue pour moi\u00a0de vous r\u00e9v\u00e9ler (au vu de la sc\u00e9nographie d\u00e9couverte en Belgique) pourquoi celle-ci est un Must See.<\/span><\/p>\n<p style=\"text-align: center;\"><span style=\"color: #000000;\"><em>\u00a0<\/em><\/span><\/p>\n<p style=\"text-align: center;\">\u00a0<\/p>\n<p style=\"text-align: center;\"><span style=\"color: #000000; font-family: 'arial black', sans-serif;\"><strong><span style=\"font-size: 18pt;\">POUR EN APPRENDRE DAVANTAGE <\/span><\/strong><\/span><\/p>\n<p style=\"text-align: center;\"><span style=\"color: #000000; font-family: 'arial black', sans-serif;\"><strong><span style=\"font-size: 18pt;\">SUR,\u00a0L&rsquo;AVANT GARDISTE MARCHAND D&rsquo;ART,\u00a0PAUL ROSENBERG<\/span><\/strong><\/span><\/p>\n<p style=\"text-align: center;\">\u00a0<\/p>\n<p style=\"text-align: center;\">\u00a0<\/p>\n<p style=\"text-align: center;\"><span style=\"font-family: arial,helvetica,sans-serif; font-size: 14pt; color: #000000;\">L\u2019 immense int\u00e9r\u00eat pour l&rsquo;Art, tr\u00e8s t\u00f4t, manifest\u00e9 par\u00a0Paul Rosenberg a sans conteste\u00a0 \u00e9t\u00e9 nourri par son environnement familial. <\/span><\/p>\n<p style=\"text-align: center;\">\u00a0<\/p>\n<p style=\"text-align: center;\"><span style=\"font-family: arial,helvetica,sans-serif; font-size: 14pt; color: #000000;\">Chez les Rosenberg, cette passion ( pour des \u00e9coles de peinture certes diff\u00e9rentes) s&rsquo;est, en effet, transmise de p\u00e8re en fils.<\/span><\/p>\n<p style=\"text-align: center;\">\u00a0<\/p>\n<p style=\"text-align: center;\"><span style=\"font-family: arial,helvetica,sans-serif; font-size: 14pt; color: #000000;\">Dans la droite lign\u00e9e d&rsquo;\u00a0Alexandre (son p\u00e8re) et\u00a0L\u00e9once (son grand fr\u00e8re), tous deux ayant \u00e9t\u00e9 propri\u00e9taires d&rsquo;une galerie parisienne, Paul s&rsquo;installe, en 1910, avec sa famille au\u00a0<strong>21 rue la Bo\u00e9tie<\/strong> .<\/span><\/p>\n<p style=\"text-align: center;\">\u00a0<\/p>\n<p style=\"text-align: center;\"><span style=\"font-family: arial,helvetica,sans-serif; font-size: 14pt; color: #000000;\">La tr\u00e8s chic adresse, situ\u00e9e dans ce 8 eme arrondissement o\u00f9 nombre de marchands d&rsquo;Art ont d\u00e9j\u00e0\u00a0 \u00e9lu domicile, abritera \u00e9galement\u00a0 sa <strong>galerie<\/strong>.<br \/>\n<\/span><\/p>\n<p style=\"text-align: center;\">\u00a0<\/p>\n<p style=\"text-align: center;\"><span style=\"font-family: arial,helvetica,sans-serif; font-size: 14pt; color: #000000;\">L&rsquo;<strong>avant gardiste<\/strong> perception de l&rsquo;Art qu&rsquo;il y d\u00e9ploie ainsi que la richesse de sa collection explique le succ\u00e8s grandissant de son affaire.<\/span><\/p>\n<p style=\"text-align: center;\">\u00a0<\/p>\n<p style=\"text-align: center;\"><span style=\"font-family: arial,helvetica,sans-serif; font-size: 14pt; color: #000000;\">Car Paul Rosenberg\u00a0est un<strong> pr\u00e9curseur<\/strong> \u00e0 plus d&rsquo;un titre :<\/span><\/p>\n<p style=\"text-align: center;\">\u00a0<\/p>\n<p style=\"text-align: center;\"><span style=\"font-family: arial,helvetica,sans-serif; font-size: 14pt; color: #000000;\">D&rsquo;abord parce qu&rsquo;il d\u00e9cide de diversifier le choix des \u0153uvres pr\u00e9sent\u00e9es au public afin de faire <strong>\u00e9merger de nouveaux talents<\/strong>. <\/span><\/p>\n<p style=\"text-align: center;\">\u00a0<\/p>\n<p style=\"text-align: center;\"><span style=\"font-family: arial,helvetica,sans-serif; font-size: 14pt; color: #000000;\">Ainsi, \u00e0 c\u00f4t\u00e9 des grands Ma\u00eetres de la peinture fran\u00e7aise \u00a0( tels Delacroix, Ingres, Courbet ou ceux de l&rsquo;Ecole de Barbizon ), il accroche les tableaux d&rsquo;artistes, r\u00e9volutionnant les codes alors admis en la mati\u00e8re, dont il appr\u00e9cie le travail.<\/span><\/p>\n<p style=\"text-align: center;\">\u00a0<\/p>\n<p style=\"text-align: center;\"><span style=\"font-family: arial,helvetica,sans-serif; font-size: 14pt; color: #000000;\">Ces derniers,<strong> Braque, L\u00e9ger, Laurencin, Matisse, Cezanne ou Picasso<\/strong> pour ne citer qu&rsquo;eux, \u00a0deviendront les illustres h\u00e9rauts de l&rsquo;<strong>Art Moderne. <\/strong><\/span><\/p>\n<p style=\"text-align: center;\">\u00a0<\/p>\n<p style=\"text-align: center;\">\u00a0<\/p>\n<p style=\"text-align: center;\"><span style=\"font-family: arial,helvetica,sans-serif; font-size: 14pt; color: #000000;\">Ensuite, \u00a0parce qu&rsquo;il assure une <strong>promotion r\u00e9solument moderne et efficace<\/strong> des toiles\u00a0montr\u00e9es.<\/span><\/p>\n<p style=\"text-align: center;\">\u00a0<\/p>\n<p style=\"text-align: center;\"><span style=\"font-family: arial,helvetica,sans-serif; font-size: 14pt; color: #000000;\">Cette\u00a0politique se traduit, entre autre, par la multiplication du nombre d&rsquo;exhibitions organis\u00e9es; \u00a0l\u2019\u00e9dition de catalogues; le recours \u00e0 la publicit\u00e9;\u00a0 la cr\u00e9ation\u00a0de mises en sc\u00e8ne, savamment \u00e9tudi\u00e9es, dans un d\u00e9cor bourgeois contribuant \u00e0 mettre\u00a0en valeur les tableaux\u00a0ainsi que la constitution d&rsquo;un r\u00e9seau d&rsquo;acheteurs fortun\u00e9s (tant en Europe qu&rsquo;aux Etats-Unis) \u00e0 qui il revend ses p\u00e9pites.<\/span><\/p>\n<p style=\"text-align: center;\"><span style=\"color: #000000;\">\u00a0<\/span><\/p>\n<p style=\"text-align: center;\"><span style=\"font-family: arial,helvetica,sans-serif; font-size: 14pt; color: #000000;\">En troisi\u00e8me lieu parce qu&rsquo;il instaure, au terme de la signature de contrats de vente, une atypique relation de travail \u00a0avec les peintres dont il devient\u00a0 l&rsquo;agent.\u00a0<\/span><\/p>\n<p style=\"text-align: center;\">\u00a0<\/p>\n<p style=\"text-align: center;\"><span style=\"font-family: arial,helvetica,sans-serif; font-size: 14pt; color: #000000;\">En contrepartie du paiement annuel\u00a0d&rsquo;une somme, dont le montant aura \u00e9t\u00e9 pr\u00e9alablement convenu, \u00a0Paul Rosenberg obtient un <strong>droit de premi\u00e8re vue<\/strong> : \u00a0une <strong>exclusivit\u00e9<\/strong> lui permettant, avant tout concurrent, de choisir les plus belles toiles.<\/span><\/p>\n<p style=\"text-align: center;\">\u00a0<\/p>\n<p style=\"text-align: center;\"><span style=\"font-family: arial,helvetica,sans-serif; font-size: 14pt; color: #000000;\">A tous ces \u00e9l\u00e9ments novateurs s&rsquo;ajoute, enfin, une <strong>gestion<\/strong> extr\u00eamement rigoureuse de son important <strong>stock<\/strong>. <\/span><\/p>\n<p style=\"text-align: center;\">\u00a0<\/p>\n<p style=\"text-align: center;\"><span style=\"font-family: arial,helvetica,sans-serif; font-size: 14pt; color: #000000;\">Toutes les \u0153uvres pass\u00e9es par la galerie y sont, en effet, r\u00e9pertori\u00e9es apr\u00e8s avoir \u00e9t\u00e9 photographi\u00e9es .<\/span><\/p>\n<p style=\"text-align: center;\">\u00a0<\/p>\n<p style=\"text-align: center;\"><span style=\"font-family: arial,helvetica,sans-serif; font-size: 14pt; color: #000000;\">Mais il faut attendre l&rsquo;ach\u00e8vement\u00a0 de la seconde guerre mondiale pour prendre toute la mesure de l&rsquo; influence acquise, tout au long des d\u00e9cennies pr\u00e9c\u00e9dentes, par Paul Rosenberg.\u00a0<\/span><\/p>\n<p style=\"text-align: center;\">\u00a0<\/p>\n<p style=\"text-align: center;\"><span style=\"font-family: arial,helvetica,sans-serif; font-size: 14pt; color: #000000;\">Car depuis sa galerie new- yorkaise, sise <strong>16 East 57 th Street puis 20 East 79 th Street<\/strong>\u00a0, ouverte seulement quelques mois apr\u00e8s son arriv\u00e9e, en septembre 1940, aux Etats-Unis, l&rsquo;illustre marchand d&rsquo;Art participera au rayonnement outre atlantique des peintres d&rsquo;Art Moderne qu&rsquo;il avait, autrefois, contribu\u00e9 \u00e0 faire connaitre\u00a0 en France.<\/span><\/p>\n<p style=\"text-align: center;\">\u00a0<\/p>\n<p style=\"text-align: center;\"><span style=\"font-family: arial,helvetica,sans-serif; font-size: 14pt; color: #000000;\">Les sombres soubresauts de l&rsquo;Histoire auront donc conduit \u00e0 faire de New York la nouvelle plaque tournante en mati\u00e8re d&rsquo;Art. <br \/>\n<\/span><\/p>\n<p>&nbsp;<\/p>\n<p style=\"text-align: center;\"><span style=\"color: #000000;\">\u00a0<\/span><\/p>\n<p style=\"text-align: center;\"><span style=\"font-family: 'arial black', sans-serif; font-size: 18pt; color: #000000;\"><strong>POUR D\u00c9COUVRIR PLUSIEURS FACETTES DE LA POLITIQUE ARTISTIQUE NAZIE <\/strong><\/span><\/p>\n<p style=\"text-align: center;\">\u00a0<\/p>\n<p style=\"text-align: center;\">\u00a0<\/p>\n<p style=\"text-align: center;\"><span style=\"font-family: arial,helvetica,sans-serif; font-size: 14pt; color: #000000;\">Le <strong>totalitarisme nazi,<\/strong>\u00a0 d\u00e9j\u00e0 \u00e9voqu\u00e9\u00a0<strong><a style=\"color: #000000;\" href=\"https:\/\/www.journaldunpigeonvoyageur.com\/blog\/2015\/01\/29\/quand-berlin-fait-face-a-son-passe-nazi\/\">ici<\/a><\/strong> et\u00a0<strong><a style=\"color: #000000;\" href=\"https:\/\/www.journaldunpigeonvoyageur.com\/blog\/2015\/07\/01\/des-gares-de-deportation-francaises-de-la-seine-saint-denis-au-camp-d-extermination-polonais-d-auschwitz\/\">l\u00e0<\/a><\/strong> , s&rsquo;est aussi\u00a0exprim\u00e9 dans le domaine culturel.<\/span><\/p>\n<p style=\"text-align: center;\"><span style=\"color: #000000;\">\u00a0<\/span><\/p>\n<p style=\"text-align: center;\"><span style=\"font-family: arial,helvetica,sans-serif; font-size: 14pt; color: #000000;\">La finalit\u00e9 de l&rsquo;Art \u00e9tant, selon les autorit\u00e9s du III eme Reich, de \u00ab\u00a0fa\u00e7onner\u00a0\u00bb les citoyens allemands en de bons aryens.<\/span><\/p>\n<p style=\"text-align: center;\"><span style=\"color: #000000;\">\u00a0<\/span><\/p>\n<p style=\"text-align: center;\"><span style=\"font-family: arial,helvetica,sans-serif; font-size: 14pt; color: #000000;\">Cette politique d&rsquo;aryanisation s&rsquo;est donc\u00a0 mise en place en deux \u00e9tapes.<\/span><\/p>\n<p style=\"text-align: center;\"><span style=\"color: #000000;\">\u00a0<\/span><\/p>\n<p style=\"text-align: center;\"><span style=\"font-family: arial,helvetica,sans-serif; font-size: 14pt; color: #000000;\">Dans un premier temps, situ\u00e9 avant le d\u00e9clenchement de la seconde guerre mondiale, il s&rsquo;agit, avant tout, de mener des actions de propagande, via les\u00a0grandes<strong> expositions de 1937<\/strong>, aupr\u00e8s du peuple allemand.<\/span><\/p>\n<p style=\"text-align: center;\"><span style=\"color: #000000;\">\u00a0<\/span><\/p>\n<p style=\"text-align: center;\"><span style=\"font-family: arial,helvetica,sans-serif; font-size: 14pt; color: #000000;\">Celles-ci devant lui permettre de distinguer : l&rsquo;<strong>Art Aryen<\/strong> (exaltant les valeurs traditionnelles germaniques parmi lesquelles figurent la famille, la virilit\u00e9 ou la vie rurale), devant \u00eatre <strong>promu<\/strong>, de <strong>l&rsquo;Art dit d\u00e9g\u00e9n\u00e9r\u00e9<\/strong> (concept aux contours flous qui n\u00e9anmoins englobe tout art qui porterait des germes de modernit\u00e9) devant, \u00e0 contrario, \u00eatre\u00a0<strong>banni<\/strong> des mus\u00e9es.<br \/>\n<\/span><\/p>\n<p style=\"text-align: center;\"><span style=\"font-family: arial,helvetica,sans-serif; font-size: 14pt; color: #000000;\">\u00a0<\/span><\/p>\n<p style=\"text-align: center;\"><span style=\"font-family: arial, helvetica, sans-serif; font-size: 14pt; color: #000000;\">Apr\u00e8s avoir \u00e9t\u00e9 <strong>confisqu\u00e9es<\/strong>, les \u0153uvres appartenant \u00e0 cette derni\u00e8re cat\u00e9gorie sont soit d\u00e9truites, au cours de gigantesques <strong>autodaf\u00e9s<\/strong>, soit c\u00e9d\u00e9es au plus offrant\u00a0lors de <strong>ventes publiques<\/strong>.<\/span><\/p>\n<p style=\"text-align: center;\"><span style=\"color: #000000;\">\u00a0<\/span><\/p>\n<p style=\"text-align: center;\"><span style=\"font-size: 14pt; color: #000000;\"><span style=\"font-family: arial,helvetica,sans-serif;\">\u00a0A l&rsquo;instar de celle organis\u00e9e, le <strong>30 juin 1939,<\/strong> dans la ville suisse de <strong>Lucerne<\/strong>\u00a0 \u00e0 laquelle Paul Rosenberg refusa, par principe et contrairement \u00e0 d&rsquo;autres marchands d&rsquo;Art ou de mus\u00e9es,\u00a0 de participer.<\/span> <\/span><\/p>\n<p style=\"text-align: center;\"><span style=\"color: #000000;\">\u00a0<\/span><\/p>\n<p style=\"text-align: center;\"><span style=\"font-size: 14pt; font-family: arial, helvetica, sans-serif; color: #000000;\">Il convient toutefois de pr\u00e9ciser que certaines acquisitions, notamment celles r\u00e9alis\u00e9es par le Mus\u00e9e de Li\u00e8ge, permirent de sauver\u00a0les toiles incrimin\u00e9es en les mettant \u00e0\u00a0l&rsquo;abri.<\/span><\/p>\n<p style=\"text-align: center;\"><span style=\"color: #000000;\">\u00a0<\/span><\/p>\n<p style=\"text-align: center;\"><span style=\"font-family: arial,helvetica,sans-serif; font-size: 14pt; color: #000000;\">Une fois la guerre d\u00e9but\u00e9e, le r\u00e9gime nazi s&#8217;emploie, sur l&rsquo;ensemble des territoires occup\u00e9s, \u00e0 m\u00e9thodiquement <strong>spolier<\/strong>\u00a0les populations juives, avant de les d\u00e9porter vers les camps de l&rsquo;est de l&rsquo;Europe, <\/span><span style=\"font-family: arial,helvetica,sans-serif; font-size: 14pt; color: #000000;\">de tous leurs biens.<\/span><\/p>\n<p style=\"text-align: center;\"><span style=\"color: #000000;\">\u00a0<\/span><\/p>\n<p style=\"text-align: center;\"><span style=\"font-family: arial,helvetica,sans-serif; font-size: 14pt; color: #000000;\">Y compris les \u0153uvres d&rsquo;Art, biens culturels, dont la valeur est inestimable.<\/span><\/p>\n<p>&nbsp;<\/p>\n<p style=\"text-align: center;\"><span style=\"font-family: arial,helvetica,sans-serif; font-size: 14pt; color: #000000;\">En France, le butin ainsi r\u00e9colt\u00e9 est entrepos\u00e9 au s\u00e9questre du Louvre ainsi qu&rsquo;au<strong> mus\u00e9e du Jeu de Paume<\/strong> o\u00f9 le Mar\u00e9chal <strong>Goering<\/strong> vient, en toute impunit\u00e9,\u00a0 se servir pour alimenter sa collection personnelle<\/span><\/p>\n<p style=\"text-align: center;\"><span style=\"color: #000000;\">\u00a0<\/span><\/p>\n<p style=\"text-align: center;\"><span style=\"font-family: arial,helvetica,sans-serif; font-size: 14pt; color: #000000;\">Certaines pi\u00e8ces sont n\u00e9anmoins r\u00e9serv\u00e9es au F\u00fchrer lequel r\u00eave, \u00e0 terme, d&rsquo;ouvrir un gigantesque mus\u00e9e dans la ville autrichienne de <strong>Linz<\/strong>.<\/span><\/p>\n<p style=\"text-align: center;\"><span style=\"color: #000000;\">\u00a0<\/span><\/p>\n<p style=\"text-align: center;\"><span style=\"font-family: arial, helvetica, sans-serif; font-size: 14pt; color: #000000;\">Parvenu, d\u00e8s le dernier trimestre de l&rsquo;ann\u00e9e 1940, \u00e0 s&rsquo;exiler aux \u00c9tats Unis, Paul Rosenberg, dont la d\u00e9ch\u00e9ance de nationalit\u00e9 fran\u00e7aise sera, en f\u00e9vrier 1942, prononc\u00e9e par le r\u00e9gime de Vichy, n&rsquo;\u00e9chappera n\u00e9anmoins pas aux razzias d\u2019\u0153uvres d&rsquo;art dont les\u00a0grands collectionneurs et marchands d&rsquo;Art, de confession juive comme lui,\u00a0seront les cibles.<\/span><\/p>\n<p style=\"text-align: center;\"><span style=\"font-family: arial, helvetica, sans-serif; color: #000000;\">\u00a0<\/span><\/p>\n<p style=\"text-align: center;\"><span style=\"font-family: arial, helvetica, sans-serif; color: #000000;\">\u00a0<\/span><\/p>\n<p style=\"text-align: center;\"><span style=\"font-family: arial, helvetica, sans-serif; font-size: 14pt; color: #000000;\">R\u00e9quisitionn\u00e9e et pill\u00e9e, d\u00e8s l&rsquo;\u00e9t\u00e9 1940, par les autorit\u00e9s allemandes ,sa galerie parisienne abritera dor\u00e9navant le si\u00e8ge de <strong>l&rsquo;Institut d&rsquo;Etudes des Questions Juives<\/strong> connu pour son f\u00e9roce antis\u00e9mitisme.<\/span><\/p>\n<p>&nbsp;<\/p>\n<p style=\"text-align: center;\"><span style=\"font-family: arial, helvetica, sans-serif; font-size: 14pt; color: #000000;\">J&rsquo;en veux pour preuve l&rsquo;exposition le <strong>Juif et la France<\/strong> qui y sera con\u00e7ue en 1941. <\/span><\/p>\n<p style=\"text-align: center;\"><span style=\"color: #000000;\">\u00a0<\/span><\/p>\n<p style=\"text-align: center;\"><span style=\"font-family: arial, helvetica, sans-serif; font-size: 14pt; color: #000000;\">Quant aux \u0153uvres qu&rsquo;il aura, dans sa fuite, r\u00e9ussi \u00e0 cacher dans le\u00a0coffre d&rsquo;une banque de Libourne et une propri\u00e9t\u00e9 du sud ouest de la France, elles seront \u00e9galement vol\u00e9es.<\/span><\/p>\n<p style=\"text-align: center;\">\u00a0<\/p>\n<p style=\"text-align: center;\"><em>\u00a0<\/em><\/p>\n<p style=\"text-align: center;\"><em>\u00a0<\/em><\/p>\n<p style=\"text-align: center;\"><span style=\"font-family: 'arial black', sans-serif; font-size: 18pt; color: #000000;\">POUR R\u00c9FL\u00c9CHIR A\u00a0LA (SENSIBLE) QUESTION DES RESTITUTIONS, APRES GUERRE, DES \u0152UVRES SPOLI\u00c9ES<\/span><\/p>\n<p style=\"text-align: center;\"><span style=\"color: #000000;\"><em>\u00a0<\/em><\/span><\/p>\n<p style=\"text-align: center;\">\u00a0<\/p>\n<p style=\"text-align: center;\"><span style=\"color: #000000;\"><span style=\"font-family: arial,helvetica,sans-serif; font-size: 14pt;\">Apr\u00e8s guerre, les victimes spoli\u00e9es, ou leurs descendants, \u00a0s&rsquo;engagent dans d&rsquo;\u00e2pres batailles judiciaires visant \u00e0\u00a0r\u00e9cup\u00e9rer les biens\u00a0dont ils ont \u00a0injustement \u00a0\u00e9t\u00e9 d\u00e9poss\u00e9d\u00e9s durant le conflit.<\/span><\/span><\/p>\n<p style=\"text-align: center;\"><span style=\"color: #000000;\">\u00a0<\/span><\/p>\n<p style=\"text-align: center;\"><span style=\"color: #000000;\"><span style=\"font-family: arial,helvetica,sans-serif; font-size: 14pt;\"> Une lutte loin d&rsquo;\u00eatre ais\u00e9e tant\u00a0nombreux sont les marchands peu scrupuleux ainsi que les institutions mus\u00e9ales qui rechignent, d\u00e9sormais, \u00e0 se s\u00e9parer des chefs d\u2019\u0153uvres achet\u00e9s\u00a0durant cette p\u00e9riode trouble. <\/span><\/span><\/p>\n<p style=\"text-align: center;\"><span style=\"color: #000000;\">\u00a0<\/span><\/p>\n<p style=\"text-align: center;\"><span style=\"color: #000000;\"><span style=\"font-family: arial,helvetica,sans-serif; font-size: 14pt;\">A ce propos, si vous n&rsquo;avez pas encore vu le film <strong>La femme au Tableau<\/strong>, r\u00e9alis\u00e9 par Simon Curtis et sorti en salles\u00a0en 2015, je vous invite ardemment \u00e0 le faire.<\/span><\/span><\/p>\n<p style=\"text-align: center;\"><span style=\"color: #000000;\">\u00a0<\/span><\/p>\n<p style=\"text-align: center;\"><span style=\"color: #000000;\"><span style=\"font-family: arial,helvetica,sans-serif; font-size: 14pt;\"> Il raconte, en effet, l&rsquo;acharn\u00e9 combat judiciaire men\u00e9, durant des d\u00e9cennies, par Maria Altmann, une descendante de l&rsquo;influente (dans le domaine des Arts) famille autrichienne <strong>Bloch-Bauer<\/strong>\u00a0, pour, notamment, retrouver un <strong>portrait<\/strong> de sa tante Ad\u00e8le peint par\u00a0<strong>Gustave Klimt<\/strong>.<\/span><\/span><\/p>\n<p style=\"text-align: center;\"><span style=\"color: #000000;\">\u00a0<\/span><\/p>\n<p style=\"text-align: center;\"><span style=\"color: #000000;\"><span style=\"font-family: arial,helvetica,sans-serif; font-size: 14pt;\">Oeuvre qui, d\u00e8s les premiers jours de l &lsquo;<strong>Anschluss<\/strong> (l&rsquo;Annexion, en 1938, de l&rsquo;Autriche par le III \u00e8me Reich), sera vol\u00e9e par les nazis avant de finir accroch\u00e9e au Mus\u00e9e viennois du <strong>Belv\u00e9d\u00e8re<\/strong>\u00a0auquel Adele Bloch Bauer avait souhait\u00e9 qu&rsquo;elle soit, apr\u00e8s son d\u00e9c\u00e8s et celui de son \u00e9poux, l\u00e9gu\u00e9e . <\/span><\/span><\/p>\n<p style=\"text-align: center;\">\u00a0<\/p>\n<p style=\"text-align: center;\"><span style=\"color: #000000;\"><span style=\"font-family: arial,helvetica,sans-serif; font-size: 14pt;\">Au terme d&rsquo;une longue proc\u00e9dure, l&rsquo;Autriche, qui refusait de\u00a0restituer la toile (consid\u00e9r\u00e9e comme la Joconde du pays) \u00e0 Maria Altmann, fut contrainte, en 2006 (soit 68 ans apr\u00e8s l&rsquo;Anschluss), par un tribunal arbitral autrichien \u00e0\u00a0le faire. <\/span><\/span><\/p>\n<p style=\"text-align: center;\">\u00a0<\/p>\n<p style=\"text-align: center;\"><span style=\"color: #000000;\"><span style=\"font-family: arial,helvetica,sans-serif; font-size: 14pt;\">Le tableau est d\u00e9sormais visible \u00e0 la\u00a0<span style=\"color: #000000;\"><a style=\"color: #000000;\" href=\"https:\/\/www.journaldunpigeonvoyageur.com\/blog\/2017\/10\/18\/musees-rues-incontestables-lieux-ou-decouvrir-lart-a-new-york\/\">Neue Galerie<\/a> <\/span>new-yorkaise.<\/span><\/span><\/p>\n<p style=\"text-align: center;\">\u00a0<\/p>\n<p style=\"text-align: center;\"><span style=\"color: #000000;\"><span style=\"font-family: arial,helvetica,sans-serif; font-size: 14pt;\">Aux obstacles \u00e9voqu\u00e9s ci-dessus, \u00a0s&rsquo;ajoute une difficult\u00e9 suppl\u00e9mentaire pour les victimes : \u00a0rapporter la preuve, alors qu&rsquo;elles ont tout perdu, de la propri\u00e9t\u00e9 des biens r\u00e9clam\u00e9s . <\/span><\/span><\/p>\n<p style=\"text-align: center;\"><span style=\"color: #000000;\">\u00a0<\/span><\/p>\n<p style=\"text-align: center;\"><span style=\"color: #000000;\"><span style=\"font-family: arial,helvetica,sans-serif; font-size: 14pt;\">Plus de 70 ans \u00a0apr\u00e8s la fin de la seconde guerre mondiale, force est donc de constater \u00e0 quel point le processus des restitutions demeure un \u00a0v\u00e9ritable parcours du combattant pour qui s&rsquo;y engage.<\/span><\/span><\/p>\n<p style=\"text-align: center;\"><span style=\"color: #000000;\">\u00a0<\/span><\/p>\n<p style=\"text-align: center;\"><span style=\"color: #000000;\"><span style=\"font-family: arial,helvetica,sans-serif; font-size: 14pt;\">Paul Rosenberg a, quant \u00e0 lui, eu un peu plus de chance. <\/span><\/span><\/p>\n<p style=\"text-align: center;\"><span style=\"color: #000000;\">\u00a0<\/span><\/p>\n<p style=\"text-align: center;\"><span style=\"color: #000000;\"><span style=\"font-family: arial,helvetica,sans-serif; font-size: 14pt;\">Il retrouve, en effet, sa galerie\u00a0de la rue de la Bo\u00e9tie mais, incapable de s&rsquo;y installer \u00e0 nouveau, d\u00e9cide de la vendre.<\/span><\/span><\/p>\n<p style=\"text-align: center;\"><span style=\"color: #000000;\">\u00a0<\/span><\/p>\n<p style=\"text-align: center;\"><span style=\"color: #000000;\"><span style=\"font-family: arial,helvetica,sans-serif; font-size: 14pt;\"> Non sans avoir, au pr\u00e9alable, fait \u00f4ter\u00a0le magnifique <strong>dallage en mosa\u00efque<\/strong> r\u00e9alis\u00e9 par <strong>Braque<\/strong>, d\u00e9sormais connu sous le nom de <strong>Quartet Rosenberg<\/strong>, qui ornait \u00a0son appartement . <\/span><\/span><\/p>\n<p style=\"text-align: center;\">\u00a0<\/p>\n<p style=\"text-align: center;\"><span style=\"color: #000000;\"><span style=\"font-family: arial,helvetica,sans-serif; font-size: 14pt;\">S&rsquo;agissant de sa collection vol\u00e9e, certaines des \u0153uvres en faisant partie seront, en 1944, miraculeusement retrouv\u00e9es,<strong> en gare<\/strong> <strong>d&rsquo;Aulnay-Sous-Bois<\/strong>, dans un convoi en partance pour l&rsquo;Allemagne saisi par les militaires appartenant \u00e0 la deuxi\u00e8me Division Blind\u00e9e dirig\u00e9e par le g\u00e9n\u00e9ral Leclerc. <\/span><\/span><\/p>\n<p style=\"text-align: center;\"><span style=\"color: #000000;\">\u00a0<\/span><\/p>\n<p style=\"text-align: center;\"><span style=\"color: #000000;\"><span style=\"font-family: arial,helvetica,sans-serif; font-size: 14pt;\">Un \u00e9pisode d&rsquo;autant plus \u00e9mouvant que parmi ces hommes\u00a0se trouvait Alexandre, \u00a0fils de Paul Rosenberg, qui, quelques ann\u00e9es plus t\u00f4t, s&rsquo;\u00e9tait engag\u00e9 aux c\u00f4t\u00e9s des forces de la France Libre. <\/span><\/span><\/p>\n<p style=\"text-align: center;\"><span style=\"color: #000000;\">\u00a0<\/span><\/p>\n<p style=\"text-align: center;\"><span style=\"color: #000000;\"><span style=\"font-family: arial,helvetica,sans-serif; font-size: 14pt;\">Ce \u00a0sauvetage \u00a0n&rsquo;aurait pas \u00e9t\u00e9 possible sans les pr\u00e9cieux renseignements fournis par <strong>Rose Valland<\/strong>, conservatrice du Mus\u00e9e du Jeu de Paume \u00a0durant l&rsquo;Occupation, qui r\u00e9digea une liste pr\u00e9cise des \u0153uvres spoli\u00e9es \u00a0entrepos\u00e9es sur place ainsi que la destination de leurs convois.<\/span><\/span><\/p>\n<p style=\"text-align: center;\"><span style=\"color: #000000;\">\u00a0<\/span><\/p>\n<p style=\"text-align: center;\"><span style=\"color: #000000;\"><span style=\"font-family: arial,helvetica,sans-serif; font-size: 14pt;\">Et\u00a0<\/span><span style=\"font-family: arial, helvetica, sans-serif; font-size: 14pt;\">\u00a0sans l&rsquo;action, par ailleurs, des <strong>Monuments Men<\/strong>, (r\u00e9v\u00e9l\u00e9s notamment au grand public par le film \u00e9ponyme r\u00e9alis\u00e9, en 2014, par Georges Clooney ).<\/span><\/span><\/p>\n<p style=\"text-align: center;\"><span style=\"color: #000000;\">\u00a0<\/span><\/p>\n<p style=\"text-align: center;\"><span style=\"color: #000000;\"><span style=\"font-family: arial,helvetica,sans-serif; font-size: 14pt;\">Cr\u00e9\u00e9e en 1943 et compos\u00e9e de sachants du domaine de la Culture \u00a0(historiens, architectes et conservateurs de mus\u00e9e) cette unit\u00e9 am\u00e9ricaine, suivant les troupes alli\u00e9es, avait pour mission de retrouver les \u0153uvres d&rsquo;art d\u00e9rob\u00e9es, \u00e0 des familles juives ou \u00e0 des mus\u00e9es, par les Nazis afin \u00a0de\u00a0 les rendre \u00e0 leurs v\u00e9ritables propri\u00e9taires.<\/span><\/span><\/p>\n<p style=\"text-align: center;\"><span style=\"color: #000000;\"><span style=\"font-family: arial,helvetica,sans-serif; font-size: 14pt;\">\u00a0<\/span><\/span><\/p>\n<p style=\"text-align: center;\"><span style=\"color: #000000; font-family: arial,helvetica,sans-serif; font-size: 14pt;\">\u00a0Aujourd&rsquo;hui, nonobstant la restitution \u00e0 la famille Rosenberg de plusieurs toiles et la r\u00e9cup\u00e9ration de centaines d&rsquo;autres , certaines \u0153uvres appartenant \u00e0 la riche collection de Paul Rosenberg manquent encore \u00e0 l&rsquo;appel. <\/span><\/p>\n<p style=\"text-align: center;\"><span style=\"color: #000000;\">\u00a0<\/span><\/p>\n<p style=\"text-align: center;\"><span style=\"color: #000000;\">\u00a0<\/span><\/p>\n<p style=\"text-align: center;\"><span style=\"color: #000000; font-family: arial,helvetica,sans-serif; font-size: 14pt;\">Par son in\u00e9dite dimension artistique et historique, 21 rue la Bo\u00e9tie est une exposition itin\u00e9rante qui d\u00e9but janvier 2017, au Mus\u00e9e Belge de la Boverie, m&rsquo;\u00a0a incroyablement touch\u00e9e .<\/span><\/p>\n<p style=\"text-align: center;\"><span style=\"color: #000000;\">\u00a0<\/span><\/p>\n<p style=\"text-align: center;\"><span style=\"color: #000000; font-family: arial,helvetica,sans-serif; font-size: 14pt;\">Puisse t&rsquo;elle \u00e0 Paris, la ville o\u00f9 tout commen\u00e7a pour Paul Rosenberg, \u00a0\u00eatre autant victime de son succ\u00e8s qu&rsquo;\u00e0 Li\u00e8ge\u00a0o\u00f9 elle fut d&rsquo;ailleurs \u00a0prolong\u00e9e.<\/span><\/p>\n<p style=\"text-align: center;\">\u00a0<\/p>\n<p style=\"text-align: center;\">\u00a0<\/p>\n<p style=\"text-align: center;\">\u00a0<\/p>\n<p style=\"text-align: center;\">\u00a0<\/p>\n<p style=\"text-align: center;\">\u00a0<\/p>\n<p style=\"text-align: center;\"><em>\u00a0<\/em><\/p>\n<p style=\"text-align: center;\">\u00a0<\/p>\n<p style=\"text-align: center;\"><em>\u00a0<\/em><\/p>\n","protected":false},"excerpt":{"rendered":"<p>\u00a0 \u00a0Portrait de Paul Rosenberg, avant 1914, dans sa galerie sise 21 rue la Boetie \u00a0 \u00a0 Une \u00e9chapp\u00e9e culturelle d&rsquo;une exceptionnelle envergure attend tous ceux qui, d\u00e8s demain matin et jusqu&rsquo;au 23 juillet 2017, feront escale au c\u00e9l\u00e8bre mus\u00e9e, parisien, Maillol . \u00a0 \u00a021&#8230;<\/p>\n","protected":false},"author":2,"featured_media":20329,"comment_status":"open","ping_status":"closed","sticky":false,"template":"","format":"standard","meta":{"slim_seo":{"title":"21 RUE LA BOETIE : DE PARIS A NEW YORK ,PARCOURS DE PAUL ROSENBERG,UN VISIONNAIRE MARCHAND D'ART - Journal d&#039;un Pigeon Voyageur","description":"\u00a0 \u00a0 Portrait de Paul Rosenberg, avant 1914, dans sa galerie sise 21 rue la Boetie \u00a0 \u00a0 Une \u00e9chapp\u00e9e culturelle d'une exceptionnelle envergure attend tous ceux qu"},"footnotes":""},"categories":[2,3,15,18,109,6,107,1,22],"tags":[185,147,355,157,352,353,249,472,354],"class_list":["post-19574","post","type-post","status-publish","format-standard","has-post-thumbnail","hentry","category-art","category-europe","category-france","category-histoire","category-ile-de-france","category-musee","category-paris","category-tous","category-vos-envies","tag-art","tag-exposition","tag-musee-maillol","tag-paris","tag-paul-rosenberg","tag-restitutions","tag-seconde-guerre-mondiale","tag-shoah","tag-spoliations"],"_links":{"self":[{"href":"https:\/\/www.journaldunpigeonvoyageur.com\/blog\/wp-json\/wp\/v2\/posts\/19574","targetHints":{"allow":["GET"]}}],"collection":[{"href":"https:\/\/www.journaldunpigeonvoyageur.com\/blog\/wp-json\/wp\/v2\/posts"}],"about":[{"href":"https:\/\/www.journaldunpigeonvoyageur.com\/blog\/wp-json\/wp\/v2\/types\/post"}],"author":[{"embeddable":true,"href":"https:\/\/www.journaldunpigeonvoyageur.com\/blog\/wp-json\/wp\/v2\/users\/2"}],"replies":[{"embeddable":true,"href":"https:\/\/www.journaldunpigeonvoyageur.com\/blog\/wp-json\/wp\/v2\/comments?post=19574"}],"version-history":[{"count":53,"href":"https:\/\/www.journaldunpigeonvoyageur.com\/blog\/wp-json\/wp\/v2\/posts\/19574\/revisions"}],"predecessor-version":[{"id":35473,"href":"https:\/\/www.journaldunpigeonvoyageur.com\/blog\/wp-json\/wp\/v2\/posts\/19574\/revisions\/35473"}],"wp:featuredmedia":[{"embeddable":true,"href":"https:\/\/www.journaldunpigeonvoyageur.com\/blog\/wp-json\/wp\/v2\/media\/20329"}],"wp:attachment":[{"href":"https:\/\/www.journaldunpigeonvoyageur.com\/blog\/wp-json\/wp\/v2\/media?parent=19574"}],"wp:term":[{"taxonomy":"category","embeddable":true,"href":"https:\/\/www.journaldunpigeonvoyageur.com\/blog\/wp-json\/wp\/v2\/categories?post=19574"},{"taxonomy":"post_tag","embeddable":true,"href":"https:\/\/www.journaldunpigeonvoyageur.com\/blog\/wp-json\/wp\/v2\/tags?post=19574"}],"curies":[{"name":"wp","href":"https:\/\/api.w.org\/{rel}","templated":true}]}}