{"id":19092,"date":"2016-12-30T13:17:55","date_gmt":"2016-12-30T12:17:55","guid":{"rendered":"https:\/\/journaldunpigeonvoyageur.com\/blog\/?p=19092"},"modified":"2025-09-26T19:28:55","modified_gmt":"2025-09-26T18:28:55","slug":"2016-vos-20-articles-coup-de-coeur-sur-le-journal-dun-pigeon-voyageur","status":"publish","type":"post","link":"https:\/\/www.journaldunpigeonvoyageur.com\/blog\/2016\/12\/30\/2016-vos-20-articles-coup-de-coeur-sur-le-journal-dun-pigeon-voyageur\/","title":{"rendered":"2016, VOS 20 ARTICLES COUP DE C\u0152UR SUR LE JOURNAL D&rsquo;UN PIGEON VOYAGEUR"},"content":{"rendered":"<p style=\"text-align: center;\"><img loading=\"lazy\" decoding=\"async\" class=\"alignnone wp-image-19191 size-medium\" src=\"https:\/\/www.journaldunpigeonvoyageur.com\/blog\/wp-content\/uploads\/2016\/12\/pigeon-araki-300x300.jpg\" alt=\"\" width=\"300\" height=\"300\" srcset=\"https:\/\/www.journaldunpigeonvoyageur.com\/blog\/wp-content\/uploads\/2016\/12\/pigeon-araki-300x300.jpg 300w, https:\/\/www.journaldunpigeonvoyageur.com\/blog\/wp-content\/uploads\/2016\/12\/pigeon-araki-150x150.jpg 150w, https:\/\/www.journaldunpigeonvoyageur.com\/blog\/wp-content\/uploads\/2016\/12\/pigeon-araki-768x768.jpg 768w, https:\/\/www.journaldunpigeonvoyageur.com\/blog\/wp-content\/uploads\/2016\/12\/pigeon-araki-600x600.jpg 600w, https:\/\/www.journaldunpigeonvoyageur.com\/blog\/wp-content\/uploads\/2016\/12\/pigeon-araki-520x520.jpg 520w, https:\/\/www.journaldunpigeonvoyageur.com\/blog\/wp-content\/uploads\/2016\/12\/pigeon-araki.jpg 791w\" sizes=\"auto, (max-width: 300px) 100vw, 300px\" \/>\u00a0<\/p>\n<p style=\"text-align: center;\"><em>Illustration d&rsquo;<span style=\"color: #808080;\"><strong><a style=\"color: #808080;\" href=\"http:\/\/www.arakikoman.com\/\">Araki Koman<\/a><\/strong><\/span> pour le Journal d&rsquo;un Pigeon Voyageur<\/em><\/p>\n<p style=\"text-align: center;\"><span style=\"font-family: arial, helvetica, sans-serif; font-size: 14pt; color: #000000;\">Seulement quelques heures nous s\u00e9parent d\u00e9sormais de la nouvelle ann\u00e9e pour laquelle je vous souhaite mes v\u0153ux les meilleurs.<\/span><\/p>\n<p style=\"text-align: center;\"><span style=\"color: #000000;\">\u00a0<\/span><\/p>\n<p style=\"text-align: center;\"><span style=\"font-family: arial, helvetica, sans-serif; font-size: 14pt; color: #000000;\"> De sant\u00e9 avant tout, de prosp\u00e9rit\u00e9 ensuite et de r\u00e9alisations, enfin, de vos d\u00e9sirs les plus ardents. <\/span><\/p>\n<p style=\"text-align: center;\"><span style=\"color: #000000;\">\u00a0<\/span><\/p>\n<p style=\"text-align: center;\"><span style=\"font-family: arial, helvetica, sans-serif; font-size: 14pt; color: #000000;\">Pour cl\u00f4turer en beaut\u00e9\u00a0<strong>2016<\/strong>, qui a vu<strong> na\u00eetre la <a style=\"color: #000000;\" href=\"http:\/\/www.journaldunpigeonvoyageur.com\">nouvelle plateforme<\/a>\u00a0du blog<\/strong>, \u00a0je vous propose de (re)d\u00e9couvrir les <strong>20 articles<\/strong> que vous avez pl\u00e9biscit\u00e9s durant ces 12 derniers mois.<\/span><\/p>\n<p style=\"text-align: center;\"><span style=\"color: #000000;\">\u00a0<\/span><\/p>\n<p style=\"text-align: center;\"><span style=\"font-family: arial, helvetica, sans-serif; font-size: 14pt; color: #000000;\">Une r\u00e9trospective touristique qui m\u00eale, notamment, Art, Culture, Gastronomie, Devoir de M\u00e9moire, Personnalit\u00e9s d&rsquo;Exception et bien \u00e9videmment destinations, pour certaines atypiques.<\/span><\/p>\n<p style=\"text-align: center;\"><span style=\"color: #000000;\">\u00a0<\/span><\/p>\n<p style=\"text-align: center;\"><span style=\"font-family: arial, helvetica, sans-serif; font-size: 14pt; color: #000000;\"> Voyageusement v\u00f4tre !<\/span><\/p>\n<p style=\"text-align: center;\"><span style=\"font-family: 'arial black', sans-serif; font-size: 14pt;\">20.\u00a0<span style=\"color: #000000;\"><a style=\"color: #000000;\" href=\"https:\/\/www.journaldunpigeonvoyageur.com\/blog\/2015\/01\/29\/quand-berlin-fait-face-a-son-passe-nazi\/\">QUAND BERLIN FAIT FACE A SON PASSE NAZI<\/a><\/span><\/span><\/p>\n<p style=\"text-align: center;\"><img loading=\"lazy\" decoding=\"async\" class=\"alignnone wp-image-19206 size-full\" src=\"https:\/\/www.journaldunpigeonvoyageur.com\/blog\/wp-content\/uploads\/2016\/12\/FullSizeRender-32-2.jpg\" alt=\"\" width=\"960\" height=\"721\" srcset=\"https:\/\/www.journaldunpigeonvoyageur.com\/blog\/wp-content\/uploads\/2016\/12\/FullSizeRender-32-2.jpg 960w, https:\/\/www.journaldunpigeonvoyageur.com\/blog\/wp-content\/uploads\/2016\/12\/FullSizeRender-32-2-300x225.jpg 300w, https:\/\/www.journaldunpigeonvoyageur.com\/blog\/wp-content\/uploads\/2016\/12\/FullSizeRender-32-2-768x577.jpg 768w, https:\/\/www.journaldunpigeonvoyageur.com\/blog\/wp-content\/uploads\/2016\/12\/FullSizeRender-32-2-600x451.jpg 600w\" sizes=\"auto, (max-width: 960px) 100vw, 960px\" \/><\/p>\n<p style=\"text-align: center;\"><em>Mus\u00e9e Juif de Berlin<\/em><\/p>\n<p style=\"text-align: center;\">\u00a0<span style=\"font-family: arial, helvetica, sans-serif; font-size: 14pt; color: #000000;\">Pour d\u00e9couvrir, par <strong>devoir de m\u00e9moire<\/strong>, ces lieux de la capitale allemande qui t\u00e9moignent des horreurs perp\u00e9tr\u00e9es sous le joug <strong>nazi<\/strong>.<\/span><\/p>\n<p style=\"text-align: center;\"><span style=\"font-family: 'arial black', sans-serif; font-size: 14pt;\">19.\u00a0<span style=\"color: #000000;\"><a style=\"color: #000000;\" href=\"https:\/\/www.journaldunpigeonvoyageur.com\/blog\/2015\/05\/10\/paroles-d-amoureux-du-voyage-joelle-bah-redactrice-du-blog-elle-dit-8\/\">PAROLES D\u2019AMOUREUX DU VOYAGE : JOELLE BAH, R\u00c9DACTRICE DU BLOG ELLE DIT 8<\/a><\/span><\/span><\/p>\n<p style=\"text-align: center;\"><img loading=\"lazy\" decoding=\"async\" class=\"alignnone wp-image-19197 size-full\" src=\"https:\/\/www.journaldunpigeonvoyageur.com\/blog\/wp-content\/uploads\/2016\/12\/elledit8jpvinterview.jpg\" alt=\"\" width=\"640\" height=\"426\" srcset=\"https:\/\/www.journaldunpigeonvoyageur.com\/blog\/wp-content\/uploads\/2016\/12\/elledit8jpvinterview.jpg 640w, https:\/\/www.journaldunpigeonvoyageur.com\/blog\/wp-content\/uploads\/2016\/12\/elledit8jpvinterview-300x200.jpg 300w, https:\/\/www.journaldunpigeonvoyageur.com\/blog\/wp-content\/uploads\/2016\/12\/elledit8jpvinterview-600x399.jpg 600w, https:\/\/www.journaldunpigeonvoyageur.com\/blog\/wp-content\/uploads\/2016\/12\/elledit8jpvinterview-480x320.jpg 480w\" sizes=\"auto, (max-width: 640px) 100vw, 640px\" \/><\/p>\n<p style=\"text-align: center;\"><span style=\"font-family: arial, helvetica, sans-serif; font-size: 14pt; color: #000000;\">Pour s&rsquo;immerger dans\u00a0\u00a0<strong><a style=\"color: #000000;\" href=\"http:\/\/www.elledit8.com\/\">l&rsquo;univers<\/a><\/strong>\u00a0, pluriel, instructif et chaleureux, de cette professeure qui est \u00e9galement l&rsquo;auteur, aux <a style=\"color: #000000;\" href=\"http:\/\/editionsnomades.com\/\"><strong>Editions<\/strong> <strong>Nomades<\/strong><\/a>\u00a0, d&rsquo;un <strong><a style=\"color: #000000;\" href=\"http:\/\/livre.fnac.com\/a9885504\/Joelle-Bah-Dralou-Guadeloupe-L-essentiel\"> Guide sur la Guadeloupe<\/a><\/strong>\u00a0que je vous recommande.<\/span><\/p>\n<p style=\"text-align: center;\"><span style=\"font-family: arial, helvetica, sans-serif; font-size: 14pt; color: #000000;\"> Un peu de soleil en hiver \u00e7a ne se refuse pas \ud83d\ude42<\/span><\/p>\n<p style=\"text-align: center;\"><span style=\"font-family: 'arial black', sans-serif; font-size: 14pt;\">18.\u00a0<span style=\"color: #000000;\"><a style=\"color: #000000;\" href=\"https:\/\/www.journaldunpigeonvoyageur.com\/blog\/2014\/07\/05\/mwaramutse-pays-des-mille-collines\/\">MWARAMUTSE, PAYS DES MILLE COLLINES<\/a><\/span><\/span><\/p>\n<p style=\"text-align: center;\"><a href=\"https:\/\/www.journaldunpigeonvoyageur.com\/blog\/wp-content\/uploads\/2014\/07\/P1130179.jpg\"><img loading=\"lazy\" decoding=\"async\" class=\"aligncenter wp-image-17432 size-full\" src=\"https:\/\/www.journaldunpigeonvoyageur.com\/blog\/wp-content\/uploads\/2014\/07\/P1130179.jpg\" alt=\"\" width=\"1600\" height=\"1200\" srcset=\"https:\/\/www.journaldunpigeonvoyageur.com\/blog\/wp-content\/uploads\/2014\/07\/P1130179.jpg 1600w, https:\/\/www.journaldunpigeonvoyageur.com\/blog\/wp-content\/uploads\/2014\/07\/P1130179-300x225.jpg 300w, https:\/\/www.journaldunpigeonvoyageur.com\/blog\/wp-content\/uploads\/2014\/07\/P1130179-768x576.jpg 768w, https:\/\/www.journaldunpigeonvoyageur.com\/blog\/wp-content\/uploads\/2014\/07\/P1130179-1024x768.jpg 1024w, https:\/\/www.journaldunpigeonvoyageur.com\/blog\/wp-content\/uploads\/2014\/07\/P1130179-600x450.jpg 600w\" sizes=\"auto, (max-width: 1600px) 100vw, 1600px\" \/><\/a><\/p>\n<p style=\"text-align: center;\"><em>Canopy Walk du Nyungwe National Park<\/em><\/p>\n<p style=\"text-align: center;\"><span style=\"font-family: arial, helvetica, sans-serif; font-size: 14pt; color: #000000;\">Pour vous d\u00e9faire des nombreux pr\u00e9jug\u00e9s qui p\u00e8sent encore sur le <strong>Pays des Mille Collines<\/strong> et d\u00e9couvrir \u00e0 quel point cette <strong><a style=\"color: #000000;\" href=\"https:\/\/www.journaldunpigeonvoyageur.com\/blog\/category\/afrique\/rwanda\/\">destination<\/a><\/strong>\u00a0, \u00a0qui a \u00e9t\u00e9 un v\u00e9ritable <strong>coup de c\u0153ur<\/strong> pour moi, est <strong>riche<\/strong> : par sa Culture, son Histoire, ses sites et bien plus encore.<\/span><\/p>\n<p style=\"text-align: center;\"><span style=\"color: #000000;\">\u00a0<\/span><\/p>\n<p style=\"text-align: center;\"><span style=\"font-family: arial, helvetica, sans-serif; font-size: 14pt; color: #000000;\">Pour la petite histoire, sachez que c&rsquo;est aussi le tout premier billet publi\u00e9 sur le blog. (\u00e9motions quand tu nous tiens)<\/span><\/p>\n<p style=\"text-align: center;\"><span style=\"font-family: 'arial black', sans-serif; font-size: 14pt;\">17.\u00a0<span style=\"color: #000000;\"><a style=\"color: #000000;\" href=\"https:\/\/www.journaldunpigeonvoyageur.com\/blog\/2016\/07\/01\/5-merveilles-touristiques-a-decouvrir-autour-de-saint-cyr-sur-mer-dans-le-var\/\">5 MERVEILLES TOURISTIQUES A D\u00c9COUVRIR, AUTOUR DE SAINT-CYR-SUR-MER, DANS LE VAR<\/a><\/span><\/span><\/p>\n<p style=\"text-align: center;\"><img loading=\"lazy\" decoding=\"async\" class=\"alignnone wp-image-19196 size-full\" src=\"https:\/\/www.journaldunpigeonvoyageur.com\/blog\/wp-content\/uploads\/2016\/12\/13529197_611675769009154_6128023237986161698_n.jpg\" alt=\"\" width=\"720\" height=\"960\" srcset=\"https:\/\/www.journaldunpigeonvoyageur.com\/blog\/wp-content\/uploads\/2016\/12\/13529197_611675769009154_6128023237986161698_n.jpg 720w, https:\/\/www.journaldunpigeonvoyageur.com\/blog\/wp-content\/uploads\/2016\/12\/13529197_611675769009154_6128023237986161698_n-225x300.jpg 225w, https:\/\/www.journaldunpigeonvoyageur.com\/blog\/wp-content\/uploads\/2016\/12\/13529197_611675769009154_6128023237986161698_n-600x800.jpg 600w\" sizes=\"auto, (max-width: 720px) 100vw, 720px\" \/><\/p>\n<p style=\"text-align: center;\">\u00a0<em>ruelle du village de Saint Cyr<\/em><\/p>\n<p style=\"text-align: center;\"><span style=\"font-family: arial, helvetica, sans-serif; color: #000000; font-size: 14pt;\">Si vous doutiez encore des merveilles que cachent le sud de la France, cet article est pour vous \ud83d\ude42<\/span><\/p>\n<p style=\"text-align: center;\"><span style=\"font-size: 14pt;\">\u00a0<\/span><\/p>\n<p style=\"text-align: center;\"><span style=\"font-family: 'arial black', sans-serif; font-size: 14pt;\">\u00a016.\u00a0<span style=\"color: #000000;\"><a style=\"color: #000000;\" href=\"https:\/\/www.journaldunpigeonvoyageur.com\/blog\/2015\/09\/25\/ouidah-une-ville-beninoise-la-croisee-des-chemins\/\">OUIDAH, UNE VILLE B\u00c9NINOISE A LA CROIS\u00c9E DES CHEMINS<\/a><\/span><\/span><\/p>\n<p style=\"text-align: center;\"><img loading=\"lazy\" decoding=\"async\" class=\"alignnone wp-image-19195 size-full\" src=\"https:\/\/www.journaldunpigeonvoyageur.com\/blog\/wp-content\/uploads\/2016\/12\/11225213_503303163179749_4776221193775143028_n.jpg\" alt=\"\" width=\"960\" height=\"960\" srcset=\"https:\/\/www.journaldunpigeonvoyageur.com\/blog\/wp-content\/uploads\/2016\/12\/11225213_503303163179749_4776221193775143028_n.jpg 960w, https:\/\/www.journaldunpigeonvoyageur.com\/blog\/wp-content\/uploads\/2016\/12\/11225213_503303163179749_4776221193775143028_n-150x150.jpg 150w, https:\/\/www.journaldunpigeonvoyageur.com\/blog\/wp-content\/uploads\/2016\/12\/11225213_503303163179749_4776221193775143028_n-300x300.jpg 300w, https:\/\/www.journaldunpigeonvoyageur.com\/blog\/wp-content\/uploads\/2016\/12\/11225213_503303163179749_4776221193775143028_n-768x768.jpg 768w, https:\/\/www.journaldunpigeonvoyageur.com\/blog\/wp-content\/uploads\/2016\/12\/11225213_503303163179749_4776221193775143028_n-600x600.jpg 600w, https:\/\/www.journaldunpigeonvoyageur.com\/blog\/wp-content\/uploads\/2016\/12\/11225213_503303163179749_4776221193775143028_n-520x520.jpg 520w\" sizes=\"auto, (max-width: 960px) 100vw, 960px\" \/><\/p>\n<p style=\"text-align: center;\"><em>Place Chacha o\u00f9 \u00e9taient vendus les esclaves<\/em><\/p>\n<p style=\"text-align: center;\"><span style=\"font-family: arial, helvetica, sans-serif; font-size: 14pt; color: #000000;\">Pour replonger dans l&rsquo;<strong>Histoire<\/strong> et \u00a0se rappeler que <strong>Ouidah<\/strong> fut un important <strong>site n\u00e9grier<\/strong>\u00a0 mais aussi\u00a0pour d\u00e9couvrir l&rsquo;extraordinaire <strong>mus\u00e9e d&rsquo;Art Contemporain<\/strong>, que l&rsquo;on doit \u00e0 la famille Zinsou, qui s&rsquo;y est install\u00e9.<\/span><\/p>\n<p style=\"text-align: center;\"><span style=\"font-family: 'arial black', sans-serif; font-size: 14pt;\">15.\u00a0<span style=\"color: #000000;\"><a style=\"color: #000000;\" href=\"https:\/\/www.journaldunpigeonvoyageur.com\/blog\/2015\/03\/28\/16-raisons-pour-lesquelles-le-portugal-doit-absolument-faire-partie-de-votre-travel-list-2015\/\">16 RAISONS POUR LESQUELLES LE PORTUGAL DOIT ABSOLUMENT FAIRE PARTIE DE VOTRE TRAVEL LIST 2015<\/a><\/span><\/span><\/p>\n<p style=\"text-align: center;\"><img loading=\"lazy\" decoding=\"async\" class=\"alignnone wp-image-19205 size-large\" src=\"https:\/\/www.journaldunpigeonvoyageur.com\/blog\/wp-content\/uploads\/2016\/12\/FullSizeRender-31-2-1024x768.jpg\" alt=\"\" width=\"1024\" height=\"768\" srcset=\"https:\/\/www.journaldunpigeonvoyageur.com\/blog\/wp-content\/uploads\/2016\/12\/FullSizeRender-31-2-1024x768.jpg 1024w, https:\/\/www.journaldunpigeonvoyageur.com\/blog\/wp-content\/uploads\/2016\/12\/FullSizeRender-31-2-300x225.jpg 300w, https:\/\/www.journaldunpigeonvoyageur.com\/blog\/wp-content\/uploads\/2016\/12\/FullSizeRender-31-2-768x576.jpg 768w, https:\/\/www.journaldunpigeonvoyageur.com\/blog\/wp-content\/uploads\/2016\/12\/FullSizeRender-31-2-600x450.jpg 600w, https:\/\/www.journaldunpigeonvoyageur.com\/blog\/wp-content\/uploads\/2016\/12\/FullSizeRender-31-2.jpg 1224w\" sizes=\"auto, (max-width: 1024px) 100vw, 1024px\" \/><\/p>\n<p style=\"text-align: center;\">\u00a0<em>l&rsquo;\u00eele portugaise de Mad\u00e8re r\u00e9serve des panoramas d&rsquo;exception<\/em><\/p>\n<p style=\"text-align: center;\"><span style=\"font-family: arial, helvetica, sans-serif; font-size: 14pt; color: #000000;\">Au sud de l&rsquo;Europe, le <strong>Portugal<\/strong> fait figure, depuis plusieurs mois d\u00e9j\u00e0, de <strong>destination IN<\/strong>. <\/span><\/p>\n<p style=\"text-align: center;\"><span style=\"color: #000000; font-family: arial, helvetica, sans-serif; font-size: 14pt;\">Un engouement amplement m\u00e9rit\u00e9 au vu de ses nombreux attraits touristiques dont je vous propose, ici, de prendre connaissance. <\/span><\/p>\n<p style=\"text-align: center;\"><span style=\"color: #000000; font-family: arial, helvetica, sans-serif; font-size: 14pt;\">Nul doute que vous y trouverez votre bonheur<\/span><\/p>\n<p style=\"text-align: center;\"><span style=\"font-family: 'arial black', sans-serif; font-size: 14pt;\">14.<span style=\"color: #000000;\">\u00a0<a style=\"color: #000000;\" href=\"https:\/\/www.journaldunpigeonvoyageur.com\/blog\/2016\/04\/16\/mes-16-coups-de-coeur-a-lisbonne\/\">MES 16 COUPS DE C\u0152UR A LISBONNE<\/a><\/span><\/span><\/p>\n<p style=\"text-align: center;\"><img loading=\"lazy\" decoding=\"async\" class=\"alignnone wp-image-19202 size-large\" src=\"https:\/\/www.journaldunpigeonvoyageur.com\/blog\/wp-content\/uploads\/2016\/12\/FullSizeRender-28-2-1024x768.jpg\" alt=\"fullsizerender-28\" width=\"1024\" height=\"768\" srcset=\"https:\/\/www.journaldunpigeonvoyageur.com\/blog\/wp-content\/uploads\/2016\/12\/FullSizeRender-28-2-1024x768.jpg 1024w, https:\/\/www.journaldunpigeonvoyageur.com\/blog\/wp-content\/uploads\/2016\/12\/FullSizeRender-28-2-300x225.jpg 300w, https:\/\/www.journaldunpigeonvoyageur.com\/blog\/wp-content\/uploads\/2016\/12\/FullSizeRender-28-2-768x576.jpg 768w, https:\/\/www.journaldunpigeonvoyageur.com\/blog\/wp-content\/uploads\/2016\/12\/FullSizeRender-28-2-600x450.jpg 600w, https:\/\/www.journaldunpigeonvoyageur.com\/blog\/wp-content\/uploads\/2016\/12\/FullSizeRender-28-2.jpg 1224w\" sizes=\"auto, (max-width: 1024px) 100vw, 1024px\" \/><\/p>\n<p style=\"text-align: center;\"><em>le mus\u00e9e Berardo, une p\u00e9pite au c\u0153ur\u00a0du quartier Belem \u00e0 ne pas manquer<\/em>\u00a0<\/p>\n<p style=\"text-align: center;\"><span style=\"font-family: arial, helvetica, sans-serif; font-size: 14pt; color: #000000;\">Mon amour pour <strong>Lisbonne<\/strong>, o\u00f9 je retourne toujours avec beaucoup de bonheur, me semble infini !<\/span><\/p>\n<p style=\"text-align: center;\"><span style=\"font-family: arial, helvetica, sans-serif; font-size: 14pt; color: #000000;\">Capitale aux multiples facettes, elle rec\u00e8le de tant de merveilles qu&rsquo;il peut, de prime abord, sembler difficile d&rsquo;\u00e9tablir un itin\u00e9raire de visites pour l&rsquo;explorer.<\/span><\/p>\n<p style=\"text-align: center;\"><span style=\"font-family: arial, helvetica, sans-serif; font-size: 14pt; color: #000000;\">Puissent donc mes 16 coups de c\u0153ur vous \u00eatre utiles \u00e0 ce titre .<\/span><\/p>\n<p style=\"text-align: center;\"><span style=\"font-family: arial, helvetica, sans-serif; font-size: 14pt; color: #000000;\"> Le<strong> <a style=\"color: #000000;\" href=\"http:\/\/www.tripsandtips.fr\/produit\/cityguide-lisbonne\/\">guide Lisbonne<\/a><\/strong>, \u00e9dit\u00e9 par l&rsquo;\u00e9quipe du blog voyage <strong><a style=\"color: #000000;\" href=\"http:\/\/www.tripsandtips.fr\/\">My Trips and Tips<\/a><\/strong>\u00a0et paru il y a seulement quelques jours, est un autre outil que je vous recommande si vous pr\u00e9parez une excursion dans la premi\u00e8re ville du pays.<\/span><\/p>\n<p style=\"text-align: center;\"><span style=\"font-family: arial, helvetica, sans-serif; font-size: 14pt; color: #000000;\">J&rsquo;y ai appris beaucoup de choses et \u00a0trouv\u00e9 de sympathiques adresses que je ne manquerai pas de tester lors de mon prochain s\u00e9jour sur place.<\/span><\/p>\n<p style=\"text-align: center;\"><span style=\"font-family: 'arial black', sans-serif; font-size: 14pt;\">13. <span style=\"color: #000000;\">\u00a0<a style=\"color: #000000;\" href=\"https:\/\/www.journaldunpigeonvoyageur.com\/blog\/2015\/09\/07\/bons-baisers-du-village-lacustre-beninois-de-possotome\/\">BONS BAISERS DU VILLAGE LACUSTRE B\u00c9NINOIS DE POSSOTOME<\/a><\/span><\/span><\/p>\n<p style=\"text-align: center;\"><img loading=\"lazy\" decoding=\"async\" class=\"alignnone wp-image-19201 size-large\" src=\"https:\/\/www.journaldunpigeonvoyageur.com\/blog\/wp-content\/uploads\/2016\/12\/FullSizeRender-27-1024x768.jpg\" alt=\"\" width=\"1024\" height=\"768\" srcset=\"https:\/\/www.journaldunpigeonvoyageur.com\/blog\/wp-content\/uploads\/2016\/12\/FullSizeRender-27-1024x768.jpg 1024w, https:\/\/www.journaldunpigeonvoyageur.com\/blog\/wp-content\/uploads\/2016\/12\/FullSizeRender-27-300x225.jpg 300w, https:\/\/www.journaldunpigeonvoyageur.com\/blog\/wp-content\/uploads\/2016\/12\/FullSizeRender-27-768x576.jpg 768w, https:\/\/www.journaldunpigeonvoyageur.com\/blog\/wp-content\/uploads\/2016\/12\/FullSizeRender-27-600x450.jpg 600w, https:\/\/www.journaldunpigeonvoyageur.com\/blog\/wp-content\/uploads\/2016\/12\/FullSizeRender-27.jpg 1224w\" sizes=\"auto, (max-width: 1024px) 100vw, 1024px\" \/><\/p>\n<p style=\"text-align: center;\"><em>piscine de l&rsquo;Hotel Chez Th\u00e9o, Possotom\u00e9<\/em><\/p>\n<p style=\"text-align: center;\"><span style=\"font-family: arial, helvetica, sans-serif; font-size: 14pt;\"><span style=\"color: #000000;\">Pour sortir des sentiers battus et d\u00e9couvrir une charmante<strong> cit\u00e9 lacustre b\u00e9ninoise<\/strong><\/span>.<\/span><\/p>\n<p style=\"text-align: center;\"><span style=\"font-family: 'arial black', sans-serif; font-size: 14pt;\">12.\u00a0<span style=\"color: #000000;\"><a style=\"color: #000000;\" href=\"https:\/\/www.journaldunpigeonvoyageur.com\/blog\/2015\/06\/08\/a-la-decouverte-du-kente-la-magnifique-etoffe-des-rois-ashantis-du-ghana\/\">A LA D\u00c9COUVERTE DU KENTE, LA MAGNIFIQUE \u00c9TOFFE DES ROIS ASHANTIS DU GHANA<\/a><\/span><\/span><\/p>\n<p style=\"text-align: center;\"><img loading=\"lazy\" decoding=\"async\" class=\"alignnone wp-image-19211 size-full\" src=\"https:\/\/www.journaldunpigeonvoyageur.com\/blog\/wp-content\/uploads\/2016\/12\/FullSizeRender-37-2.jpg\" alt=\"\" width=\"720\" height=\"960\" srcset=\"https:\/\/www.journaldunpigeonvoyageur.com\/blog\/wp-content\/uploads\/2016\/12\/FullSizeRender-37-2.jpg 720w, https:\/\/www.journaldunpigeonvoyageur.com\/blog\/wp-content\/uploads\/2016\/12\/FullSizeRender-37-2-225x300.jpg 225w, https:\/\/www.journaldunpigeonvoyageur.com\/blog\/wp-content\/uploads\/2016\/12\/FullSizeRender-37-2-600x800.jpg 600w\" sizes=\"auto, (max-width: 720px) 100vw, 720px\" \/><\/p>\n<p style=\"text-align: center;\"><em>entr\u00e9e de l&rsquo;un des deux villages, en pays Ashanti, \u00e0 l&rsquo;origine de la conception du Kent\u00e9<\/em><\/p>\n<p style=\"text-align: center;\"><span style=\"font-family: arial, helvetica, sans-serif; font-size: 14pt; color: #000000;\">Pour en apprendre davantage sur cette magnifique \u00e9toffe, joyau du <strong>pays Ashanti<\/strong>\u00a0 et d\u00e9sormais devenu le symbole du <strong>Ghana<\/strong>, encore <strong>tiss\u00e9e<\/strong> \u00e0 la main par des artisans locaux.<\/span><\/p>\n<p style=\"text-align: center;\"><span style=\"font-family: arial, helvetica, sans-serif; font-size: 14pt; color: #000000;\"> Envie d&rsquo;une autre d\u00e9couverte insolite dans cette r\u00e9gion ghan\u00e9enne ? Le\u00a0<strong><a style=\"color: #000000;\" href=\"https:\/\/www.journaldunpigeonvoyageur.com\/blog\/2014\/08\/30\/portfolio-bosumtwi-la-beaute-d-un-lac\/\">lac Bosumtwi<\/a><\/strong>\u00a0devrait vous enchanter \ud83d\ude42<\/span><\/p>\n<p style=\"text-align: center;\"><span style=\"font-family: 'arial black', sans-serif; font-size: 14pt;\">11.\u00a0<span style=\"color: #000000;\"><a style=\"color: #000000;\" href=\"https:\/\/www.journaldunpigeonvoyageur.com\/blog\/2015\/05\/19\/paroles-d-amoureux-du-voyage-olivia-dumas-creppy-blogueuse-culinaire-mais-pas-uniquemen\/\">PAROLES D\u2019AMOUREUX DU VOYAGE: OLIVIA DUMAS CREPPY, BLOGUEUSE CULINAIRE MAIS PAS UNIQUEMENT<\/a><\/span><\/span><\/p>\n<p style=\"text-align: center;\"><img loading=\"lazy\" decoding=\"async\" class=\"alignnone wp-image-19212 size-full\" src=\"https:\/\/www.journaldunpigeonvoyageur.com\/blog\/wp-content\/uploads\/2016\/12\/olivia.jpg\" alt=\"\" width=\"481\" height=\"640\" srcset=\"https:\/\/www.journaldunpigeonvoyageur.com\/blog\/wp-content\/uploads\/2016\/12\/olivia.jpg 481w, https:\/\/www.journaldunpigeonvoyageur.com\/blog\/wp-content\/uploads\/2016\/12\/olivia-225x300.jpg 225w\" sizes=\"auto, (max-width: 481px) 100vw, 481px\" \/><\/p>\n<p style=\"text-align: center;\"><span style=\"font-family: arial, helvetica, sans-serif; font-size: 14pt; color: #000000;\">Pour d\u00e9couvrir une v\u00e9ritable <strong>\u00c9picurienne<\/strong> avec laquelle je partage, outre la passion du Voyage, celle de la Gastronomie \ud83d\ude42<\/span><\/p>\n<p style=\"text-align: center;\"><span style=\"font-family: 'arial black', sans-serif; font-size: 14pt;\">10.\u00a0<span style=\"color: #000000;\"><a style=\"color: #000000;\" href=\"https:\/\/www.journaldunpigeonvoyageur.com\/blog\/2015\/08\/03\/si-tu-vas-dans-le-vexin-normand-n-oublie-pas-d-aller-decouvrir-ces-deux-petits-bijoux\/\">SI TU VAS DANS LE VEXIN NORMAND, N\u2019OUBLIE PAS D\u2019 ALLER D\u00c9COUVRIR CES DEUX PETITS BIJOUX<\/a><\/span><\/span><\/p>\n<p style=\"text-align: center;\"><img loading=\"lazy\" decoding=\"async\" class=\"alignnone wp-image-19210 size-large\" src=\"https:\/\/www.journaldunpigeonvoyageur.com\/blog\/wp-content\/uploads\/2016\/12\/FullSizeRender-36-2-1024x769.jpg\" alt=\"\" width=\"1024\" height=\"769\" srcset=\"https:\/\/www.journaldunpigeonvoyageur.com\/blog\/wp-content\/uploads\/2016\/12\/FullSizeRender-36-2-1024x769.jpg 1024w, https:\/\/www.journaldunpigeonvoyageur.com\/blog\/wp-content\/uploads\/2016\/12\/FullSizeRender-36-2-300x225.jpg 300w, https:\/\/www.journaldunpigeonvoyageur.com\/blog\/wp-content\/uploads\/2016\/12\/FullSizeRender-36-2-768x577.jpg 768w, https:\/\/www.journaldunpigeonvoyageur.com\/blog\/wp-content\/uploads\/2016\/12\/FullSizeRender-36-2-600x451.jpg 600w, https:\/\/www.journaldunpigeonvoyageur.com\/blog\/wp-content\/uploads\/2016\/12\/FullSizeRender-36-2.jpg 1148w\" sizes=\"auto, (max-width: 1024px) 100vw, 1024px\" \/><\/p>\n<p style=\"text-align: center;\"><em>Vieux Moulin, Vernon, Normandie<\/em><\/p>\n<p style=\"text-align: center;\"><span style=\"font-family: arial, helvetica, sans-serif; font-size: 14pt; color: #000000;\">Le bonheur est souvent beaucoup plus pr\u00e8s que l&rsquo;on ne pense. Cette r\u00e9gion normande devrait vous en convaincre.\u00a0<\/span><\/p>\n<p style=\"text-align: center;\"><span style=\"font-family: 'arial black', sans-serif; font-size: 14pt;\">9.\u00a0<span style=\"color: #000000;\"><a style=\"color: #000000;\" href=\"https:\/\/www.journaldunpigeonvoyageur.com\/blog\/2014\/11\/18\/dome-mirhab-minbar-minaret-a-la-decouverte-de-mes-mosquees-preferees\/\">DOME, MIRHAB, MINBAR, MINARET : A LA D\u00c9COUVERTE DE MES MOSQU\u00c9ES PR\u00c9F\u00c9R\u00c9ES<\/a><\/span><\/span><\/p>\n<p style=\"text-align: center;\"><img loading=\"lazy\" decoding=\"async\" class=\"alignnone wp-image-19208 size-large\" src=\"https:\/\/www.journaldunpigeonvoyageur.com\/blog\/wp-content\/uploads\/2016\/12\/FullSizeRender-34-1024x769.jpg\" alt=\"\" width=\"1024\" height=\"769\" srcset=\"https:\/\/www.journaldunpigeonvoyageur.com\/blog\/wp-content\/uploads\/2016\/12\/FullSizeRender-34-1024x769.jpg 1024w, https:\/\/www.journaldunpigeonvoyageur.com\/blog\/wp-content\/uploads\/2016\/12\/FullSizeRender-34-300x225.jpg 300w, https:\/\/www.journaldunpigeonvoyageur.com\/blog\/wp-content\/uploads\/2016\/12\/FullSizeRender-34-768x577.jpg 768w, https:\/\/www.journaldunpigeonvoyageur.com\/blog\/wp-content\/uploads\/2016\/12\/FullSizeRender-34-600x451.jpg 600w, https:\/\/www.journaldunpigeonvoyageur.com\/blog\/wp-content\/uploads\/2016\/12\/FullSizeRender-34.jpg 1148w\" sizes=\"auto, (max-width: 1024px) 100vw, 1024px\" \/><\/p>\n<p style=\"text-align: center;\">\u00a0<em>basilique Sainte Sophie, Istanbul<\/em><\/p>\n<p style=\"text-align: center;\"><span style=\"font-family: arial, helvetica, sans-serif; font-size: 14pt; color: #000000;\">Pour s&rsquo;\u00e9merveiller devant la beaut\u00e9 de plusieurs <strong>mosqu\u00e9es<\/strong> que j&rsquo;ai eu \u00e0 visiter \u00e0 travers le monde.<\/span><\/p>\n<p style=\"text-align: center;\"><span style=\"font-family: 'arial black', sans-serif; font-size: 14pt;\">8.\u00a0<span style=\"color: #000000;\"><a style=\"color: #000000;\" href=\"https:\/\/www.journaldunpigeonvoyageur.com\/blog\/2016\/12\/13\/ce-we-de-novembre-ou-j-ai-atteint-l-orgasme-culinaire-a-bruxelles\/\">CE WE DE NOVEMBRE OU J&rsquo;AI ATTEINT L\u2019 ORGASME CULINAIRE A BRUXELLES<\/a><\/span><\/span><\/p>\n<p style=\"text-align: center;\"><img loading=\"lazy\" decoding=\"async\" class=\"alignnone wp-image-19198 size-large\" src=\"https:\/\/www.journaldunpigeonvoyageur.com\/blog\/wp-content\/uploads\/2016\/12\/FullSizeRender-24-2-768x1024.jpg\" alt=\"\" width=\"768\" height=\"1024\" srcset=\"https:\/\/www.journaldunpigeonvoyageur.com\/blog\/wp-content\/uploads\/2016\/12\/FullSizeRender-24-2-768x1024.jpg 768w, https:\/\/www.journaldunpigeonvoyageur.com\/blog\/wp-content\/uploads\/2016\/12\/FullSizeRender-24-2-225x300.jpg 225w, https:\/\/www.journaldunpigeonvoyageur.com\/blog\/wp-content\/uploads\/2016\/12\/FullSizeRender-24-2-600x800.jpg 600w, https:\/\/www.journaldunpigeonvoyageur.com\/blog\/wp-content\/uploads\/2016\/12\/FullSizeRender-24-2.jpg 1224w\" sizes=\"auto, (max-width: 768px) 100vw, 768px\" \/><\/p>\n<p style=\"text-align: center;\"><span style=\"color: #808080;\"><em>salons feutr\u00e9s de The Hotel, Bruxelles<\/em><\/span><\/p>\n<p style=\"text-align: center;\"><span style=\"font-family: arial, helvetica, sans-serif; font-size: 14pt; color: #000000;\">A la recherche d&rsquo;\u00a0<strong>adresses gastronomiques d&rsquo;exception<\/strong> dans la capitale belge ? Je vous d\u00e9voile tout dans ce billet.<\/span><\/p>\n<p style=\"text-align: center;\"><span style=\"font-family: 'arial black', sans-serif; font-size: 14pt;\">7.\u00a0<span style=\"color: #000000;\"><a style=\"color: #000000;\" href=\"https:\/\/www.journaldunpigeonvoyageur.com\/blog\/2016\/04\/01\/seydou-keita-ou-la-mise-a-lhonneur-de-la-photographie-malienne-au-grand-palais\/\">SEYDOU KEITA OU LA MISE A L\u2019HONNEUR DE LA PHOTOGRAPHIE MALIENNE AU GRAND PALAIS<\/a><\/span><\/span><\/p>\n<p style=\"text-align: center;\"><img loading=\"lazy\" decoding=\"async\" class=\"alignnone wp-image-19203 size-full\" src=\"https:\/\/www.journaldunpigeonvoyageur.com\/blog\/wp-content\/uploads\/2016\/12\/FullSizeRender-29-2.jpg\" alt=\"\" width=\"720\" height=\"960\" srcset=\"https:\/\/www.journaldunpigeonvoyageur.com\/blog\/wp-content\/uploads\/2016\/12\/FullSizeRender-29-2.jpg 720w, https:\/\/www.journaldunpigeonvoyageur.com\/blog\/wp-content\/uploads\/2016\/12\/FullSizeRender-29-2-225x300.jpg 225w, https:\/\/www.journaldunpigeonvoyageur.com\/blog\/wp-content\/uploads\/2016\/12\/FullSizeRender-29-2-600x800.jpg 600w\" sizes=\"auto, (max-width: 720px) 100vw, 720px\" \/><\/p>\n<p style=\"text-align: center;\"><em>portrait, Exposition Seydou Keita, Grand Palais, Printemps-Et\u00e9 2016<\/em><\/p>\n<p style=\"text-align: center;\"><span style=\"font-family: arial, helvetica, sans-serif; font-size: 14pt; color: #000000;\">Pour admirer l&rsquo;esth\u00e9tique des <strong>portraits, en noir et blanc<\/strong>, de feu <strong>Seydou Keita<\/strong>, \u00a0photographe malien dont le g\u00e9nie ne souffre pas la discussion.<\/span><\/p>\n<p style=\"text-align: center;\"><span style=\"font-family: 'arial black', sans-serif; font-size: 14pt;\">6.\u00a0<span style=\"color: #000000;\"><a style=\"color: #000000;\" href=\"https:\/\/www.journaldunpigeonvoyageur.com\/blog\/2016\/04\/29\/lanzarote-veritable-eden-naturel-des-iles-canaries-espagnoles\/\">LANZAROTE, V\u00c9RITABLE EDEN NATUREL DES ILES CANARIES ESPAGNOLES<\/a><\/span><\/span><\/p>\n<p style=\"text-align: center;\"><a href=\"https:\/\/www.journaldunpigeonvoyageur.com\/blog\/wp-content\/uploads\/2016\/12\/P1040899.jpg\"><img loading=\"lazy\" decoding=\"async\" class=\"aligncenter wp-image-44867 size-full\" src=\"https:\/\/www.journaldunpigeonvoyageur.com\/blog\/wp-content\/uploads\/2016\/12\/P1040899.jpg\" alt=\"\" width=\"1920\" height=\"581\" srcset=\"https:\/\/www.journaldunpigeonvoyageur.com\/blog\/wp-content\/uploads\/2016\/12\/P1040899.jpg 1920w, https:\/\/www.journaldunpigeonvoyageur.com\/blog\/wp-content\/uploads\/2016\/12\/P1040899-300x91.jpg 300w, https:\/\/www.journaldunpigeonvoyageur.com\/blog\/wp-content\/uploads\/2016\/12\/P1040899-1024x310.jpg 1024w, https:\/\/www.journaldunpigeonvoyageur.com\/blog\/wp-content\/uploads\/2016\/12\/P1040899-768x232.jpg 768w, https:\/\/www.journaldunpigeonvoyageur.com\/blog\/wp-content\/uploads\/2016\/12\/P1040899-1536x465.jpg 1536w\" sizes=\"auto, (max-width: 1920px) 100vw, 1920px\" \/><\/a><\/p>\n<p style=\"text-align: center;\"><em>Salines de \u00a0Janubio, Lanzarote<\/em><\/p>\n<p style=\"text-align: center;\"><span style=\"color: #000000;\">\u00a0<\/span><\/p>\n<p style=\"text-align: center;\"><span style=\"font-family: arial, helvetica, sans-serif; font-size: 14pt; color: #000000;\">Pour r\u00e9aliser \u00e0 quel point<strong> Lanzarote<\/strong>\u00a0est un paradis naturel. <\/span><\/p>\n<p style=\"text-align: center;\"><span style=\"font-family: arial, helvetica, sans-serif; font-size: 14pt; color: #000000;\">Inutile de pr\u00e9ciser que les \u00a0\u00eeles<strong>\u00a0<a style=\"color: #000000;\" href=\"https:\/\/www.journaldunpigeonvoyageur.com\/blog\/?s=iles+canaries\">Canaries<\/a><\/strong>\u00a0r\u00e9servent de bien belles surprises.<\/span><\/p>\n<p style=\"text-align: center;\"><span style=\"font-family: 'arial black', sans-serif; font-size: 14pt;\">5.\u00a0<span style=\"color: #000000;\"><a style=\"color: #000000;\" href=\"https:\/\/www.journaldunpigeonvoyageur.com\/blog\/2015\/09\/15\/parce-que-lome-le-vaut-bien\/\">PARCE QUE LOME LE VAUT BIEN<\/a><\/span><\/span><\/p>\n<p style=\"text-align: center;\"><img loading=\"lazy\" decoding=\"async\" class=\"alignnone wp-image-19209 size-large\" src=\"https:\/\/www.journaldunpigeonvoyageur.com\/blog\/wp-content\/uploads\/2016\/12\/FullSizeRender-35-1024x768.jpg\" alt=\"\" width=\"1024\" height=\"768\" srcset=\"https:\/\/www.journaldunpigeonvoyageur.com\/blog\/wp-content\/uploads\/2016\/12\/FullSizeRender-35-1024x768.jpg 1024w, https:\/\/www.journaldunpigeonvoyageur.com\/blog\/wp-content\/uploads\/2016\/12\/FullSizeRender-35-300x225.jpg 300w, https:\/\/www.journaldunpigeonvoyageur.com\/blog\/wp-content\/uploads\/2016\/12\/FullSizeRender-35-768x576.jpg 768w, https:\/\/www.journaldunpigeonvoyageur.com\/blog\/wp-content\/uploads\/2016\/12\/FullSizeRender-35-600x450.jpg 600w, https:\/\/www.journaldunpigeonvoyageur.com\/blog\/wp-content\/uploads\/2016\/12\/FullSizeRender-35.jpg 1224w\" sizes=\"auto, (max-width: 1024px) 100vw, 1024px\" \/><\/p>\n<p style=\"text-align: center;\"><span style=\"color: #808080;\"><em>Sculptures de l&rsquo;artiste Claudio Kunakey dans son atelier<\/em><\/span><\/p>\n<p style=\"text-align: center;\"><span style=\"font-family: arial, helvetica, sans-serif; font-size: 14pt; color: #000000;\">Pour d\u00e9couvrir les multiples attraits, qui sont loin d&rsquo;uniquement se limiter \u00e0 sa gastronomie ou \u00e0 ses jolies plages, de la <strong>capitale togolaise.<\/strong><\/span><\/p>\n<p style=\"text-align: center;\"><span style=\"font-family: arial, helvetica, sans-serif; font-size: 14pt; color: #000000;\">Pourquoi ne pas en profiter \u00e9galement pour explorer le reste du <strong><a style=\"color: #000000;\" href=\"https:\/\/www.journaldunpigeonvoyageur.com\/blog\/category\/afrique\/togo\/\">pays<\/a>\u00a0<\/strong>, class\u00e9 par le<strong><a style=\"color: #000000;\" href=\"http:\/\/www.lonelyplanet.fr\/article\/10-pays-ignores-des-touristes\"> Lonely Planet <\/a><\/strong>comme l&rsquo;un de ceux <strong>ayant<\/strong>, bien qu&rsquo; ignor\u00e9 des touristes, <strong>\u00a0<em>\u00ab\u00a0beaucoup \u00e0 offrir\u00a0\u00bb<\/em> <\/strong>?<\/span><\/p>\n<p style=\"text-align: center;\"><span style=\"font-family: 'arial black', sans-serif; font-size: 14pt;\">4.\u00a0<span style=\"color: #000000;\"><a style=\"color: #000000;\" href=\"https:\/\/www.journaldunpigeonvoyageur.com\/blog\/2016\/07\/21\/jai-teste-6-adresses-gourmandes-a-bruxelles\/\">J\u2019AI TESTE 6 ADRESSES GOURMANDES A BRUXELLES<\/a><\/span><\/span><\/p>\n<p style=\"text-align: center;\"><img loading=\"lazy\" decoding=\"async\" class=\"alignnone wp-image-19204 size-full\" src=\"https:\/\/www.journaldunpigeonvoyageur.com\/blog\/wp-content\/uploads\/2016\/12\/FullSizeRender-30.jpg\" alt=\"\" width=\"1000\" height=\"750\" srcset=\"https:\/\/www.journaldunpigeonvoyageur.com\/blog\/wp-content\/uploads\/2016\/12\/FullSizeRender-30.jpg 1000w, https:\/\/www.journaldunpigeonvoyageur.com\/blog\/wp-content\/uploads\/2016\/12\/FullSizeRender-30-300x225.jpg 300w, https:\/\/www.journaldunpigeonvoyageur.com\/blog\/wp-content\/uploads\/2016\/12\/FullSizeRender-30-768x576.jpg 768w, https:\/\/www.journaldunpigeonvoyageur.com\/blog\/wp-content\/uploads\/2016\/12\/FullSizeRender-30-600x450.jpg 600w\" sizes=\"auto, (max-width: 1000px) 100vw, 1000px\" \/><\/p>\n<p style=\"text-align: center;\"><em>Restaurant Atomium<\/em><\/p>\n<p style=\"text-align: center;\"><span style=\"color: #000000; font-family: arial, helvetica, sans-serif; font-size: 14pt;\"><strong>Bruxelles<\/strong> est loin d&rsquo;uniquement se circonscrire \u00e0 son statut de <strong>capitale de la Frite<\/strong>\u00a0ainsi qu&rsquo;en attestent les multiples tables de la ville o\u00f9 l&rsquo;on se pourl\u00e8che ais\u00e9ment les babines. <\/span><\/p>\n<p style=\"text-align: center;\"><span style=\"color: #000000; font-family: arial, helvetica, sans-serif; font-size: 14pt;\">Voici donc 6 \u00e9tablissements o\u00f9 je me suis r\u00e9gal\u00e9e.<\/span><\/p>\n<p style=\"text-align: center;\"><span style=\"font-family: 'arial black', sans-serif; font-size: 14pt;\">\u00a03.\u00a0<span style=\"color: #000000;\"><a style=\"color: #000000;\" href=\"https:\/\/www.journaldunpigeonvoyageur.com\/blog\/2016\/09\/21\/la-celebration-des-170-ans-de-vlisco-ou-la-mise-a-lhonneur-de-lafrique-a-helmond\/\">LA C\u00c9L\u00c9BRATION DES 170 ANS DE VLISCO OU LA MISE A L\u2019HONNEUR DE L\u2019AFRIQUE A HELMOND<\/a><\/span><\/span><\/p>\n<p style=\"text-align: center;\"><img loading=\"lazy\" decoding=\"async\" class=\"alignnone wp-image-19213 size-full\" src=\"https:\/\/www.journaldunpigeonvoyageur.com\/blog\/wp-content\/uploads\/2016\/12\/IMG_2540.jpg\" alt=\"\" width=\"720\" height=\"960\" srcset=\"https:\/\/www.journaldunpigeonvoyageur.com\/blog\/wp-content\/uploads\/2016\/12\/IMG_2540.jpg 720w, https:\/\/www.journaldunpigeonvoyageur.com\/blog\/wp-content\/uploads\/2016\/12\/IMG_2540-225x300.jpg 225w, https:\/\/www.journaldunpigeonvoyageur.com\/blog\/wp-content\/uploads\/2016\/12\/IMG_2540-600x800.jpg 600w\" sizes=\"auto, (max-width: 720px) 100vw, 720px\" \/><\/p>\n<p style=\"text-align: center;\"><em>\u00a0oeuvre de l&rsquo;artiste Yinka Shonibare, exposition Un \u00e0 Un dans le cadre de la C\u00e9l\u00e9bration des 170 ans de Vlisco, Helmond<\/em><\/p>\n<p style=\"text-align: center;\"><span style=\"font-family: arial, helvetica, sans-serif; font-size: 14pt; color: #000000;\">En septembre dernier, la firme hollandaise <strong>Vlisco<\/strong> a choisi, dans le cadre des festivit\u00e9s marquant ses 170 ans d&rsquo;existence, de <strong>c\u00e9l\u00e9brer l&rsquo;Afrique \u00e0 Helmond<\/strong>.<\/span><\/p>\n<p style=\"text-align: center;\"><span style=\"font-family: arial, helvetica, sans-serif; font-size: 14pt; color: #000000;\">Petite cit\u00e9 o\u00f9 l&rsquo;entreprise fit ses d\u00e9buts et o\u00f9 les wax, qui ont assur\u00e9 sa renomm\u00e9e, sont toujours fabriqu\u00e9s.<\/span><\/p>\n<p style=\"text-align: center;\"><span style=\"font-family: arial, helvetica, sans-serif; font-size: 14pt; color: #000000;\">Une superbe journ\u00e9e, o\u00f9, notamment, les <strong>Nana Benz<\/strong>, l&rsquo;Art et plusieurs artistes renomm\u00e9s issus du continent africain furent \u00e0 l&rsquo;honneur, que j&rsquo;ai tenu \u00e0 partager avec vous.<\/span><\/p>\n<p style=\"text-align: center;\"><span style=\"font-family: 'arial black', sans-serif; font-size: 14pt;\">2.\u00a0<span style=\"color: #000000;\"><a style=\"color: #000000;\" href=\"https:\/\/www.journaldunpigeonvoyageur.com\/blog\/2016\/08\/29\/a-la-decouverte-de-manatex-linedite-boutique-galerie-heritage-dune-nana-benz\/\">A LA D\u00c9COUVERTE DE MANATEX, L\u2019IN\u00c9DITE BOUTIQUE \u2013 GALERIE H\u00c9RITAGE D\u2019 UNE NANA BENZ<\/a><\/span><\/span><\/p>\n<p style=\"text-align: center;\"><img loading=\"lazy\" decoding=\"async\" class=\"alignnone wp-image-19199 size-large\" src=\"https:\/\/www.journaldunpigeonvoyageur.com\/blog\/wp-content\/uploads\/2016\/12\/FullSizeRender-25-1024x768.jpg\" alt=\"fullsizerender-25\" width=\"1024\" height=\"768\" srcset=\"https:\/\/www.journaldunpigeonvoyageur.com\/blog\/wp-content\/uploads\/2016\/12\/FullSizeRender-25-1024x768.jpg 1024w, https:\/\/www.journaldunpigeonvoyageur.com\/blog\/wp-content\/uploads\/2016\/12\/FullSizeRender-25-300x225.jpg 300w, https:\/\/www.journaldunpigeonvoyageur.com\/blog\/wp-content\/uploads\/2016\/12\/FullSizeRender-25-768x576.jpg 768w, https:\/\/www.journaldunpigeonvoyageur.com\/blog\/wp-content\/uploads\/2016\/12\/FullSizeRender-25-600x450.jpg 600w, https:\/\/www.journaldunpigeonvoyageur.com\/blog\/wp-content\/uploads\/2016\/12\/FullSizeRender-25.jpg 2000w\" sizes=\"auto, (max-width: 1024px) 100vw, 1024px\" \/><\/p>\n<p style=\"text-align: center;\"><span style=\"color: #808080;\"><em>Wax dans la boutique Manatex \u00e0 Lom\u00e9<\/em><\/span><\/p>\n<p style=\"text-align: center;\"><span style=\"font-family: arial, helvetica, sans-serif; font-size: 14pt; color: #000000;\">Pour\u00a0plonger dans l&rsquo;univers d&rsquo;une <strong>Nana Benz togolaise<\/strong> et s&rsquo;\u00e9merveiller, notamment, devant\u00a0les <strong>pagnes wax<\/strong> dont regorge la boutique.<\/span><\/p>\n<p style=\"text-align: center;\"><span style=\"color: #000000;\">\u00a0<\/span><\/p>\n<p style=\"text-align: center;\"><strong><span style=\"color: #000000;\"><span style=\"font-size: 14pt;\"><span style=\"font-family: 'arial black', sans-serif;\">1.<\/span>\u00a0<\/span><span style=\"font-size: 14pt;\">\u00a0<\/span><a style=\"color: #000000;\" href=\"https:\/\/www.journaldunpigeonvoyageur.com\/blog\/2016\/12\/18\/art-42-voyage-au-coeur-de-linedit-musee-parisien-dedie-au-streetart\/\"><span style=\"font-size: 14pt;\">ART 42, VOYAGE AU C\u0152UR DE L&rsquo;<\/span><span style=\"font-size: 18.6667px;\">IN\u00c9DIT\u00a0<\/span><span style=\"font-family: 'arial black', sans-serif;\"><span style=\"font-size: 18.6667px;\">MUS\u00c9E<\/span><span style=\"font-size: 14pt;\">\u00a0PARISIEN <\/span><\/span><span style=\"font-size: 18.6667px;\">D\u00c9DI\u00c9<\/span><span style=\"font-size: 14pt;\">\u00a0AU STREETART<\/span><\/a><\/span><\/strong><\/p>\n<p style=\"text-align: center;\"><img loading=\"lazy\" decoding=\"async\" class=\"alignnone wp-image-19193 size-large\" src=\"https:\/\/www.journaldunpigeonvoyageur.com\/blog\/wp-content\/uploads\/2016\/12\/47-1-768x1024.jpg\" alt=\"\" width=\"768\" height=\"1024\" srcset=\"https:\/\/www.journaldunpigeonvoyageur.com\/blog\/wp-content\/uploads\/2016\/12\/47-1-768x1024.jpg 768w, https:\/\/www.journaldunpigeonvoyageur.com\/blog\/wp-content\/uploads\/2016\/12\/47-1-225x300.jpg 225w, https:\/\/www.journaldunpigeonvoyageur.com\/blog\/wp-content\/uploads\/2016\/12\/47-1-600x800.jpg 600w, https:\/\/www.journaldunpigeonvoyageur.com\/blog\/wp-content\/uploads\/2016\/12\/47-1.jpg 1224w\" sizes=\"auto, (max-width: 768px) 100vw, 768px\" \/><\/p>\n<p style=\"text-align: center;\"><span style=\"color: #808080;\"><em>Brusk, Crayon<\/em><\/span><\/p>\n<p style=\"text-align: center;\"><span style=\"font-family: arial, helvetica, sans-serif; font-size: 14pt; color: #000000;\">Pour d\u00e9couvrir autrement le <strong>StreetArt<\/strong> dans un lieu atypique \u00e0 Paris.<\/span><\/p>\n<p style=\"text-align: center;\">\u00a0<\/p>\n","protected":false},"excerpt":{"rendered":"<p>\u00a0 Illustration d&rsquo;Araki Koman pour le Journal d&rsquo;un Pigeon Voyageur Seulement quelques heures nous s\u00e9parent d\u00e9sormais de la nouvelle ann\u00e9e pour laquelle je vous souhaite mes v\u0153ux les meilleurs. \u00a0 De sant\u00e9 avant tout, de prosp\u00e9rit\u00e9 ensuite et de r\u00e9alisations, enfin, de vos d\u00e9sirs les&#8230;<\/p>\n","protected":false},"author":2,"featured_media":19191,"comment_status":"open","ping_status":"closed","sticky":false,"template":"","format":"standard","meta":{"slim_seo":{"title":"2016, VOS 20 ARTICLES COUP DE C\u0152UR SUR LE JOURNAL D'UN PIGEON VOYAGEUR - Journal d&#039;un Pigeon Voyageur","description":"\u00a0 Illustration d' Araki Koman pour le Journal d'un Pigeon Voyageur Seulement quelques heures nous s\u00e9parent d\u00e9sormais de la nouvelle ann\u00e9e pour laquelle je vous"},"footnotes":""},"categories":[12,46,2,53,36,105,38,42,39,3,15,4,49,18,111,7,14,56,37,106,65,26,107,16,8,57,21,33,1,61],"tags":[185,145,188,144,210,147,214,118,344,141,201,130,346,146,136],"class_list":["post-19092","post","type-post","status-publish","format-standard","has-post-thumbnail","hentry","category-afrique","category-allemagne","category-art","category-belgique","category-benin","category-bruxelles","category-edifices-religieux","category-egypte","category-espagne","category-europe","category-france","category-gastronomie","category-ghana","category-histoire","category-ile-vos-envies","category-ile","category-interviews-vie-du-blog-concours","category-la-reunion","category-le-jpv-autrement","category-lisbonne","category-memoriaux","category-nature","category-paris","category-paroles-damoureux-du-voyage","category-patrimoine-de-lunesco","category-pays-bas","category-portugal","category-togo","category-tous","category-turquie","tag-art","tag-art-contemporain","tag-bilan-jpv","tag-classement-jpv","tag-devoir-de-memoire","tag-exposition","tag-fashion","tag-gastronomie","tag-iles","tag-lome","tag-lonely-planet","tag-nana-benz","tag-paroles-damoureux-du-voyage","tag-photographies","tag-sites-classes-au-patrimoine-de-lunesco"],"_links":{"self":[{"href":"https:\/\/www.journaldunpigeonvoyageur.com\/blog\/wp-json\/wp\/v2\/posts\/19092","targetHints":{"allow":["GET"]}}],"collection":[{"href":"https:\/\/www.journaldunpigeonvoyageur.com\/blog\/wp-json\/wp\/v2\/posts"}],"about":[{"href":"https:\/\/www.journaldunpigeonvoyageur.com\/blog\/wp-json\/wp\/v2\/types\/post"}],"author":[{"embeddable":true,"href":"https:\/\/www.journaldunpigeonvoyageur.com\/blog\/wp-json\/wp\/v2\/users\/2"}],"replies":[{"embeddable":true,"href":"https:\/\/www.journaldunpigeonvoyageur.com\/blog\/wp-json\/wp\/v2\/comments?post=19092"}],"version-history":[{"count":13,"href":"https:\/\/www.journaldunpigeonvoyageur.com\/blog\/wp-json\/wp\/v2\/posts\/19092\/revisions"}],"predecessor-version":[{"id":44869,"href":"https:\/\/www.journaldunpigeonvoyageur.com\/blog\/wp-json\/wp\/v2\/posts\/19092\/revisions\/44869"}],"wp:featuredmedia":[{"embeddable":true,"href":"https:\/\/www.journaldunpigeonvoyageur.com\/blog\/wp-json\/wp\/v2\/media\/19191"}],"wp:attachment":[{"href":"https:\/\/www.journaldunpigeonvoyageur.com\/blog\/wp-json\/wp\/v2\/media?parent=19092"}],"wp:term":[{"taxonomy":"category","embeddable":true,"href":"https:\/\/www.journaldunpigeonvoyageur.com\/blog\/wp-json\/wp\/v2\/categories?post=19092"},{"taxonomy":"post_tag","embeddable":true,"href":"https:\/\/www.journaldunpigeonvoyageur.com\/blog\/wp-json\/wp\/v2\/tags?post=19092"}],"curies":[{"name":"wp","href":"https:\/\/api.w.org\/{rel}","templated":true}]}}