{"id":18424,"date":"2016-11-28T15:53:23","date_gmt":"2016-11-28T14:53:23","guid":{"rendered":"https:\/\/journaldunpigeonvoyageur.com\/blog\/?p=18424"},"modified":"2019-09-17T10:43:24","modified_gmt":"2019-09-17T09:43:24","slug":"lerotisme-nouvelle-tendance-du-streetart-a-bruxelles","status":"publish","type":"post","link":"https:\/\/www.journaldunpigeonvoyageur.com\/blog\/2016\/11\/28\/lerotisme-nouvelle-tendance-du-streetart-a-bruxelles\/","title":{"rendered":"L\u2019\u00c9ROTISME, NOUVELLE TENDANCE DU STREETART A BRUXELLES ?"},"content":{"rendered":"<p><span style=\"color: #0000ff;\"><em>\u00a0<\/em><\/span><\/p>\n<p style=\"text-align: center;\"><img loading=\"lazy\" decoding=\"async\" class=\"alignnone wp-image-18666 size-large\" src=\"https:\/\/www.journaldunpigeonvoyageur.com\/blog\/wp-content\/uploads\/2016\/11\/FullSizeRender-100-1024x768.jpg\" alt=\"\" width=\"1024\" height=\"768\" srcset=\"https:\/\/www.journaldunpigeonvoyageur.com\/blog\/wp-content\/uploads\/2016\/11\/FullSizeRender-100-1024x768.jpg 1024w, https:\/\/www.journaldunpigeonvoyageur.com\/blog\/wp-content\/uploads\/2016\/11\/FullSizeRender-100-300x225.jpg 300w, https:\/\/www.journaldunpigeonvoyageur.com\/blog\/wp-content\/uploads\/2016\/11\/FullSizeRender-100-768x576.jpg 768w, https:\/\/www.journaldunpigeonvoyageur.com\/blog\/wp-content\/uploads\/2016\/11\/FullSizeRender-100-600x450.jpg 600w, https:\/\/www.journaldunpigeonvoyageur.com\/blog\/wp-content\/uploads\/2016\/11\/FullSizeRender-100.jpg 2000w\" sizes=\"auto, (max-width: 1024px) 100vw, 1024px\" \/><\/p>\n<p style=\"text-align: center;\"><span style=\"font-size: 12pt;\"><em><span style=\"font-family: arial, helvetica, sans-serif;\">Femme se masturbant, oeuvre de Bonom, Place St\u00e9phanie, Bruxelles<\/span><\/em><\/span><\/p>\n<p style=\"text-align: center;\">\u00a0<\/p>\n<p style=\"text-align: center;\"><span style=\"font-family: arial, helvetica, sans-serif; font-size: 14pt; color: #000000;\">\u00a0De sa naissance ill\u00e9gale, \u00e0 New York, au d\u00e9but des ann\u00e9es 70 \u00a0\u00e0 sa\u00a0cons\u00e9cration actuelle dans les plus grandes villes du monde, l&rsquo;histoire du <strong>Streetart<\/strong>, ce transgressif mouvement artistique ayant <strong>choisi<\/strong> \u00e0 dessein l&rsquo;espace public et plus particuli\u00e8rement la <strong>rue \u00a0comme terrain d&rsquo;expression<\/strong>, est, sans conteste,\u00a0 celle d&rsquo;une revanche. <br \/>\n<\/span><\/p>\n<p style=\"text-align: center;\"><span style=\"color: #000000;\">\u00a0<\/span><\/p>\n<p style=\"text-align: center;\"><span style=\"font-family: arial,helvetica,sans-serif; font-size: 14pt; color: #000000;\">Car avant d&rsquo;acqu\u00e9rir les lettres de noblesse qui sont d\u00e9sormais \u00a0les siennes et se voir, de facto, \u00a0conf\u00e9rer le statut de nouvelle forme d&rsquo;Art contemporain m\u00e9ritant d&rsquo;\u00eatre expos\u00e9e dans les plus c\u00e9l\u00e8bres galeries et mus\u00e9es, <strong>\u00a0l&rsquo;art urbain<\/strong>\u00a0fut, pendant longtemps,\u00a0largement d\u00e9cri\u00e9. <\/span><\/p>\n<p style=\"text-align: center;\">\u00a0<\/p>\n<p style=\"text-align: center;\"><span style=\"font-family: arial,helvetica,sans-serif; font-size: 14pt; color: #000000;\">Une \u00e8re, bien heureusement, d\u00e9sormais r\u00e9volue.<\/span><\/p>\n<p style=\"text-align: center;\">\u00a0<\/p>\n<p style=\"text-align: center;\"><span style=\"font-family: arial,helvetica,sans-serif; font-size: 14pt; color: #000000;\"> En t\u00e9moignent l&rsquo;exceptionnelle c\u00f4te de quelques uns de ses plus dignes\u00a0repr\u00e9sentants, \u00e0 l&rsquo;instar, notamment, de <strong>Keith Haring, Jean-Michel Basquiat, Jef A\u00e9rosol, Momo, \u00a0Banksy, Shepard Fairey, JR, <\/strong>\u00a0<strong><a href=\"https:\/\/www.journaldunpigeonvoyageur.com\/blog\/tag\/swoon\/\">Swoon<\/a><\/strong>\u00a0ou encore <strong>Bonom<\/strong>, sur le march\u00e9 international de l&rsquo;Art outre la multiplication \u00a0des r\u00e9trospectives qui lui sont consacr\u00e9es.<\/span><\/p>\n<p style=\"text-align: center;\">\u00a0<\/p>\n<p style=\"text-align: center;\"><span style=\"font-family: arial,helvetica,sans-serif; font-size: 14pt; color: #000000;\">A ce propos ( j&rsquo;ouvre une petite parenth\u00e8se), \u00a0<\/span><span style=\"font-family: arial,helvetica,sans-serif; font-size: 14pt; color: #000000;\">aviez vous, l&rsquo;an dernier, visit\u00e9 <strong>l&rsquo;exposition Pressionisme<\/strong> qui se tenait \u00e0 la <strong>Pinacoth\u00e8que<\/strong> parisienne (magnifique antre culturelle dont je d\u00e9plore dor\u00e9navant \u00a0la fermeture)? <\/span><\/p>\n<p style=\"text-align: center;\">\u00a0<\/p>\n<p style=\"text-align: center;\"><span style=\"font-family: arial,helvetica,sans-serif; font-size: 14pt; color: #000000;\">Mettant, superbement, en lumi\u00e8re les <strong>graffitis sur toile<\/strong>,\u00a0<\/span><span style=\"font-family: arial,helvetica,sans-serif; font-size: 14pt; color: #000000;\"> l&rsquo;une des multiples sous-cultures\u00a0de l&rsquo;art urbain, l&rsquo;engouement monstre qu&rsquo;elle suscita alors aupr\u00e8s du grand public, dont je fis partie, explique qu&rsquo; elle ait, \u00e0 raison, \u00e9t\u00e9 prolong\u00e9e.<\/span><\/p>\n<p>&nbsp;<\/p>\n<p style=\"text-align: center;\"><span style=\"font-family: arial,helvetica,sans-serif; font-size: 14pt; color: #000000;\">Si vous me suivez assid\u00fbment, ici ou sur \u00a0les r\u00e9seaux sociaux du blog, ma\u00a0sensibilit\u00e9 pour tout ce qui a trait aux <strong>murs peints, fresques, collages, affiches, tags et graffitis<\/strong> ne vous aura certainement\u00a0pas \u00a0\u00e9chapp\u00e9e.<\/span><\/p>\n<p style=\"text-align: center;\">\u00a0<\/p>\n<p style=\"text-align: center;\"><span style=\"font-family: arial,helvetica,sans-serif; font-size: 14pt; color: #000000;\">Car les itin\u00e9raires de plusieurs de mes \u00e9chapp\u00e9es touristiques ont clairement \u00e9t\u00e9 influenc\u00e9s par l&rsquo; int\u00e9r\u00eat que je nourris pour ces <strong>\u0153uvres<\/strong>, anonymes ou non, <strong>\u00e9ph\u00e9m\u00e8res<\/strong>.<br \/>\n<\/span><\/p>\n<p style=\"text-align: center;\">\u00a0<\/p>\n<p style=\"text-align: center;\"><span style=\"font-family: arial,helvetica,sans-serif; font-size: 14pt; color: #000000;\">\u00a0 <a style=\"color: #000000;\" href=\"https:\/\/www.journaldunpigeonvoyageur.com\/blog\/2015\/06\/03\/islande-terre-de-culture-d-architecture-d-art-et-de-design\/\">Reykjavik<\/a>, <a style=\"color: #000000;\" href=\"https:\/\/www.journaldunpigeonvoyageur.com\/blog\/?s=lisbonne\">\u00a0Lisbonne<\/a>, \u00a0<a style=\"color: #000000;\" href=\"https:\/\/www.journaldunpigeonvoyageur.com\/blog\/2015\/05\/28\/decouvrir-l-essentiel-de-porto-en-12-points\/\">Porto<\/a>,\u00a0 <a style=\"color: #000000;\" href=\"https:\/\/www.journaldunpigeonvoyageur.com\/blog\/2017\/03\/21\/11-murs-peints-a-ne-pas-manquer-a-lyon\/\">Lyon<\/a>\u00a0mais surtout <a style=\"color: #000000;\" href=\"https:\/\/www.journaldunpigeonvoyageur.com\/blog\/?s=bruxelles\">Bruxelles<\/a>.<\/span><\/p>\n<p style=\"text-align: center;\">\u00a0<\/p>\n<p style=\"text-align: center;\"><span style=\"font-family: arial,helvetica,sans-serif; font-size: 14pt; color: #000000;\">Indiscutablement marqu\u00e9e du sceau du <strong>Neuvi\u00e8me Art<\/strong>, la capitale belge peut, en effet, se targuer d&rsquo;\u00eatre devenue une bouillonnante\u00a0sc\u00e8ne europ\u00e9enne du streetart :<\/span><\/p>\n<p style=\"text-align: center;\">\u00a0<\/p>\n<p style=\"text-align: center;\"><span style=\"font-family: arial,helvetica,sans-serif; font-size: 14pt; color: #000000;\">Les projets artistiques, tels <strong><a style=\"color: #000000;\" href=\"https:\/\/www.journaldunpigeonvoyageur.com\/blog\/2016\/07\/26\/parce-que-bruxelles-vaut-bien-une-4-eme-visite\/\">Interfaces<\/a>\u00a0<\/strong>d&rsquo;<strong>Urbana Project<\/strong>, foisonnent un peu partout dans la ville, des galeries se sont sp\u00e9cialis\u00e9es dans l&rsquo;exposition d\u2019\u0153uvres relevant du street art et le <strong><a style=\"color: #000000;\" href=\"https:\/\/www.journaldunpigeonvoyageur.com\/blog\/2016\/07\/21\/bruxelles-nouvelle-scene-dun-art-contemporain-sortant-des-sentiers-battus\/\">MIMA<\/a><\/strong>, un in\u00e9dit mus\u00e9e ayant vu le jour au printemps 2016, s&rsquo;attache m\u00eame \u00e0 faire d\u00e9couvrir plusieurs pans de cette riche culture urbaine \u00e0 ses visiteurs.<\/span><\/p>\n<p style=\"text-align: center;\">\u00a0<\/p>\n<p style=\"text-align: center;\"><span style=\"font-family: arial,helvetica,sans-serif; font-size: 14pt; color: #000000;\"> D&rsquo;ailleurs,<\/span><span style=\"font-family: arial,helvetica,sans-serif; font-size: 14pt; color: #000000;\">\u00a0c&rsquo;est en explorant <strong><a style=\"color: #000000;\" href=\"https:\/\/www.journaldunpigeonvoyageur.com\/blog\/2016\/07\/21\/bruxelles-nouvelle-scene-dun-art-contemporain-sortant-des-sentiers-battus\/\">City Break<\/a><\/strong>\u00a0<\/span><span style=\"font-family: arial, helvetica, sans-serif; font-size: 14pt; color: #000000;\">, la premi\u00e8re exposition temporaire (elle aussi prolong\u00e9e, au vu de son succ\u00e8s, jusqu&rsquo;au 31 d\u00e9cembre 2016) du MIMA d\u00e9di\u00e9e au \u00a0travail de 5 sommit\u00e9s de ce monde artistique, que j&rsquo;ai pu, entre autre, admirer les magnifiques<strong>\u00a0\u0153uvres\u00a0, in situ<\/strong>, de l&rsquo;incontournable<strong>\u00a0\u00a0<a href=\"https:\/\/www.journaldunpigeonvoyageur.com\/blog\/tag\/swoon\/\">Swoon<\/a><\/strong>.<\/span><\/p>\n<p style=\"text-align: center;\">\u00a0<\/p>\n<p style=\"text-align: center;\"><span style=\"font-family: arial, helvetica, sans-serif; font-size: 14pt; color: #000000;\">Mais \u00e0 Bruxelles, Street Art rime, de toute \u00e9vidence et en premier lieu, avec <strong>fresques<\/strong>.<\/span><\/p>\n<p style=\"text-align: center;\">\u00a0<\/p>\n<p style=\"text-align: center;\"><span style=\"font-family: arial, helvetica, sans-serif; font-size: 14pt; color: #000000;\"> Habillant indistinctement fa\u00e7ades, toits ou murs, celles ci se d\u00e9couvrent aussi bien en d\u00e9ambulant,\u00a0<a style=\"color: #000000;\" href=\"https:\/\/www.journaldunpigeonvoyageur.com\/blog\/2015\/04\/19\/pourquoi-bruxelles-m-a-seduite\/\">seul<\/a>\u00a0, dans la capitale, qu&rsquo;en participant au\u00a0parcours th\u00e9matique imagin\u00e9, \u00e0 ce titre, par\u00a0<\/span><span style=\"font-family: arial, helvetica, sans-serif; font-size: 14pt; color: #000000;\">l&rsquo;Office du Tourisme de Bruxelles. <\/span><\/p>\n<p style=\"text-align: center;\">\u00a0<\/p>\n<p style=\"text-align: center;\"><span style=\"font-family: arial, helvetica, sans-serif; font-size: 14pt; color: #000000;\">Mais saviez vous que, loin d&rsquo;uniquement renvoyer \u00e0 l&rsquo;univers de la Bande Dessin\u00e9e ou \u00e0 des repr\u00e9sentations, \u00e0 tout le moins, plus polic\u00e9es, certaines de ces <strong>fresques\u00a0sont explicitement \u00e9rotiques<\/strong> ?<\/span><\/p>\n<p style=\"text-align: center;\">\u00a0<\/p>\n<p style=\"text-align: center;\"><span style=\"font-family: arial, helvetica, sans-serif; font-size: 14pt; color: #000000;\"> Voici les 4\u00a0que j&rsquo;ai, pour ma part, d\u00e9couvertes\u00a0lors de ma derni\u00e8re escapade belge.<\/span><\/p>\n<p style=\"text-align: center;\">\u00a0<\/p>\n<p style=\"text-align: center;\"><span style=\"font-family: arial, helvetica, sans-serif; font-size: 14pt; color: #000000;\">Dessin\u00e9es, en 2013, \u00a0par le fran\u00e7ais <strong>Vincent Glowinski<\/strong>, plus connu sous son pseudonyme d&rsquo;artiste <strong>Bonom<\/strong>, deux desdites fresques\u00a0\u00e0 connotation sexuelle sont les premi\u00e8res \u00e0 \u00eatre apparues, tr\u00e8s en hauteur (impossible donc de les voir sans lever la t\u00eate), sur les fa\u00e7ades de Bruxelles.\u00a0<\/span>\u00a0<\/p>\n<p style=\"text-align: center;\">\u00a0<\/p>\n<p style=\"text-align: center;\"><span style=\"font-family: arial, helvetica, sans-serif; font-size: 14pt; color: #000000;\">Ainsi, \u00e0 quelques pas de la <strong>Porte de Hal<\/strong>, l&rsquo;artiste a repr\u00e9sent\u00e9 un <strong>homme \u00e2g\u00e9 nu<\/strong>, debout et cachant ses parties intimes.<\/span><\/p>\n<p style=\"text-align: center;\">\u00a0<\/p>\n<p style=\"text-align: center;\"><img loading=\"lazy\" decoding=\"async\" class=\"alignnone wp-image-18662 size-large\" src=\"https:\/\/www.journaldunpigeonvoyageur.com\/blog\/wp-content\/uploads\/2016\/11\/FullSizeRender-95-1-768x1024.jpg\" alt=\"\" width=\"768\" height=\"1024\" srcset=\"https:\/\/www.journaldunpigeonvoyageur.com\/blog\/wp-content\/uploads\/2016\/11\/FullSizeRender-95-1-768x1024.jpg 768w, https:\/\/www.journaldunpigeonvoyageur.com\/blog\/wp-content\/uploads\/2016\/11\/FullSizeRender-95-1-225x300.jpg 225w, https:\/\/www.journaldunpigeonvoyageur.com\/blog\/wp-content\/uploads\/2016\/11\/FullSizeRender-95-1-600x800.jpg 600w, https:\/\/www.journaldunpigeonvoyageur.com\/blog\/wp-content\/uploads\/2016\/11\/FullSizeRender-95-1.jpg 1500w\" sizes=\"auto, (max-width: 768px) 100vw, 768px\" \/><\/p>\n<p style=\"text-align: center;\">\u00a0<\/p>\n<p style=\"text-align: center;\"><span style=\"font-family: arial, helvetica, sans-serif; font-size: 14pt; color: #000000;\">Pour ma part, j&rsquo;ai davantage \u00e9t\u00e9 interpell\u00e9e par la vision squelettique de ce personnage \u00a0aux c\u00f4tes largement apparentes que par sa nudit\u00e9.<\/span><\/p>\n<p style=\"text-align: center;\">\u00a0<\/p>\n<p style=\"text-align: center;\"><span style=\"font-family: arial, helvetica, sans-serif; font-size: 14pt; color: #000000;\">A contrario, <strong>place St\u00e9phanie<\/strong>, aux abords de l&rsquo;avenue Louise, impossible de ne pas dresser un parall\u00e8le entre la r\u00e9aliste\u00a0<strong>fresque d&rsquo;une femme nue se masturbant<\/strong>, r\u00e9alis\u00e9e par Bonom, et <strong>L&rsquo;Origine du Monde<\/strong>, \u00a0tableau du peintre <strong>Gustave Courbet<\/strong> qui\u00a0avait, en son temps, suscit\u00e9 une immense controverse. \u00a0<\/span><\/p>\n<p style=\"text-align: center;\">\u00a0<\/p>\n<p style=\"text-align: center;\"><img loading=\"lazy\" decoding=\"async\" class=\"alignnone wp-image-18664 size-large\" src=\"https:\/\/www.journaldunpigeonvoyageur.com\/blog\/wp-content\/uploads\/2016\/11\/FullSizeRender-98-1-1024x768.jpg\" alt=\"fullsizerender-98-1\" width=\"1024\" height=\"768\" srcset=\"https:\/\/www.journaldunpigeonvoyageur.com\/blog\/wp-content\/uploads\/2016\/11\/FullSizeRender-98-1-1024x768.jpg 1024w, https:\/\/www.journaldunpigeonvoyageur.com\/blog\/wp-content\/uploads\/2016\/11\/FullSizeRender-98-1-300x225.jpg 300w, https:\/\/www.journaldunpigeonvoyageur.com\/blog\/wp-content\/uploads\/2016\/11\/FullSizeRender-98-1-768x576.jpg 768w, https:\/\/www.journaldunpigeonvoyageur.com\/blog\/wp-content\/uploads\/2016\/11\/FullSizeRender-98-1-600x450.jpg 600w, https:\/\/www.journaldunpigeonvoyageur.com\/blog\/wp-content\/uploads\/2016\/11\/FullSizeRender-98-1.jpg 2000w\" sizes=\"auto, (max-width: 1024px) 100vw, 1024px\" \/><\/p>\n<p style=\"text-align: center;\">\u00a0<\/p>\n<p style=\"text-align: center;\"><span style=\"font-family: arial, helvetica, sans-serif; font-size: 14pt; color: #000000;\">Si le public bruxellois semble s&rsquo;\u00eatre accommod\u00e9 de ces\u00a0repr\u00e9sentations artistiques os\u00e9es, \u00a0l&rsquo;apparition, il y a deux mois, de \u00a0nouvelles \u0153uvres\u00a0\u00e9rotiques a toutefois\u00a0relanc\u00e9 le d\u00e9bat sur \u00a0la censure, fond\u00e9es sur\u00a0 des consid\u00e9rations morales, dans l&rsquo;Art.<\/span><\/p>\n<p style=\"text-align: center;\">\u00a0<\/p>\n<p style=\"text-align: center;\"><span style=\"font-family: arial, helvetica, sans-serif; font-size: 14pt; color: #000000;\">Il n&rsquo;en fallait pas plus pour m&rsquo;inciter \u00e0\u00a0aller d\u00e9couvrir ces 2 derni\u00e8res fresques qui, pour l&rsquo;heure, demeurent <strong>anonymes<\/strong>.<\/span><\/p>\n<p style=\"text-align: center;\">\u00a0<\/p>\n<p style=\"text-align: center;\"><span style=\"font-family: arial, helvetica, sans-serif; font-size: 14pt; color: #000000;\"> En effet, \u00a0l&rsquo;artiste Bonom, qui, dans un premier temps, s&rsquo; \u00e9tait vu attribuer leur paternit\u00e9, a formellement d\u00e9menti en \u00eatre l&rsquo;auteur. \u00a0<\/span><\/p>\n<p style=\"text-align: center;\">\u00a0<\/p>\n<p style=\"text-align: center;\"><span style=\"font-family: arial, helvetica, sans-serif; font-size: 14pt; color: #000000;\">Alors quid de ces fresques qui suscitent autant la pol\u00e9mique ?<\/span><\/p>\n<p style=\"text-align: center;\">\u00a0<\/p>\n<p style=\"text-align: center;\"><span style=\"font-family: arial, helvetica, sans-serif; font-size: 14pt; color: #000000;\">Il y &lsquo;a tout d&rsquo;abord<strong> l&rsquo;acte de p\u00e9n\u00e9tration<\/strong> qui s&rsquo;offre au regard des passants <strong>rue des Poissonniers.<\/strong><\/span><\/p>\n<p style=\"text-align: center;\">\u00a0<\/p>\n<p style=\"text-align: center;\"><span style=\"font-family: arial, helvetica, sans-serif; font-size: 14pt; color: #0000ff;\"><img loading=\"lazy\" decoding=\"async\" class=\"alignnone wp-image-18660 size-large\" src=\"https:\/\/www.journaldunpigeonvoyageur.com\/blog\/wp-content\/uploads\/2016\/11\/FullSizeRender-93-2-768x1024.jpg\" alt=\"\" width=\"768\" height=\"1024\" srcset=\"https:\/\/www.journaldunpigeonvoyageur.com\/blog\/wp-content\/uploads\/2016\/11\/FullSizeRender-93-2-768x1024.jpg 768w, https:\/\/www.journaldunpigeonvoyageur.com\/blog\/wp-content\/uploads\/2016\/11\/FullSizeRender-93-2-225x300.jpg 225w, https:\/\/www.journaldunpigeonvoyageur.com\/blog\/wp-content\/uploads\/2016\/11\/FullSizeRender-93-2-600x800.jpg 600w, https:\/\/www.journaldunpigeonvoyageur.com\/blog\/wp-content\/uploads\/2016\/11\/FullSizeRender-93-2.jpg 1224w\" sizes=\"auto, (max-width: 768px) 100vw, 768px\" \/><\/span><\/p>\n<p>&nbsp;<\/p>\n<p style=\"text-align: center;\">\u00a0<\/p>\n<p style=\"text-align: center;\"><span style=\"font-family: arial, helvetica, sans-serif; font-size: 14pt; color: #000000;\">Puis et\u00a0surtout, le g\u00e9ant <strong>phallus, au repos, \u00a0de\u00a0la barri\u00e8re \u00a0Saint Gilles<\/strong> autour duquel toute la controverse s&rsquo;est d\u00e9sormais cristallis\u00e9e.<\/span><\/p>\n<p style=\"text-align: center;\">\u00a0<\/p>\n<p style=\"text-align: center;\"><img loading=\"lazy\" decoding=\"async\" class=\"alignnone wp-image-18665 size-large\" src=\"https:\/\/www.journaldunpigeonvoyageur.com\/blog\/wp-content\/uploads\/2016\/11\/FullSizeRender-99-1-1024x768.jpg\" alt=\"\" width=\"1024\" height=\"768\" srcset=\"https:\/\/www.journaldunpigeonvoyageur.com\/blog\/wp-content\/uploads\/2016\/11\/FullSizeRender-99-1-1024x768.jpg 1024w, https:\/\/www.journaldunpigeonvoyageur.com\/blog\/wp-content\/uploads\/2016\/11\/FullSizeRender-99-1-300x225.jpg 300w, https:\/\/www.journaldunpigeonvoyageur.com\/blog\/wp-content\/uploads\/2016\/11\/FullSizeRender-99-1-768x576.jpg 768w, https:\/\/www.journaldunpigeonvoyageur.com\/blog\/wp-content\/uploads\/2016\/11\/FullSizeRender-99-1-600x450.jpg 600w, https:\/\/www.journaldunpigeonvoyageur.com\/blog\/wp-content\/uploads\/2016\/11\/FullSizeRender-99-1.jpg 2000w\" sizes=\"auto, (max-width: 1024px) 100vw, 1024px\" \/><\/p>\n<p style=\"text-align: center;\">\u00a0<\/p>\n<p style=\"text-align: center;\"><span style=\"font-family: arial, helvetica, sans-serif; font-size: 14pt; color: #000000;\">\u00a0Jug\u00e9 \u00a0obsc\u00e8ne par le coll\u00e8ge communal du quartier o\u00f9 il a \u00e9t\u00e9 r\u00e9alis\u00e9, ce p\u00e9nis sera, bient\u00f4t, effac\u00e9 et \u00a0remplac\u00e9 par une \u0153uvre, plus consensuelle, d&rsquo;art urbain.<\/span><\/p>\n<p style=\"text-align: center;\">\u00a0<\/p>\n<p style=\"text-align: center;\"><span style=\"font-family: arial, helvetica, sans-serif; font-size: 14pt; color: #000000;\"> Au grand dam n\u00e9anmoins de la municipalit\u00e9\u00a0de Bruxelles qui, au nom de la libert\u00e9 artistique, s&rsquo;opposait \u00e0 un tel choix. <\/span><\/p>\n<p style=\"text-align: center;\">\u00a0<\/p>\n<p style=\"text-align: center;\"><span style=\"font-family: arial, helvetica, sans-serif; font-size: 14pt; color: #000000;\">Anecdotique, de prime abord, cette controverse \u00ab\u00a0du p\u00e9nis de Saint Gilles\u00a0\u00bb, pose, pourtant et encore une fois, la question de la censure artistique\u00a0en 2016.<\/span><\/p>\n<p style=\"text-align: center;\">\u00a0<\/p>\n<p style=\"text-align: center;\"><span style=\"font-family: arial, helvetica, sans-serif; font-size: 14pt; color: #000000;\">\u00a0L&rsquo;Art peut il tout se permettre ou certaines limites doivent elles lui \u00eatre impos\u00e9es ?\u00a0<\/span><\/p>\n<p style=\"text-align: center;\">\u00a0<\/p>\n<p style=\"text-align: center;\"><span style=\"font-family: arial,helvetica,sans-serif; font-size: 14pt;\"><span style=\"color: #000000;\"> Une probl\u00e9matique qui n&rsquo;est pas sans rappeler, cot\u00e9 fran\u00e7ais, les pol\u00e9miques autour de <strong>Tree<\/strong>, l&rsquo;oeuvre de <strong>Paul Maccarthy<\/strong>, install\u00e9e Place Vend\u00f4me, \u00a0que l&rsquo;artiste avait, in fine, d\u00fb d\u00e9monter, \u00e0 l&rsquo;automne 2014, suite au courroux de ceux pour qui elle ne repr\u00e9sentait, ni plus ni moins, qu&rsquo;un vulgaire plug anal.<\/span><\/span><\/p>\n<p style=\"text-align: center;\">\u00a0<\/p>\n<p style=\"text-align: center;\"><span style=\"font-family: arial,helvetica,sans-serif; font-size: 14pt;\"><span style=\"color: #000000;\">Ou celles ayant pris pour cible <strong><a href=\"https:\/\/www.journaldunpigeonvoyageur.com\/blog\/2015\/06\/14\/quand-l-art-contemporain-investit-a-nouveau-versailles-avec-anish-kapoor\/\">Dirty Corner<\/a><\/strong>, \u00a0\u00e9galement surnomm\u00e9e Vagin de la Reine, r\u00e9alisation\u00a0d&rsquo; <strong>Anish Kapoor<\/strong> visible, durant l&rsquo;\u00e9t\u00e9 2015, dans les jardins du Ch\u00e2teau de Versailles . <\/span><\/span><\/p>\n<p style=\"text-align: center;\">\u00a0<\/p>\n<p style=\"text-align: center;\"><span style=\"font-family: arial,helvetica,sans-serif; font-size: 14pt;\"><span style=\"color: #000000;\">A croire que l&rsquo;alliance Sexe &#8211; Art, semble encore contre-nature pour beaucoup&#8230;<\/span><br \/>\n<\/span><\/p>\n<p style=\"text-align: center;\">\u00a0<\/p>\n<p style=\"text-align: center;\">\u00a0<\/p>\n<p>&nbsp;<\/p>\n<p style=\"text-align: center;\">\u00a0<\/p>\n<p>&nbsp;<\/p>\n<p style=\"text-align: center;\"><span style=\"font-family: arial,helvetica,sans-serif; font-size: 14pt;\">\u00a0\u00a0<\/span><\/p>\n<p style=\"text-align: center;\">\u00a0<\/p>\n<p style=\"text-align: center;\">\u00a0<\/p>\n<p style=\"text-align: center;\">\u00a0<\/p>\n<p style=\"text-align: center;\">\u00a0<\/p>\n<p style=\"text-align: center;\">\u00a0<\/p>\n<p style=\"text-align: center;\">\u00a0<\/p>\n<p style=\"text-align: center;\">\u00a0<\/p>\n<p style=\"text-align: center;\">\u00a0<\/p>\n","protected":false},"excerpt":{"rendered":"<p>\u00a0 Femme se masturbant, oeuvre de Bonom, Place St\u00e9phanie, Bruxelles \u00a0 \u00a0De sa naissance ill\u00e9gale, \u00e0 New York, au d\u00e9but des ann\u00e9es 70 \u00a0\u00e0 sa\u00a0cons\u00e9cration actuelle dans les plus grandes villes du monde, l&rsquo;histoire du Streetart, ce transgressif mouvement artistique ayant choisi \u00e0 dessein l&rsquo;espace&#8230;<\/p>\n","protected":false},"author":2,"featured_media":18666,"comment_status":"open","ping_status":"closed","sticky":false,"template":"","format":"standard","meta":{"slim_seo":{"title":"L\u2019\u00c9ROTISME, NOUVELLE TENDANCE DU STREETART A BRUXELLES ? - Journal d&#039;un Pigeon Voyageur","description":"\u00a0 Femme se masturbant, oeuvre de Bonom, Place St\u00e9phanie, Bruxelles \u00a0 \u00a0De sa naissance ill\u00e9gale, \u00e0 New York, au d\u00e9but des ann\u00e9es 70 \u00a0\u00e0 sa\u00a0cons\u00e9cration actuelle d"},"footnotes":""},"categories":[2,53,105,3,1,22],"tags":[145,474,148,341,475,150,473],"class_list":["post-18424","post","type-post","status-publish","format-standard","has-post-thumbnail","hentry","category-art","category-belgique","category-bruxelles","category-europe","category-tous","category-vos-envies","tag-art-contemporain","tag-banksy","tag-bruxelles","tag-erotisme","tag-shepard-fairey","tag-streetart","tag-swoon"],"_links":{"self":[{"href":"https:\/\/www.journaldunpigeonvoyageur.com\/blog\/wp-json\/wp\/v2\/posts\/18424","targetHints":{"allow":["GET"]}}],"collection":[{"href":"https:\/\/www.journaldunpigeonvoyageur.com\/blog\/wp-json\/wp\/v2\/posts"}],"about":[{"href":"https:\/\/www.journaldunpigeonvoyageur.com\/blog\/wp-json\/wp\/v2\/types\/post"}],"author":[{"embeddable":true,"href":"https:\/\/www.journaldunpigeonvoyageur.com\/blog\/wp-json\/wp\/v2\/users\/2"}],"replies":[{"embeddable":true,"href":"https:\/\/www.journaldunpigeonvoyageur.com\/blog\/wp-json\/wp\/v2\/comments?post=18424"}],"version-history":[{"count":28,"href":"https:\/\/www.journaldunpigeonvoyageur.com\/blog\/wp-json\/wp\/v2\/posts\/18424\/revisions"}],"predecessor-version":[{"id":31904,"href":"https:\/\/www.journaldunpigeonvoyageur.com\/blog\/wp-json\/wp\/v2\/posts\/18424\/revisions\/31904"}],"wp:featuredmedia":[{"embeddable":true,"href":"https:\/\/www.journaldunpigeonvoyageur.com\/blog\/wp-json\/wp\/v2\/media\/18666"}],"wp:attachment":[{"href":"https:\/\/www.journaldunpigeonvoyageur.com\/blog\/wp-json\/wp\/v2\/media?parent=18424"}],"wp:term":[{"taxonomy":"category","embeddable":true,"href":"https:\/\/www.journaldunpigeonvoyageur.com\/blog\/wp-json\/wp\/v2\/categories?post=18424"},{"taxonomy":"post_tag","embeddable":true,"href":"https:\/\/www.journaldunpigeonvoyageur.com\/blog\/wp-json\/wp\/v2\/tags?post=18424"}],"curies":[{"name":"wp","href":"https:\/\/api.w.org\/{rel}","templated":true}]}}