{"id":113,"date":"2015-01-09T20:34:00","date_gmt":"2015-01-09T19:34:00","guid":{"rendered":"https:\/\/journaldunpigeonvoyageur.com\/jpv\/2015\/01\/09\/mise-en-biere-artistique-ou-quand-les-apparences-sont-trompeuses\/"},"modified":"2018-02-14T15:37:19","modified_gmt":"2018-02-14T14:37:19","slug":"mise-en-biere-artistique-ou-quand-les-apparences-sont-trompeuses","status":"publish","type":"post","link":"https:\/\/www.journaldunpigeonvoyageur.com\/blog\/2015\/01\/09\/mise-en-biere-artistique-ou-quand-les-apparences-sont-trompeuses\/","title":{"rendered":"MISE EN BIERE ARTISTIQUE OU QUAND LES APPARENCES SONT TROMPEUSES"},"content":{"rendered":"<div style=\"text-align: center;\">\u00a0<\/div>\n<table class=\" aligncenter\" cellspacing=\"0\" cellpadding=\"0\" align=\"center\">\n<tbody>\n<tr>\n<td><a href=\"http:\/\/2.bp.blogspot.com\/-GV7w9WdBvu4\/VK1Yp1P8akI\/AAAAAAAAgb4\/nclTOKZmDT8\/s1600\/P1080954.JPG\"><img loading=\"lazy\" decoding=\"async\" src=\"http:\/\/2.bp.blogspot.com\/-GV7w9WdBvu4\/VK1Yp1P8akI\/AAAAAAAAgb4\/nclTOKZmDT8\/s1600\/P1080954.JPG\" alt=\"\" width=\"640\" height=\"480\" border=\"0\" \/><\/a><\/td>\n<\/tr>\n<tr>\n<td>Appareil photo nouvelle g\u00e9n\u00e9ration ou pas ?<\/td>\n<\/tr>\n<\/tbody>\n<\/table>\n<div style=\"text-align: center;\">\u00a0<\/div>\n<div style=\"text-align: center;\">\u00a0<\/div>\n<div style=\"text-align: center;\"><span style=\"font-size: 14pt; color: #000000;\">Il y&rsquo; \u00e0 quelques si\u00e8cles, <strong>Benjamin Franklin<\/strong>, l&rsquo;un des P\u00e8res Fondateurs des Etats Unis d&rsquo;Am\u00e9rique, estimait que seules deux choses \u00e9taient certaines dans ce monde :\u00a0 les imp\u00f4ts et la mort.<\/span><\/div>\n<div style=\"text-align: center;\"><span style=\"font-size: 14pt; color: #000000;\">\u00a0<\/span><\/div>\n<div style=\"text-align: center;\"><span style=\"font-size: 14pt; color: #000000;\">Et force est de constater que nous sommes tous \u00e9gaux, jeunes, vieux, riches, bien portants, malades, blancs, noirs, jaunes, devant cette derni\u00e8re que nous redoutons \u00a0et esp\u00e9rons voir arriver le plus tard possible.\u00a0 <\/span><\/div>\n<div style=\"text-align: center;\">\u00a0<\/div>\n<div style=\"text-align: center;\">\u00a0<\/div>\n<div style=\"text-align: center;\"><span style=\"font-size: 14pt; color: #000000;\">\u00a0Pourtant, bien qu&rsquo;ayant conscience de cette v\u00e9rit\u00e9, certaines morts peuvent laisser un go\u00fbt amer, outre un sentiment d&rsquo;incompr\u00e9hension doubl\u00e9 de col\u00e8re ! <\/span><\/div>\n<div style=\"text-align: center;\">\u00a0<\/div>\n<div style=\"text-align: center;\">\u00a0<\/div>\n<div style=\"text-align: center;\"><span style=\"font-size: 14pt; color: #000000;\">A l&rsquo;instar des \u00e9v\u00e9nements tragiques de cette semaine o\u00f9 la Faucheuse a brutalement emport\u00e9\u00a0des hommes.<\/span><\/div>\n<div style=\"text-align: center;\">\u00a0<\/div>\n<div style=\"text-align: center;\">\u00a0<\/div>\n<div style=\"text-align: center;\"><span style=\"font-size: 14pt; color: #000000;\"> Certains qui avaient eu la malchance de se trouver au mauvais endroit au mauvais moment et d&rsquo;autres qui, \u00e0 coup de simples crayons, d\u00e9fendaient une libert\u00e9 fondamentale, intemporelle et universelle de l&rsquo;homme, inscrite notamment \u00a0et pour rappel \u00e0 <strong>l&rsquo;article 11 de la D\u00e9claration fran\u00e7aise des Droits de l&rsquo;Homme et du Citoyen de 1789 et \u00e0 l&rsquo;article 19 de la D\u00e9claration Universelle des Droits de l&rsquo;Homme de 1948. <\/strong><\/span><\/div>\n<div style=\"text-align: center;\">\u00a0<\/div>\n<div style=\"text-align: center;\">\u00a0<\/div>\n<div style=\"text-align: center;\"><span style=\"font-size: 14pt; color: #000000;\"><strong>Celle d&rsquo;expression<\/strong>..<\/span><\/div>\n<div style=\"text-align: center;\">\u00a0<\/div>\n<div style=\"text-align: center;\">\u00a0<\/div>\n<div style=\"text-align: center;\"><span style=\"font-size: 14pt; color: #000000;\">Triste temps que celui de vivre \u00e0 une \u00e9poque o\u00f9 l&rsquo;on peut \u00eatre assassin\u00e9 en d\u00e9fendant une libert\u00e9 si ch\u00e8rement acquise, au prix d&rsquo;\u00e2pres luttes et combats, \u00a0au fil des si\u00e8cles. <\/span><\/div>\n<div style=\"text-align: center;\">\u00a0<\/div>\n<div style=\"text-align: center;\">\u00a0<\/div>\n<div style=\"text-align: center;\"><span style=\"font-size: 14pt; color: #000000;\">Une libert\u00e9 qui est l&rsquo;un des gages d&rsquo;une soci\u00e9t\u00e9 d\u00e9mocratique. <\/span><\/div>\n<div style=\"text-align: center;\">\u00a0<\/div>\n<div style=\"text-align: center;\">\u00a0<\/div>\n<div style=\"text-align: center;\"><span style=\"font-size: 14pt; color: #000000;\">Mais je veux croire que, tel le roseau de Jean de la Fontaine, la libert\u00e9 d&rsquo;expression aura peut \u00eatre pli\u00e9 mais n&rsquo;aura pas rompu.<\/span><\/div>\n<div style=\"text-align: center;\">\u00a0<\/div>\n<div style=\"text-align: center;\">\u00a0<\/div>\n<div style=\"text-align: center;\"><span style=\"font-size: 14pt; color: #000000;\"> Je veux \u00e9galement croire, \u00e0 l&rsquo;instar de l&rsquo;\u00e9crivain fran\u00e7ais Paul Eluard qui en 1943 ( soit durant les heures sombres de l&rsquo;Etat Fran\u00e7ais de Vichy) militait alors pour une po\u00e9sie engag\u00e9e que la libert\u00e9\u00a0d&rsquo;expression, laquelle a ces derniers mois \u00e9t\u00e9 \u00ab\u00a0mise au d\u00e9fi&rsquo;, \u00a0a \u00a0\u00bb cri\u00e9 puis accus\u00e9\u00a0\u00bb \u00a0a, in fine, toujours aujourd&rsquo;hui de quoi \u00ab\u00a0esp\u00e9rer\u00a0\u00bb.<\/span><\/div>\n<div style=\"text-align: center;\">\u00a0<\/div>\n<div style=\"text-align: center;\">\u00a0<\/div>\n<div style=\"text-align: center;\"><span style=\"font-size: 14pt; color: #000000;\"> En r\u00e9digeant ce billet, cette citation de Paul Eluard, tir\u00e9e du recueil \u00a0L&rsquo;Honneur des Po\u00e8tes, \u00ab\u00a0la po\u00e9sie mise au d\u00e9fi, crie, accuse et esp\u00e8re\u00a0\u00bb, que j&rsquo;avais du commenter \u00e0 l&rsquo;aune des Ch\u00e2timents de Victor\u00a0Hugo lors de mon \u00e9preuve de bac fran\u00e7ais en 1\u00e8re L, il y&rsquo;a une quinzaine d&rsquo;ann\u00e9es, m&rsquo;est aussit\u00f4t revenue \u00e0 l&rsquo;esprit. <\/span><\/div>\n<div style=\"text-align: center;\">\u00a0<\/div>\n<div style=\"text-align: center;\">\u00a0<\/div>\n<div style=\"text-align: center;\"><span style=\"font-size: 14pt; color: #000000;\">V\u00e9hiculant un message d&rsquo;esp\u00e9rance, elle m&rsquo;a\u00a0sembl\u00e9e\u00a0\u00e0 propos dans le contexte actuel. <\/span><\/div>\n<div style=\"text-align: center;\">\u00a0<\/div>\n<div style=\"text-align: center;\">\u00a0<\/div>\n<div style=\"text-align: center;\"><span style=\"font-size: 14pt; color: #000000;\">C&rsquo;est pourquoi j&rsquo;ai voulu la\u00a0partager avec vous. &#8230;&#8230;&#8230;&#8230;. <\/span><\/div>\n<div style=\"text-align: center;\">\u00a0<\/div>\n<div style=\"text-align: center;\">\u00a0<\/div>\n<div style=\"text-align: center;\"><span style=\"font-size: 14pt; color: #000000;\">Apr\u00e8s cet apart\u00e9, \u00f4 combien n\u00e9cessaire \u00e0 mon sens, revenons en au sujet de l&rsquo;article qui m&rsquo;occupe . <\/span><\/div>\n<div style=\"text-align: center;\">\u00a0<\/div>\n<div style=\"text-align: center;\">\u00a0<\/div>\n<div style=\"text-align: center;\"><span style=\"font-size: 14pt; color: #000000;\">Si, aujourd&rsquo;hui, \u00e0 tort ou \u00e0 raison, la<strong> mort<\/strong> et l&rsquo;id\u00e9e de voir partir un proche, quand bien m\u00eame celui ci vivrait le martyr et aurait manifest\u00e9 le d\u00e9sir d&rsquo;\u00eatre euthanasi\u00e9 (cf affaire Imbert), fait, dans les soci\u00e9t\u00e9s occidentales, peur, \u00a0il n&rsquo;en a pas toujours \u00e9t\u00e9 ainsi.<\/span><\/div>\n<div style=\"text-align: center;\">\u00a0<\/div>\n<div style=\"text-align: center;\">\u00a0<\/div>\n<div style=\"text-align: center;\"><span style=\"font-size: 14pt; color: #000000;\"> Faisons, en effet, un bond historique dans le temps et remontons \u00e0 l&rsquo;\u00e9poque du philosophe S\u00e9n\u00e8que. <\/span><\/div>\n<div style=\"text-align: center;\">\u00a0<\/div>\n<div style=\"text-align: center;\">\u00a0<\/div>\n<div style=\"text-align: center;\"><span style=\"font-size: 14pt; color: #000000;\">Pour ce sto\u00efcien, il ne fallait pas redouter la mort car c&rsquo;est le seul bien que l&rsquo;on ne pourrait pas regretter d&rsquo; avoir perdu faute d&rsquo;\u00eatre encore l\u00e0 pour nous en rendre compte.<\/span><\/div>\n<div style=\"text-align: center;\">\u00a0<\/div>\n<div style=\"text-align: center;\">\u00a0<\/div>\n<div style=\"text-align: center;\"><span style=\"font-size: 14pt; color: #000000;\">De m\u00eame, pour les bouddhistes, l&rsquo;existence terrestre n&rsquo;est au final que peu de chose car la vie dans l&rsquo;au-\u00a0del\u00e0, calqu\u00e9e sur celle de notre vivant, est, elle, bien plus importante. <\/span><\/div>\n<div style=\"text-align: center;\">\u00a0<\/div>\n<div style=\"text-align: center;\">\u00a0<\/div>\n<div style=\"text-align: center;\"><span style=\"font-size: 14pt; color: #000000;\">In fine et plus pr\u00e8s de nous dans le temps, \u00a0le po\u00e8te Arthur Rimbaud estimait que \u00ab\u00a0la vraie vie est ailleurs\u00a0\u00bb.<\/span><\/div>\n<div style=\"text-align: center;\">\u00a0<\/div>\n<div style=\"text-align: center;\">\u00a0<\/div>\n<div style=\"text-align: center;\"><span style=\"font-size: 14pt; color: #000000;\"> Autant de visions, face \u00e0 l&rsquo;appr\u00e9hension de la mort, auxquelles on peut, ou non, souscrire.<\/span><\/div>\n<div style=\"text-align: center;\">\u00a0<\/div>\n<div style=\"text-align: center;\">\u00a0<\/div>\n<div style=\"text-align: center;\"><span style=\"font-size: 14pt; color: #000000;\"> Toujours est t&rsquo;il que si je vous en parle aujourd&rsquo;hui \u00a0c&rsquo;est \u00e0 raison ! <\/span><\/div>\n<div style=\"text-align: center;\">\u00a0<\/div>\n<div style=\"text-align: center;\">\u00a0<\/div>\n<div style=\"text-align: center;\"><span style=\"font-size: 14pt; color: #000000;\">En effet, il y \u00e0 quelques ann\u00e9es je suis tomb\u00e9e sur un reportage t\u00e9l\u00e9vis\u00e9 consacr\u00e9 aux derni\u00e8res demeures, aka les\u00a0cercueils, de nos d\u00e9funts.<\/span><\/div>\n<div style=\"text-align: center;\">\u00a0<\/div>\n<div style=\"text-align: center;\">\u00a0<\/div>\n<div style=\"text-align: center;\"><span style=\"font-size: 14pt; color: #000000;\"> Et il n&rsquo;\u00e9tait pas r\u00e9alis\u00e9 par les services des pompes fun\u00e8bres !<\/span><\/div>\n<div style=\"text-align: center;\">\u00a0<\/div>\n<div style=\"text-align: center;\"><span style=\"font-size: 14pt; color: #000000;\"> En effet, ce documentaire se d\u00e9roulait dans un pays qui a \u00e9t\u00e9 plusieurs fois \u00e0 l&rsquo;honneur sur le blog : le <b>\u00a0<a href=\"https:\/\/www.journaldunpigeonvoyageur.com\/blog\/category\/afrique\/ghana\/\">Ghana<\/a><\/b>. <\/span><\/div>\n<div style=\"text-align: center;\">\u00a0<\/div>\n<div style=\"text-align: center;\">\u00a0<\/div>\n<div style=\"text-align: center;\"><span style=\"font-size: 14pt; color: #000000;\">A bien y r\u00e9fl\u00e9chir, ce n&rsquo;est quelque part pas tr\u00e8s \u00e9tonnant que le cadre dudit reportage se soit situ\u00e9 dans un pays africain quand on sait l&rsquo;importance que\u00a0rev\u00eatent\u00a0les rites fun\u00e9raires, souvent\u00a0l&rsquo;occasion (notamment) de d\u00e9penses\u00a0co\u00fbteuses et de\u00a0sorties de deuil en f\u00eate, sur ce continent. <\/span><\/div>\n<div style=\"text-align: center;\">\u00a0<\/div>\n<div style=\"text-align: center;\">\u00a0<\/div>\n<div style=\"text-align: center;\"><span style=\"font-size: 14pt; color: #000000;\">Du moins, \u00a0pour ce que je connais de leur d\u00e9roulement \u00a0en Afrique de l&rsquo;ouest. <\/span><\/div>\n<div style=\"text-align: center;\">\u00a0<\/div>\n<div style=\"text-align: center;\"><span style=\"font-size: 14pt; color: #000000;\">Enfin, tr\u00eave de bavardages, laissez moi vous r\u00e9v\u00e9ler de quoi il s&rsquo;agit \ud83d\ude42 <\/span><\/div>\n<div style=\"text-align: center;\">\u00a0<\/div>\n<div style=\"text-align: center;\">\u00a0<\/div>\n<div style=\"text-align: center;\"><span style=\"color: #000000;\"><strong><span style=\"font-size: 14pt;\">A LA D\u00c9COUVERTE DE LA CAPITALE\u00a0GHAN\u00c9ENNE\u00a0DES CERCUEILS FIGURATIFS<\/span><\/strong><\/span><\/div>\n<div style=\"text-align: center;\">\u00a0<\/div>\n<div style=\"text-align: center;\">\u00a0<\/div>\n<div style=\"text-align: center;\"><span style=\"color: #808080; font-size: 14pt;\"> Teshie, un ancien village de p\u00eacheurs, devenu le berceau de ses\u00a0cercueils\u00a0originaux <\/span><\/div>\n<div style=\"text-align: center;\">\u00a0<\/div>\n<div style=\"text-align: center;\">\u00a0<\/div>\n<div style=\"text-align: center;\"><span style=\"font-size: 14pt; color: #000000;\">Traditionnellement et dans l&rsquo;imaginaire commun le <strong>cercueil<\/strong> est \u00a0sobre, sans chichis. <\/span><\/div>\n<div style=\"text-align: center;\">\u00a0<\/div>\n<div style=\"text-align: center;\">\u00a0<\/div>\n<div style=\"text-align: center;\"><span style=\"font-size: 14pt; color: #000000;\">Mais l\u00e0 bas, l\u00e0 ou ce reportage m&rsquo;a\u00a0emmen\u00e9e, il\u00a0en \u00e9tait autrement comme vous allez maintenant vous en rendre compte. <\/span><\/div>\n<div style=\"text-align: center;\">\u00a0<\/div>\n<div style=\"text-align: center;\">\u00a0<\/div>\n<div style=\"text-align: center;\"><span style=\"font-size: 14pt; color: #000000;\">Ainsi, \u00e0 <strong>Teshie<\/strong>, un ancien village de p\u00eacheurs de l&rsquo;<strong>ethnie Ga,<\/strong>\u00a0depuis devenu une banlieue de la capitale ghan\u00e9enne, situ\u00e9 sur la route c\u00f4ti\u00e8re reliant \u00a0d\u00e9sormais Accra \u00e0 Tema ( le port le plus important du pays), un menuisier charpentier a r\u00e9volutionn\u00e9 l&rsquo;art de la fabrication des\u00a0cercueils\u00a0: Mr <strong>Kane Kwei p\u00e8re<\/strong> (Seth). <\/span><\/div>\n<div style=\"text-align: center;\">\u00a0<\/div>\n<div style=\"text-align: center;\">\u00a0<\/div>\n<div style=\"text-align: center;\"><span style=\"font-size: 14pt; color: #000000;\">Le fait que ces\u00a0cercueils\u00a0figuratifs soient n\u00e9s sur le territoire Ga n&rsquo;est certainement pas le fruit du hasard. <\/span><\/div>\n<div style=\"text-align: center;\">\u00a0<\/div>\n<div style=\"text-align: center;\">\u00a0<\/div>\n<div style=\"text-align: center;\"><span style=\"font-size: 14pt; color: #000000;\">En effet ce peuple a une conception diff\u00e9rente de la mort.<\/span><\/div>\n<div style=\"text-align: center;\">\u00a0<\/div>\n<div style=\"text-align: center;\">\u00a0<\/div>\n<div style=\"text-align: center;\"><span style=\"font-size: 14pt; color: #000000;\"> Elle n&rsquo;est pas la fin d&rsquo;une vie mais le d\u00e9but d&rsquo;une autre dans un\u00a0 monde diff\u00e9rent. <\/span><\/div>\n<div style=\"text-align: center;\">\u00a0<\/div>\n<div style=\"text-align: center;\">\u00a0<\/div>\n<div style=\"text-align: center;\"><span style=\"font-size: 14pt; color: #000000;\">D\u00e8s lors tous les moyens doivent \u00eatre mis en place pour assurer au d\u00e9funt la meilleure vie dans l&rsquo;au-del\u00e0 ( ce qui rejoint en partie les rites fun\u00e9raires de l&rsquo;Egypte pharaonique o\u00f9 les rois \u00e9taient enterr\u00e9s avec vivres ainsi que divers meubles et objets comme je vous en parlerai bient\u00f4t dans mon article consacr\u00e9 \u00e0 la Vall\u00e9e des Rois et des Reines) ainsi que pour lui offrir des obs\u00e8ques grandioses. <\/span><\/div>\n<div style=\"text-align: center;\">\u00a0<\/div>\n<div style=\"text-align: center;\">\u00a0<\/div>\n<div style=\"text-align: center;\"><span style=\"font-size: 14pt; color: #000000;\">Chez les Ga, cela passait notamment par l&rsquo; enterrement, parfois, de leurs chefs dans les somptueux palanquins figuratifs sur lesquels ils \u00e9taient transport\u00e9s. <\/span><\/div>\n<div style=\"text-align: center;\">\u00a0<\/div>\n<div style=\"text-align: center;\">\u00a0<\/div>\n<div style=\"text-align: center;\"><span style=\"font-size: 14pt; color: #000000;\">Pour en revenir au sujet du billet d&rsquo;aujourd&rsquo;hui,\u00a0tout d\u00e9buta il y&rsquo; a quelques\u00a0d\u00e9cennies,\u00a0vraisemblablement dans le milieu des ann\u00e9es 40 et le d\u00e9but des ann\u00e9es 50, lorsqu&rsquo;un menuisier du nom d&rsquo;<strong>Ataa Owuo<\/strong> (ou Ataa Oko selon les sources) d\u00e9cida, apr\u00e8s avoir assist\u00e9 \u00e0 l&rsquo;enterrement d&rsquo;un chef de village inhum\u00e9 dans son palanquin, de fabriquer \u00e0 son tour de tels\u00a0cercueils.<\/span><\/div>\n<div style=\"text-align: center;\">\u00a0<\/div>\n<div style=\"text-align: center;\">\u00a0<\/div>\n<div style=\"text-align: center;\"><span style=\"font-size: 14pt; color: #000000;\"> L&rsquo;occasion lui fut donn\u00e9e, quelques mois plus tard, lorsqu&rsquo;\u00a0au d\u00e9c\u00e8s de sa grand m\u00e8re il entreprit de lui construire un\u00a0cercueil en forme d&rsquo;avion.<\/span><\/div>\n<div style=\"text-align: center;\">\u00a0<\/div>\n<div style=\"text-align: center;\">\u00a0<\/div>\n<div style=\"text-align: center;\"><span style=\"font-size: 14pt; color: #000000;\"> En effet et de son vivant, le r\u00eave de celle ci avait \u00e9t\u00e9 de voyager \u00e0 bord de ce dernier. <\/span><\/div>\n<div style=\"text-align: center;\">\u00a0<\/div>\n<div style=\"text-align: center;\">\u00a0<\/div>\n<div style=\"text-align: center;\"><span style=\"font-size: 14pt; color: #000000;\">Se faisant, il r\u00e9alisait, postmortem, son\u00a0v\u0153ux, le plus cher !<\/span><\/div>\n<div style=\"text-align: center;\">\u00a0<\/div>\n<div style=\"text-align: center;\">\u00a0<\/div>\n<div style=\"text-align: center;\"><span style=\"font-size: 14pt; color: #000000;\"> Il ignorait, par ailleurs, qu&rsquo;il venait de lancer une tendance qui allait perdurer jusqu&rsquo;\u00e0 aujourd&rsquo;hui.<\/span><\/div>\n<div style=\"text-align: center;\">\u00a0<\/div>\n<div style=\"text-align: center;\">\u00a0<\/div>\n<div style=\"text-align: center;\"><span style=\"font-size: 14pt; color: #000000;\"> Malheureusement, Mr Ataa Owuo, d\u00e9c\u00e9d\u00e9 en 2012 \u00e0 l&rsquo;\u00e2ge de 93 ans,\u00a0 est peu connu en Occident car il a essentiellement fabriqu\u00e9 des\u00a0cercueils\u00a0pour la client\u00e8le locale.<\/span><\/div>\n<div style=\"text-align: center;\">\u00a0<\/div>\n<div style=\"text-align: center;\">\u00a0<\/div>\n<div style=\"text-align: center;\"><span style=\"font-size: 14pt; color: #000000;\"> Le mythe de l&rsquo;invention de ces surprenantes s\u00e9pultures s&rsquo;est donc cristallis\u00e9 (un peu injustement) autour d&rsquo;un autre de ses contemporains, dont les\u00a0cercueils\u00a0ont \u00e9t\u00e9 reconnu internationalement : Mr <strong>Seth Kane Kwei<\/strong>.<\/span><\/div>\n<div style=\"text-align: center;\">\u00a0<\/div>\n<div style=\"text-align: center;\">\u00a0<\/div>\n<div style=\"text-align: center;\"><span style=\"font-size: 14pt; color: #000000;\"> En effet et au d\u00e9but des ann\u00e9es 1950,\u00a0ce dernier\u00a0d\u00e9cida \u00e0 son tour, pour honorer un de ses amis\u00a0p\u00e9cheurs\u00a0qui venait de mourir, de lui fabriquer un\u00a0cercueil\u00a0en forme\u00a0de barque. <\/span><\/div>\n<div style=\"text-align: center;\">\u00a0<\/div>\n<div style=\"text-align: center;\">\u00a0<\/div>\n<div style=\"text-align: center;\"><span style=\"font-size: 14pt; color: #000000;\">Face aux nombreuses autres commandes qui lui parvinrent apr\u00e8s ce premier essai, Mr Kane Kwei cr\u00e9a et installa son atelier, sp\u00e9cialis\u00e9 dans les\u00a0cercueils\u00a0figuratifs, \u00e0 Teshie. <\/span><\/div>\n<div style=\"text-align: center;\">\u00a0<\/div>\n<div style=\"text-align: center;\">\u00a0<\/div>\n<div style=\"text-align: center;\"><span style=\"font-size: 14pt; color: #000000;\">C&rsquo;\u00e9tait le d\u00e9but d&rsquo;une activit\u00e9 florissante qui perdure toujours.<\/span><\/div>\n<div style=\"text-align: center;\">\u00a0<\/div>\n<div style=\"text-align: center;\">\u00a0<\/div>\n<div style=\"text-align: center;\"><span style=\"font-size: 14pt; color: #000000;\"> Vous devez sans doute vous posez, \u00e0 pr\u00e9sent, un certain nombre de questions pratiques, relatives notamment \u00e0 la fabrication, au co\u00fbt ou encore au choix du mod\u00e8le. <\/span><\/div>\n<div style=\"text-align: center;\">\u00a0<\/div>\n<div style=\"text-align: center;\"><span style=\"font-size: 14pt; color: #000000;\">Pour ce qui est de ce dernier, il\u00a0est le plus souvent<strong> dict\u00e9 par les\u00a0activit\u00e9s professionnelles ou les passions du d\u00e9funt<\/strong>.<\/span><\/div>\n<div style=\"text-align: center;\">\u00a0<\/div>\n<div style=\"text-align: center;\">\u00a0<\/div>\n<div style=\"text-align: center;\"><span style=\"font-size: 14pt; color: #000000;\"> Ainsi ce sera un oignon pour un agriculteur, une\u00a0Mercedes\u00a0pour une personne fortun\u00e9e, un aigle pour\u00a0les chefs ou encore des instruments musicaux pour les musiciens. <\/span><\/div>\n<div style=\"text-align: center;\">\u00a0<\/div>\n<div style=\"text-align: center;\">\u00a0<\/div>\n<div style=\"text-align: center;\"><span style=\"font-size: 14pt; color: #000000;\">Pour autant,\u00a0 Animaux, Objets, Fruits et L\u00e9gumes, v\u00e9hicules \u00a0et m\u00eame proverbes ( dans ce cas ces cercueils sont\u00a0appel\u00e9s\u00a0les <strong>abebuu adekai<\/strong>) peuvent aussi servir d&rsquo; inspirations.<\/span><\/div>\n<div style=\"text-align: center;\">\u00a0<\/div>\n<div style=\"text-align: center;\">\u00a0<\/div>\n<div style=\"text-align: center;\"><span style=\"font-size: 14pt; color: #000000;\"> Construits en bois local ou plus exotique, donc plus co\u00fbteux, s&rsquo;agissant des\u00a0mod\u00e8les\u00a0devant \u00eatre\u00a0expos\u00e9s \u00e0 l&rsquo;\u00e9tranger, ces cercueils\u00a0 peuvent \u00eatre r\u00e9alis\u00e9s en un d\u00e9lai variant d&rsquo;une journ\u00e9e (en cas d&rsquo;extr\u00eame urgence) \u00e0 une, voire, deux semaines tout au plus. <\/span><\/div>\n<div style=\"text-align: center;\">\u00a0<\/div>\n<div style=\"text-align: center;\">\u00a0<\/div>\n<div style=\"text-align: center;\"><span style=\"font-size: 14pt; color: #000000;\">Leur co\u00fbt, quant \u00e0 lui, varie, selon l&rsquo;exp\u00e9rience et la renomm\u00e9e du menuisier ainsi que la complexit\u00e9 du mod\u00e8le choisi, entre quelques centaines et quelques milliers de dollars. <\/span><\/div>\n<div style=\"text-align: center;\">\u00a0<\/div>\n<div style=\"text-align: center;\">\u00a0<\/div>\n<div style=\"text-align: center;\"><span style=\"font-size: 14pt; color: #000000;\">Cela repr\u00e9sente une somme astronomique en cedi, la monnaie locale adoss\u00e9e aux dollars.<\/span><\/div>\n<div style=\"text-align: center;\">\u00a0<\/div>\n<div style=\"text-align: center;\">\u00a0<\/div>\n<div style=\"text-align: center;\"><span style=\"font-size: 14pt; color: #000000;\"> Pour vous donner une id\u00e9e : cette semaine 1 euro \u00e9quivaut \u00e0 environ 3,79 cedi ghan\u00e9en ! <\/span><\/div>\n<div style=\"text-align: center;\">\u00a0<\/div>\n<div style=\"text-align: center;\"><span style=\"font-size: 14pt; color: #000000;\">Ce n&rsquo;est donc pas peu dire que l&rsquo;achat d&rsquo;un\u00a0cercueil\u00a0gr\u00e8ve consid\u00e9rablement le budget allou\u00e9 aux\u00a0fun\u00e9railles&#8230; mais rien n&rsquo;est trop beau pour le dernier voyage du d\u00e9funt ! <\/span><\/div>\n<div style=\"text-align: center;\">\u00a0<\/div>\n<div style=\"text-align: center;\">\u00a0<\/div>\n<div style=\"text-align: center;\"><span style=\"font-size: 14pt; color: #000000;\">A la mort de Kane Kwei p\u00e8re, d\u00e9c\u00e9d\u00e9 au d\u00e9but des ann\u00e9es 90 \u00e0 l&rsquo;\u00e2ge de 70 ans, ce sont ses deux fils puis son petit fils, <strong>Eric\u00a0Adjetey Anang<\/strong> , un jeune homme de 29 ans, \u00a0reconnu localement et internationalement pour son talent, qui ont repris, avec brio, les rennes de l&rsquo;entreprise.<\/span><\/div>\n<div style=\"text-align: center;\">\u00a0<\/div>\n<div style=\"text-align: center;\">\u00a0<\/div>\n<div style=\"text-align: center;\"><span style=\"font-size: 14pt; color: #000000;\"> L&rsquo;engouement autour de leurs\u00a0cercueils\u00a0ne faiblit pas car certains d&rsquo;entre eux ont \u00a0\u00e9t\u00e9 expos\u00e9s, \u00e0\u00a0l&rsquo;\u00e9tranger, dans divers galeries et mus\u00e9es et \u00a0d&rsquo;autres ont m\u00eame \u00e9t\u00e9 sp\u00e9cialement command\u00e9s par ces m\u00eames institutions. <\/span><\/div>\n<div style=\"text-align: center;\">\u00a0<\/div>\n<div style=\"text-align: center;\">\u00a0<\/div>\n<div style=\"text-align: center;\"><span style=\"font-size: 14pt; color: #000000;\">Eric Adjetey Anang fait, en outre, l&rsquo;objet de nombreux films et reportages.<\/span><\/div>\n<div style=\"text-align: center;\">\u00a0<\/div>\n<div style=\"text-align: center;\">\u00a0<\/div>\n<div style=\"text-align: center;\"><span style=\"font-size: 14pt; color: #000000;\"> Il\u00a0participe aussi \u00e0 des rendez-vous internationaux dont des s\u00e9jours r\u00e9sidences \u00e0\u00a0l\u2019\u00e9tranger\u00a0ou en organise au Ghana pour apprendre \u00e0 d&rsquo;autres artistes son savoir faire en la mati\u00e8re. <\/span><\/div>\n<div style=\"text-align: center;\">\u00a0<\/div>\n<div style=\"text-align: center;\">\u00a0<\/div>\n<div style=\"text-align: center;\"><span style=\"font-size: 14pt; color: #000000;\">S&rsquo;il vous fallait une preuve suppl\u00e9mentaire de l&rsquo;int\u00e9r\u00eat qu&rsquo;il suscite, j&rsquo;ai appris, une fois sur le sol ghan\u00e9en, que certaines agences de voyages locales proposent m\u00eame des visites guid\u00e9es de l&rsquo;atelier Kane Kwei aux touristes\u00a0int\u00e9ress\u00e9s.<\/span><\/div>\n<div style=\"text-align: center;\">\u00a0<\/div>\n<div style=\"text-align: center;\">\u00a0<\/div>\n<div style=\"text-align: center;\"><span style=\"font-size: 14pt; color: #000000;\"> Il n&rsquo;en fallait pas plus pour m&rsquo;inciter \u00e0 ins\u00e9rer dans mon itin\u00e9raire ghan\u00e9en,\u00a0 d&rsquo;il y&rsquo; a un an, un stop \u00e0 Teshie pour d\u00e9couvrir ces \u00a0\u00bb so artistic and beautiful coffins\u00a0\u00bb (cercueils).<\/span><\/div>\n<div style=\"text-align: center;\">\u00a0<\/div>\n<div style=\"text-align: center;\">\u00a0<\/div>\n<div style=\"text-align: center;\"><span style=\"font-size: 14pt; color: #000000;\"> Le lendemain de mon arriv\u00e9e, apr\u00e8s avoir quitt\u00e9 la bouillonnante Osu et sa villa boutique\u00a0h\u00f4tel\u00a0et avant d&rsquo;aller prendre mes quartiers au Labadi Beach, j&rsquo;ai pris la route de Teshie.<\/span><\/div>\n<div style=\"text-align: center;\">\u00a0<\/div>\n<div style=\"text-align: center;\">\u00a0<\/div>\n<div style=\"text-align: center;\"><span style=\"font-size: 14pt; color: #000000;\"> Pour \u00eatre franche, celle ci se situe \u00e0 \u00e0 peine quelques kilom\u00e8tres du Labadi Beach. <\/span><\/div>\n<div style=\"text-align: center;\">\u00a0<\/div>\n<div style=\"text-align: center;\">\u00a0<\/div>\n<div style=\"text-align: center;\"><span style=\"font-size: 14pt; color: #000000;\">Eh oui, toujours \u00eatre organis\u00e9 dans ses d\u00e9placements :). <\/span><\/div>\n<div style=\"text-align: center;\">\u00a0<\/div>\n<div style=\"text-align: center;\">\u00a0<\/div>\n<div style=\"text-align: center;\"><span style=\"color: #808080;\"><strong><span style=\"font-size: 14pt;\">Un commerce qui fait les beaux jours de nombreux menuisiers de Teshie <\/span><\/strong><\/span><\/div>\n<div style=\"text-align: center;\">\u00a0<\/div>\n<div style=\"text-align: center;\">\u00a0<\/div>\n<div style=\"text-align: center;\"><span style=\"font-size: 14pt; color: #000000;\">Je n&rsquo;ai pas tout de suite trouv\u00e9 <strong>l&rsquo;atelier de Kane Kwei<\/strong>, car d&rsquo;autres menuisiers, souvent ses anciens apprentis \u00e0 l&rsquo;instar notamment de <strong>Papa Joe,<\/strong>\u00a0ont ouvert leur propre entreprise de\u00a0cercueils figuratifs dans la\u00a0ville.<\/span><\/div>\n<div style=\"text-align: center;\">\u00a0<\/div>\n<div style=\"text-align: center;\">\u00a0<\/div>\n<div style=\"text-align: center;\"><span style=\"font-size: 14pt; color: #000000;\"> Croyant \u00eatre arriv\u00e9e \u00e0 destination, je me r\u00e9jouissais d&rsquo;avance, en montant les marches qui m&#8217;emmenaient \u00e0 la plateforme o\u00f9 se trouvaient les\u00a0\u0153uvres\u00a0que j&rsquo;entrevoyais d\u00e9j\u00e0 depuis la\u00a0chauss\u00e9e, \u00e0 l&rsquo;id\u00e9e de ce que j&rsquo;allais voir.<\/span><\/div>\n<div style=\"text-align: center;\">\u00a0<\/div>\n<div style=\"text-align: center;\">\u00a0<\/div>\n<div style=\"text-align: center;\"><span style=\"font-size: 14pt; color: #000000;\"> Et je ne fus pas d\u00e9\u00e7ue !<\/span><\/div>\n<div style=\"text-align: center;\">\u00a0<\/div>\n<div style=\"text-align: center;\">\u00a0<\/div>\n<div style=\"text-align: center;\"><span style=\"font-size: 14pt; color: #000000;\"> Bouteille de coca cola, de Star ou de Club\u00a0(des marques de bi\u00e8res locales),\u00a0s\u00e8che-cheveu,\u00a0c\u0153ur, ananas ou\u00a0appareil\u00a0photo\u00a0num\u00e9rique.<\/span><\/div>\n<div style=\"text-align: center;\">\u00a0<\/div>\n<div style=\"text-align: center;\">\u00a0<\/div>\n<div style=\"text-align: center;\"><span style=\"font-size: 14pt; color: #000000;\"> Tous semblant plus vrais que natures ! <\/span><\/div>\n<div style=\"text-align: center;\">\u00a0<\/div>\n<div style=\"text-align: center;\"><span style=\"font-size: 14pt; color: #000000;\">Qu&rsquo;en pensez vous ?<\/span><\/div>\n<div style=\"text-align: center;\">\u00a0<\/div>\n<div style=\"text-align: center;\">\u00a0<\/div>\n<div style=\"text-align: center;\"><a href=\"http:\/\/3.bp.blogspot.com\/-gYArv2gg9ns\/VK1YU2f-tQI\/AAAAAAAAgbo\/VfaRmYBdqu8\/s1600\/P1080949.JPG\"><img loading=\"lazy\" decoding=\"async\" src=\"http:\/\/3.bp.blogspot.com\/-gYArv2gg9ns\/VK1YU2f-tQI\/AAAAAAAAgbo\/VfaRmYBdqu8\/s1600\/P1080949.JPG\" alt=\"\" width=\"480\" height=\"640\" border=\"0\" \/><\/a><\/div>\n<p style=\"text-align: center;\">\u00a0<\/p>\n<div style=\"text-align: center;\"><a href=\"http:\/\/3.bp.blogspot.com\/-4Stq-BFNTNI\/VK1aNO1gdaI\/AAAAAAAAgco\/QlU1CUVDa5A\/s1600\/P1080960.JPG\"><img loading=\"lazy\" decoding=\"async\" src=\"http:\/\/3.bp.blogspot.com\/-4Stq-BFNTNI\/VK1aNO1gdaI\/AAAAAAAAgco\/QlU1CUVDa5A\/s1600\/P1080960.JPG\" alt=\"\" width=\"640\" height=\"480\" border=\"0\" \/><\/a><\/div>\n<p style=\"text-align: center;\">\u00a0<\/p>\n<div style=\"text-align: center;\"><a href=\"http:\/\/2.bp.blogspot.com\/-D7seC1fNICs\/VK1YnwwXdiI\/AAAAAAAAgbw\/YFFtXj-izmc\/s1600\/P1080953.JPG\"><img loading=\"lazy\" decoding=\"async\" src=\"http:\/\/2.bp.blogspot.com\/-D7seC1fNICs\/VK1YnwwXdiI\/AAAAAAAAgbw\/YFFtXj-izmc\/s1600\/P1080953.JPG\" alt=\"\" width=\"480\" height=\"640\" border=\"0\" \/><\/a><\/div>\n<p style=\"text-align: center;\">\u00a0<\/p>\n<div style=\"text-align: center;\"><a href=\"http:\/\/2.bp.blogspot.com\/-BkSd6B9mkyc\/VK1ZYlpyqwI\/AAAAAAAAgcM\/Y73ZWOb3XAg\/s1600\/P1080958.JPG\"><img loading=\"lazy\" decoding=\"async\" src=\"http:\/\/2.bp.blogspot.com\/-BkSd6B9mkyc\/VK1ZYlpyqwI\/AAAAAAAAgcM\/Y73ZWOb3XAg\/s1600\/P1080958.JPG\" alt=\"\" width=\"480\" height=\"640\" border=\"0\" \/><\/a><\/div>\n<p style=\"text-align: center;\">\u00a0<\/p>\n<table class=\" aligncenter\" cellspacing=\"0\" cellpadding=\"0\" align=\"center\">\n<tbody>\n<tr>\n<td><a href=\"http:\/\/4.bp.blogspot.com\/-U10Nag4HJRI\/VK1aBxkRnLI\/AAAAAAAAgcc\/2uybytOq7HM\/s1600\/P1080959.JPG\"><img loading=\"lazy\" decoding=\"async\" src=\"http:\/\/4.bp.blogspot.com\/-U10Nag4HJRI\/VK1aBxkRnLI\/AAAAAAAAgcc\/2uybytOq7HM\/s1600\/P1080959.JPG\" alt=\"\" width=\"640\" height=\"480\" border=\"0\" \/><\/a><\/td>\n<\/tr>\n<tr>\n<td>le\u00a0c\u0153ur<\/td>\n<\/tr>\n<\/tbody>\n<\/table>\n<table class=\" aligncenter\" cellspacing=\"0\" cellpadding=\"0\" align=\"center\">\n<tbody>\n<tr>\n<td><a href=\"http:\/\/1.bp.blogspot.com\/-00wAwSwuGaM\/VK1ZY7vorMI\/AAAAAAAAgcQ\/hoXUjzWcX8c\/s1600\/P1080957.JPG\"><img loading=\"lazy\" decoding=\"async\" src=\"http:\/\/1.bp.blogspot.com\/-00wAwSwuGaM\/VK1ZY7vorMI\/AAAAAAAAgcQ\/hoXUjzWcX8c\/s1600\/P1080957.JPG\" alt=\"\" width=\"640\" height=\"480\" border=\"0\" \/><\/a><\/td>\n<\/tr>\n<tr>\n<td>s\u00e8che cheveu<\/td>\n<\/tr>\n<\/tbody>\n<\/table>\n<table class=\" aligncenter\" cellspacing=\"0\" cellpadding=\"0\" align=\"center\">\n<tbody>\n<tr>\n<td><a href=\"http:\/\/1.bp.blogspot.com\/-uBHdoRAs5Dw\/VK1ZLXprT8I\/AAAAAAAAgcE\/5UJc6XCZQQE\/s1600\/P1080955.JPG\"><img loading=\"lazy\" decoding=\"async\" src=\"http:\/\/1.bp.blogspot.com\/-uBHdoRAs5Dw\/VK1ZLXprT8I\/AAAAAAAAgcE\/5UJc6XCZQQE\/s1600\/P1080955.JPG\" alt=\"\" width=\"640\" height=\"480\" border=\"0\" \/><\/a><\/td>\n<\/tr>\n<tr>\n<td>Ananas<\/td>\n<\/tr>\n<\/tbody>\n<\/table>\n<p style=\"text-align: center;\">\u00a0<\/p>\n<div style=\"text-align: center;\"><span style=\"color: #808080; font-size: 14pt;\">Et l&rsquo;atelier KANE KWEI fut !<\/span><\/div>\n<div style=\"text-align: center;\">\u00a0<\/div>\n<div style=\"text-align: center;\">\u00a0<\/div>\n<div style=\"text-align: center;\">\u00a0<span style=\"font-size: 14pt; color: #000000;\"> \u00a0Mais c&rsquo;est l&rsquo;atelier\u00a0 Kane Kwei que je souhaitais voir.Apr\u00e8s quelques indications fournies par des marchandes rencontr\u00e9es en chemin, je suis enfin parvenue, quelques centaines de m\u00e8tres plus loin, dans l&rsquo;antre du ma\u00eetre.<\/span><\/div>\n<div style=\"text-align: center;\">\u00a0<\/div>\n<div style=\"text-align: center;\"><span style=\"font-size: 14pt; color: #000000;\">\u00a0<\/span><\/div>\n<div style=\"text-align: center;\"><span style=\"font-size: 14pt; color: #000000;\">Il \u00e9tait d\u00e9j\u00e0 treize heures et personne, except\u00e9e une dame d\u00e9gustant un kenkey (un mets local \u00e0 base de mais accompagnant sauces ou grillades) avec du poisson frit, n&rsquo;\u00e9tait dans l&rsquo;atelier.<\/span><\/div>\n<div style=\"text-align: center;\">\u00a0<\/div>\n<div style=\"text-align: center;\"><span style=\"font-size: 14pt; color: #000000;\">\u00a0<\/span><\/div>\n<div style=\"text-align: center;\"><span style=\"font-size: 14pt; color: #000000;\">\u00a0 \u00a0Sur place quelques cercueils \u00e9taient d\u00e9j\u00e0 termin\u00e9s: notamment un coq, une bouteille de bi\u00e8re, un si\u00e8ge ainsi qu&rsquo;un palanquin royal Ashanti\u00a0tandis que d&rsquo;autres \u00e9taient encore en train d&rsquo;\u00eatre creus\u00e9s.<\/span><\/div>\n<div style=\"text-align: center;\">\u00a0<\/div>\n<div style=\"text-align: center;\"><span style=\"font-size: 14pt; color: #000000;\">\u00a0<\/span><\/div>\n<div style=\"text-align: center;\"><span style=\"font-size: 14pt; color: #000000;\">\u00a0 \u00a0Nonobstant la\u00a0bri\u00e8vet\u00e9\u00a0de ma visite et la d\u00e9ception de ne pas avoir \u00e9t\u00e9 en mesure de rencontrer, dans l&rsquo;atelier, Mr Anang, lequel estime \u00eatre un artiste et pas uniquement un menuisier, je\u00a0suis ravie d&rsquo;avoir vu, de mes propres yeux, ce que beaucoup consid\u00e8rent d\u00e9sormais comme une formidable illustration de l&rsquo;art contemporain ghan\u00e9en.<\/span><\/div>\n<div style=\"text-align: center;\">\u00a0<\/div>\n<div style=\"text-align: center;\">\u00a0<\/div>\n<div style=\"text-align: center;\"><span style=\"font-size: 14pt; color: #000000;\">Et vous qu&rsquo;en dites vous ?<\/span><\/div>\n<p style=\"text-align: center;\"><span style=\"font-size: 14pt; color: #000000;\">\u00a0<\/span><\/p>\n<table class=\" aligncenter\" cellspacing=\"0\" cellpadding=\"0\" align=\"center\">\n<tbody>\n<tr>\n<td><a href=\"http:\/\/4.bp.blogspot.com\/-y6KDst5ipZc\/VK1bLdCc9cI\/AAAAAAAAgdE\/Rw-JqR17fEs\/s1600\/P1080970.JPG\"><img loading=\"lazy\" decoding=\"async\" src=\"http:\/\/4.bp.blogspot.com\/-y6KDst5ipZc\/VK1bLdCc9cI\/AAAAAAAAgdE\/Rw-JqR17fEs\/s1600\/P1080970.JPG\" alt=\"\" width=\"640\" height=\"480\" border=\"0\" \/><\/a><\/td>\n<\/tr>\n<tr>\n<td>la devanture de l&rsquo;atelier Kane Kwei<\/td>\n<\/tr>\n<\/tbody>\n<\/table>\n<table class=\" aligncenter\" cellspacing=\"0\" cellpadding=\"0\" align=\"center\">\n<tbody>\n<tr>\n<td><a href=\"http:\/\/4.bp.blogspot.com\/-rVBOEWtMpl8\/VK1aLLdvbMI\/AAAAAAAAgcg\/NEZWy6Zb4hA\/s1600\/P1080965.JPG\"><img loading=\"lazy\" decoding=\"async\" src=\"http:\/\/4.bp.blogspot.com\/-rVBOEWtMpl8\/VK1aLLdvbMI\/AAAAAAAAgcg\/NEZWy6Zb4hA\/s1600\/P1080965.JPG\" alt=\"\" width=\"640\" height=\"480\" border=\"0\" \/><\/a><\/td>\n<\/tr>\n<tr>\n<td>cercueil\u00a0en phase de construction<\/td>\n<\/tr>\n<\/tbody>\n<\/table>\n<table class=\" aligncenter\" cellspacing=\"0\" cellpadding=\"0\" align=\"center\">\n<tbody>\n<tr>\n<td><a href=\"http:\/\/2.bp.blogspot.com\/-Gk1MRoCDzhk\/VK1bJgyIz6I\/AAAAAAAAgc8\/Ai7Kb3TuFeg\/s1600\/P1080969.JPG\"><img loading=\"lazy\" decoding=\"async\" src=\"http:\/\/2.bp.blogspot.com\/-Gk1MRoCDzhk\/VK1bJgyIz6I\/AAAAAAAAgc8\/Ai7Kb3TuFeg\/s1600\/P1080969.JPG\" alt=\"\" width=\"640\" height=\"480\" border=\"0\" \/><\/a><\/td>\n<\/tr>\n<tr>\n<td>Lager, une autre bi\u00e8re<\/td>\n<\/tr>\n<\/tbody>\n<\/table>\n<table class=\" aligncenter\" cellspacing=\"0\" cellpadding=\"0\" align=\"center\">\n<tbody>\n<tr>\n<td><a href=\"http:\/\/1.bp.blogspot.com\/-t5SxqbOZrSg\/VK1bDiYkYnI\/AAAAAAAAgc0\/iahDRaTO1mU\/s1600\/P1080967.JPG\"><img loading=\"lazy\" decoding=\"async\" src=\"http:\/\/1.bp.blogspot.com\/-t5SxqbOZrSg\/VK1bDiYkYnI\/AAAAAAAAgc0\/iahDRaTO1mU\/s1600\/P1080967.JPG\" alt=\"\" width=\"640\" height=\"480\" border=\"0\" \/><\/a><\/td>\n<\/tr>\n<tr>\n<td>palanquin ashanti<\/td>\n<\/tr>\n<\/tbody>\n<\/table>\n","protected":false},"excerpt":{"rendered":"<p>\u00a0 Appareil photo nouvelle g\u00e9n\u00e9ration ou pas ? \u00a0 \u00a0 Il y&rsquo; \u00e0 quelques si\u00e8cles, Benjamin Franklin, l&rsquo;un des P\u00e8res Fondateurs des Etats Unis d&rsquo;Am\u00e9rique, estimait que seules deux choses \u00e9taient certaines dans ce monde :\u00a0 les imp\u00f4ts et la mort. \u00a0 Et force est&#8230;<\/p>\n","protected":false},"author":2,"featured_media":17498,"comment_status":"open","ping_status":"open","sticky":false,"template":"","format":"standard","meta":{"slim_seo":{"title":"MISE EN BIERE ARTISTIQUE OU QUAND LES APPARENCES SONT TROMPEUSES - Journal d&#039;un Pigeon Voyageur","description":"\u00a0 Appareil photo nouvelle g\u00e9n\u00e9ration ou pas ? \u00a0 \u00a0 Il y' \u00e0 quelques si\u00e8cles, Benjamin Franklin , l'un des P\u00e8res Fondateurs des Etats Unis d'Am\u00e9rique, estimait qu"},"footnotes":""},"categories":[12,2,49,9,1],"tags":[267],"class_list":["post-113","post","type-post","status-publish","format-standard","has-post-thumbnail","hentry","category-afrique","category-art","category-ghana","category-portfolios","category-tous","tag-teshi"],"_links":{"self":[{"href":"https:\/\/www.journaldunpigeonvoyageur.com\/blog\/wp-json\/wp\/v2\/posts\/113","targetHints":{"allow":["GET"]}}],"collection":[{"href":"https:\/\/www.journaldunpigeonvoyageur.com\/blog\/wp-json\/wp\/v2\/posts"}],"about":[{"href":"https:\/\/www.journaldunpigeonvoyageur.com\/blog\/wp-json\/wp\/v2\/types\/post"}],"author":[{"embeddable":true,"href":"https:\/\/www.journaldunpigeonvoyageur.com\/blog\/wp-json\/wp\/v2\/users\/2"}],"replies":[{"embeddable":true,"href":"https:\/\/www.journaldunpigeonvoyageur.com\/blog\/wp-json\/wp\/v2\/comments?post=113"}],"version-history":[{"count":8,"href":"https:\/\/www.journaldunpigeonvoyageur.com\/blog\/wp-json\/wp\/v2\/posts\/113\/revisions"}],"predecessor-version":[{"id":25256,"href":"https:\/\/www.journaldunpigeonvoyageur.com\/blog\/wp-json\/wp\/v2\/posts\/113\/revisions\/25256"}],"wp:featuredmedia":[{"embeddable":true,"href":"https:\/\/www.journaldunpigeonvoyageur.com\/blog\/wp-json\/wp\/v2\/media\/17498"}],"wp:attachment":[{"href":"https:\/\/www.journaldunpigeonvoyageur.com\/blog\/wp-json\/wp\/v2\/media?parent=113"}],"wp:term":[{"taxonomy":"category","embeddable":true,"href":"https:\/\/www.journaldunpigeonvoyageur.com\/blog\/wp-json\/wp\/v2\/categories?post=113"},{"taxonomy":"post_tag","embeddable":true,"href":"https:\/\/www.journaldunpigeonvoyageur.com\/blog\/wp-json\/wp\/v2\/tags?post=113"}],"curies":[{"name":"wp","href":"https:\/\/api.w.org\/{rel}","templated":true}]}}