{"id":108,"date":"2015-01-23T16:29:00","date_gmt":"2015-01-23T15:29:00","guid":{"rendered":"https:\/\/journaldunpigeonvoyageur.com\/jpv\/2015\/01\/23\/quand-le-jpv-repond-aux-questions-du\/"},"modified":"2019-11-14T13:33:01","modified_gmt":"2019-11-14T12:33:01","slug":"quand-le-jpv-repond-aux-questions-du","status":"publish","type":"post","link":"https:\/\/www.journaldunpigeonvoyageur.com\/blog\/2015\/01\/23\/quand-le-jpv-repond-aux-questions-du\/","title":{"rendered":"QUAND LE JPV REPOND AUX QUESTIONS DU BLOG LES DECOUVERTES D&rsquo;AAMLORIE"},"content":{"rendered":"<div style=\"text-align: center;\">\u00a0<\/div>\n<div style=\"text-align: center;\">\u00a0<\/div>\n<div style=\"text-align: center;\"><span style=\"font-size: 14pt; color: #000000;\">\u00a0\u00a0 En janvier 2015, j&rsquo;ai eu l&rsquo;honneur d&rsquo;\u00eatre contact\u00e9e par le blog\u00a0<a style=\"color: #000000;\" href=\"https:\/\/aamlorie.wordpress.com\/\" target=\"_blank\" rel=\"noopener\">Les D\u00e9couvertes d&rsquo;Aamlorie\u00a0<\/a>\u00a0\u00a0<\/span><span style=\"font-size: 14pt; color: #000000;\">qui souhaitait en savoir un peu plus sur le blog et sa r\u00e9dactrice.<\/span><\/div>\n<div style=\"text-align: center;\">\u00a0<\/div>\n<p style=\"text-align: center;\"><span style=\"font-size: 14pt; color: #000000;\">Voici donc l&rsquo;interview qui en a d\u00e9coul\u00e9.<\/span><\/p>\n<p style=\"text-align: center;\">\u00a0<\/p>\n<p style=\"text-align: center;\"><strong><span style=\"font-size: 14pt; color: #000000;\">Un Pigeon Voyageur A\u00a0L\u2019honneur<\/span><\/strong><\/p>\n<div style=\"text-align: center;\"><span style=\"font-size: 14pt; color: #000000;\">\u00a0<\/span><\/div>\n<div style=\"text-align: center;\"><strong><span style=\"color: #000000; font-size: 14pt;\">Je connais depuis quelques semaines un pigeon, plut\u00f4t une pigeonne qui adore voyager.<\/span><\/strong><\/div>\n<div style=\"text-align: center;\">\u00a0<\/div>\n<div style=\"text-align: center;\"><strong><span style=\"color: #000000; font-size: 14pt;\"> C\u2019est une jeune africaine, tr\u00e8s sympa qui s\u2019est lanc\u00e9 dans le bloguing de voyage depuis\u00a0l\u2019ann\u00e9e derni\u00e8re.<\/span><\/strong><\/div>\n<div style=\"text-align: center;\">\u00a0<\/div>\n<div style=\"text-align: center;\"><strong><span style=\"color: #000000; font-size: 14pt;\"> Je suis heureuse de rencontrer une femme et surtout africaine qui voyage et blogue sur ce th\u00e8me. <\/span><\/strong><\/div>\n<div style=\"text-align: center;\">\u00a0<\/div>\n<div style=\"text-align: center;\"><strong><span style=\"color: #000000; font-size: 14pt;\">J\u2019esp\u00e8re mesdames qu\u2019elle vous donnera l\u2019envie de vous lancer ;). <\/span><\/strong><\/div>\n<div style=\"text-align: center;\">\u00a0<\/div>\n<div style=\"text-align: center;\"><strong><span style=\"color: #000000; font-size: 14pt;\">Bonne d\u00e9couverte!<\/span><\/strong><\/div>\n<div style=\"text-align: center;\"><span style=\"color: #000000; font-size: 14pt;\">\u00a0<\/span><\/div>\n<div style=\"text-align: center;\"><span style=\"color: #000000; font-size: 14pt;\">\u00a0<\/span><\/div>\n<div style=\"text-align: center;\"><strong><span style=\"color: #000000; font-size: 14pt;\">Bonjour. Qui se cache derri\u00e8re ce journal qui nous fait r\u00eaver ?<\/span><\/strong><\/div>\n<div style=\"text-align: center;\"><span style=\"color: #000000; font-size: 14pt;\">\u00a0<\/span><\/div>\n<div style=\"text-align: center;\"><span style=\"color: #000000; font-size: 14pt;\">Derri\u00e8re ce journal, il y a Ivy, une jeune africaine, trentenaire, avocate, \u00a0passionn\u00e9e, entre autre mais depuis toujours, par les voyages.<\/span><\/div>\n<p>&nbsp;<\/p>\n<table class=\" aligncenter\" cellspacing=\"0\" cellpadding=\"0\" align=\"center\">\n<tbody>\n<tr>\n<td><a href=\"https:\/\/aamlorie.files.wordpress.com\/2015\/01\/portrait-de-moi-de-joana-choumali-c3a0-bassam.jpg\"><img loading=\"lazy\" decoding=\"async\" class=\"aligncenter\" src=\"https:\/\/aamlorie.files.wordpress.com\/2015\/01\/portrait-de-moi-de-joana-choumali-c3a0-bassam.jpg?w=397&amp;h=596\" alt=\"portrait de moi de Joana Choumali \u00e0 Bassam\" width=\"397\" height=\"596\" \/><\/a><\/td>\n<\/tr>\n<tr>\n<td>Ivy, photo prise par Joana Choumali \u00e0 Bassam (Cote d&rsquo;Ivoire)<\/td>\n<\/tr>\n<\/tbody>\n<\/table>\n<p>&nbsp;<\/p>\n<div style=\"text-align: center;\"><strong><span style=\"font-size: 14pt; color: #000000;\">Depuis quand as tu commenc\u00e9 \u00e0 bloguer et pourquoi?<\/span><\/strong><\/div>\n<div style=\"text-align: center;\"><strong><span style=\"font-size: 14pt; color: #000000;\">\u00a0<\/span><\/strong><\/div>\n<div style=\"text-align: center;\">\u00a0<\/div>\n<div style=\"text-align: center;\"><span style=\"font-size: 14pt; color: #000000;\">Je suis une novice en la mati\u00e8re car j\u2019ai commenc\u00e9 \u00e0 bloguer il y a tout juste 6 mois lorsque j\u2019ai donn\u00e9 naissance au JPV (Journal d\u2019un Pigeon Voyageur) le 6 juillet 2014 .<\/span><\/div>\n<div style=\"text-align: center;\">\u00a0<\/div>\n<div style=\"text-align: center;\"><span style=\"font-size: 14pt; color: #000000;\">\u00a0<\/span><\/div>\n<div style=\"text-align: center;\"><span style=\"font-size: 14pt; color: #000000;\">Et je dois dire que, m\u00eame si le blog n\u2019est pas encore parfait visuellement, je vis depuis cette date une superbe aventure !<\/span><\/div>\n<div style=\"text-align: center;\">\u00a0<\/div>\n<div style=\"text-align: center;\"><span style=\"font-size: 14pt; color: #000000;\">\u00a0<\/span><\/div>\n<div style=\"text-align: center;\"><span style=\"font-size: 14pt; color: #000000;\">Je ne pensais pas que tenir un blog pouvait \u00eatre aussi challenging et int\u00e9ressant.<\/span><\/div>\n<div style=\"text-align: center;\">\u00a0<\/div>\n<div style=\"text-align: center;\"><span style=\"font-size: 14pt; color: #000000;\">Le fait que je blogue au sujet d\u2019un th\u00e8me (le voyage) qui me passionne, doit sans doute y \u00eatre aussi pour beaucoup !<\/span><\/div>\n<div style=\"text-align: center;\">\u00a0<\/div>\n<div style=\"text-align: center;\">\u00a0<\/div>\n<div style=\"text-align: center;\"><span style=\"font-size: 14pt; color: #000000;\">Tout est toujours plus simple quand on fait quelque chose qui nous plait n\u2019est ce pas ?<\/span><\/div>\n<div style=\"text-align: center;\">\u00a0<\/div>\n<div style=\"text-align: center;\"><span style=\"font-size: 14pt; color: #000000;\">\u00a0<\/span><\/div>\n<div style=\"text-align: center;\"><span style=\"font-size: 14pt; color: #000000;\">Alors s\u2019agissant des motivations, que je rappelais, en partie, dans mon dernier article (billet bilan) publi\u00e9 en 2014 sur le blog, qui m\u2019ont pouss\u00e9e \u00e0 commencer cette aventure elles sont multiples mais je ne vais en retenir ici que 3, les principales :<\/span><\/div>\n<div style=\"text-align: center;\">\u00a0<\/div>\n<div style=\"text-align: center;\"><span style=\"font-size: 14pt; color: #000000;\">\u00a0<\/span><\/div>\n<div style=\"text-align: center;\"><span style=\"font-size: 14pt; color: #000000;\">\u2013 Une envie, que j\u2019avais d\u00e9j\u00e0 depuis tr\u00e8s longtemps, de partager publiquement mes aventures et exp\u00e9riences \u00e0 travers le monde.<\/span><\/div>\n<div style=\"text-align: center;\">\u00a0<\/div>\n<div style=\"text-align: center;\"><span style=\"font-size: 14pt; color: #000000;\">\u00a0<\/span><\/div>\n<div style=\"text-align: center;\"><span style=\"font-size: 14pt; color: #000000;\">Je dis\u00a0publiquement car bien avant le 6 juillet 2014, mes amis me consultaient \u00e0 chaque fois qu\u2019ils cherchaient une destination sympathique o\u00f9 se rendre ou lorsqu\u2019ils ne savaient pas quelle visite privil\u00e9gier dans une ville ou un pays o\u00f9 je m\u2019\u00e9tais d\u00e9j\u00e0 rendue.<\/span><\/div>\n<div style=\"text-align: center;\">\u00a0<\/div>\n<div style=\"text-align: center;\"><span style=\"font-size: 14pt; color: #000000;\">Et si ce n\u2019\u00e9taient pas des demandes d\u2019avis, je leur pr\u00eatais des guides de voyage ayant trait \u00e0 l\u2019endroit qu\u2019ils d\u00e9siraient visiter, si j\u2019en avais.<\/span><\/div>\n<div style=\"text-align: center;\">\u00a0<\/div>\n<div style=\"text-align: center;\">\u00a0<\/div>\n<div style=\"text-align: center;\"><span style=\"font-size: 14pt; color: #000000;\">Car j\u2019adore lire donc dans ma biblioth\u00e8que j\u2019ai des guides des endroits o\u00f9 je me suis d\u00e9j\u00e0 rendue, des guides plus g\u00e9n\u00e9raux sur le voyage mais aussi des guides des lieux o\u00f9 j\u2019aimerais aller dans le futur (histoire de me motiver).<\/span><\/div>\n<div style=\"text-align: center;\">\u00a0<\/div>\n<div style=\"text-align: center;\">\u00a0<\/div>\n<div style=\"text-align: center;\"><span style=\"font-size: 14pt; color: #000000;\">J\u2019ai donc pens\u00e9 que cela pourrait int\u00e9resser d\u2019autres personnes et comme en plus j\u2019adore \u00e9crire, c\u2019\u00e9tait le moment ou jamais!<\/span><\/div>\n<div style=\"text-align: center;\"><span style=\"font-size: 14pt; color: #000000;\">\u00a0<\/span><\/div>\n<div style=\"text-align: center;\">\u00a0<\/div>\n<div style=\"text-align: center;\"><span style=\"font-size: 14pt; color: #000000;\">\u2013 J\u2019avais aussi envie de cr\u00e9er un blog diff\u00e9rent de ceux que l\u2019on peut trouver sur le net.<\/span><\/div>\n<div style=\"text-align: center;\">\u00a0<\/div>\n<div style=\"text-align: center;\"><span style=\"font-size: 14pt; color: #000000;\">\u00a0<\/span><\/div>\n<div style=\"text-align: center;\"><span style=\"font-size: 14pt; color: #000000;\">Je souhaitais qu\u2019il soit un m\u00e9lange de r\u00e9cit,\u00a0le mien, agr\u00e9ment\u00e9 de photos (j\u2019adore \u00e9crire mais \u00e9galement prendre de nombreux clich\u00e9s d\u00e8s que je peux.\u00a0 <\/span><\/div>\n<div style=\"text-align: center;\">\u00a0<\/div>\n<div style=\"text-align: center;\"><span style=\"font-size: 14pt; color: #000000;\">Donc tous les clich\u00e9s publi\u00e9s sur le blog sont les miens) gr\u00e2ce auquel, et sans bouger de son canap\u00e9, le lecteur pourrait voyager pour aller \u00e0 la d\u00e9couverte d\u2019endroits d\u00e9j\u00e0 connus mais \u00e9galement d\u2019endroits plus atypiques, de lieux o\u00f9 on ne songerait pas \u00e0 se rendre.<\/span><\/div>\n<div style=\"text-align: center;\">\u00a0<\/div>\n<div style=\"text-align: center;\">\u00a0<\/div>\n<div style=\"text-align: center;\"><span style=\"font-size: 14pt; color: #000000;\">Ce blog n\u2019est donc pas un condens\u00e9 d\u2019autres guides existants tels que guide du routard, g\u00e9obook ou autres mais un endroit o\u00f9 je fais part de mon exp\u00e9rience et ne parle que de choses que j\u2019ai v\u00e9cues et qui m\u2019ont marqu\u00e9es.<\/span><\/div>\n<div style=\"text-align: center;\">\u00a0<\/div>\n<div style=\"text-align: center;\">\u00a0<\/div>\n<div style=\"text-align: center;\"><span style=\"font-size: 14pt; color: #000000;\">\u00a0<\/span><\/div>\n<div style=\"text-align: center;\"><span style=\"font-size: 14pt; color: #000000;\">\u2013 Enfin parce que j\u2019\u00e9tais dans l\u2019ann\u00e9e de mes 30 ans et que j\u2019avais envie de concr\u00e9tiser un projet qui m\u00fbrissait en moi depuis longtemps. Il faut croire qu\u2019\u00eatre trentenaire donne des ailes \ud83d\ude42<\/span><\/div>\n<div style=\"text-align: center;\">\u00a0<\/div>\n<div style=\"text-align: center;\"><strong><span style=\"font-size: 14pt; color: #000000;\">\u00a0<\/span><\/strong><\/div>\n<div style=\"text-align: center;\"><strong><span style=\"font-size: 14pt; color: #000000;\">Quel est le pays visit\u00e9 o\u00f9 tu as rencontr\u00e9 le plus de probl\u00e8mes \u00e0 cause de ta couleur de peau?\u00a0<\/span><\/strong><\/div>\n<div style=\"text-align: center;\">\u00a0<\/div>\n<div style=\"text-align: center;\">\u00a0<\/div>\n<div style=\"text-align: center;\"><span style=\"font-size: 14pt; color: #000000;\">Pour l\u2019heure, et je touche du bois pour que cela continue ainsi, je ne dirai pas que j\u2019ai rencontr\u00e9 des probl\u00e8mes li\u00e9s \u00e0 ma couleur \u00e9b\u00e8ne.<\/span><\/div>\n<div style=\"text-align: center;\">\u00a0<\/div>\n<div style=\"text-align: center;\">\u00a0<\/div>\n<div style=\"text-align: center;\"><span style=\"font-size: 14pt; color: #000000;\">Par contre, il y\u2019a un pays o\u00f9 j\u2019ai, parfois, eu le sentiment de devoir faire face, par moments, \u00e0 de l\u2019indiff\u00e9rence ou un \u00e9tonnement un peu malsain alors que d\u2019autres personnes qui \u00e9taient \u00e0 ce moment l\u00e0 avec moi et qui sont d\u2019une autre couleur de peau recevaient un peu plus d\u2019\u00e9gard.<\/span><\/div>\n<div style=\"text-align: center;\">\u00a0<\/div>\n<div style=\"text-align: center;\">\u00a0<\/div>\n<div style=\"text-align: center;\"><span style=\"font-size: 14pt; color: #000000;\">Il s\u2019agit de l\u2019Egypte o\u00f9 je me suis rendue deux fois.<\/span><\/div>\n<div style=\"text-align: center;\">\u00a0<\/div>\n<div style=\"text-align: center;\"><span style=\"font-size: 14pt; color: #000000;\">\u00a0<\/span><\/div>\n<div style=\"text-align: center;\"><span style=\"font-size: 14pt; color: #000000;\">Une amie \u00e9gyptienne \u00e0 qui j\u2019avais racont\u00e9 ces \u00e9pisodes m\u2019a confirm\u00e9e le ressenti que j\u2019avais eu.<\/span><\/div>\n<div style=\"text-align: center;\">\u00a0<\/div>\n<div style=\"text-align: center;\">\u00a0<\/div>\n<div style=\"text-align: center;\"><span style=\"font-size: 14pt; color: #000000;\"> Pour autant je ne g\u00e9n\u00e9ralise pas et ne mets pas tous les \u00e9gyptiens dans le m\u00eame panier car si certains avaient du mal \u00e0 me parler, d\u2019autres ont \u00e9t\u00e9 d\u2019une grande aide durant mon exploration du pays!<\/span><\/div>\n<div style=\"text-align: center;\">\u00a0<\/div>\n<div style=\"text-align: center;\"><span style=\"font-size: 14pt; color: #000000;\">\u00a0<\/span><\/div>\n<div style=\"text-align: center;\"><span style=\"font-size: 14pt; color: #000000;\">Je pense notamment a un chauffeur de taxi qui m\u2019a conseill\u00e9e sur les beaux endroits \u00e0 visiter au Caire, une dame dans la rue \u00e0 Alexandrie qui au moment de la rupture du jeune m\u2019a tendue plein de g\u00e2teaux avec un sourire rayonnant, des guides avec qui j\u2019ai visit\u00e9 les temples et les tombes de Louxor, des enfants qui voulaient que nous nous prenions en photos ensemble.<\/span><\/div>\n<div style=\"text-align: center;\"><span style=\"font-size: 14pt; color: #000000;\">\u00a0<\/span><\/div>\n<div style=\"text-align: center;\">\u00a0<\/div>\n<div style=\"text-align: center;\"><span style=\"color: #000000;\"><strong><span style=\"font-size: 14pt;\">Quel est le pays visit\u00e9 le plus accueillant selon toi et pourquoi?<\/span><\/strong><\/span><\/div>\n<div style=\"text-align: center;\">\u00a0<\/div>\n<div style=\"text-align: center;\"><span style=\"font-size: 14pt; color: #000000;\">\u00a0<\/span><\/div>\n<div style=\"text-align: center;\"><span style=\"font-size: 14pt; color: #000000;\">Charit\u00e9 bien ordonn\u00e9e commence par soi m\u00eame alors je vais penser \u00e0 mes racines et donc \u00e0 3 pays d\u2019Afrique de l\u2019Ouest qui me sont chers : Togo, Ghana, Cote d\u2019Ivoire.<\/span><\/div>\n<div style=\"text-align: center;\">\u00a0<\/div>\n<div style=\"text-align: center;\"><span style=\"font-size: 14pt; color: #000000;\">\u00a0<\/span><\/div>\n<div style=\"text-align: center;\"><span style=\"font-size: 14pt; color: #000000;\">L\u2019hospitalit\u00e9, la bonne humeur, la gentillesse ainsi que l\u2019ambiance africaine ne sont pas des mythes \ud83d\ude42<\/span><\/div>\n<p>&nbsp;<\/p>\n<div style=\"text-align: center;\"><span style=\"font-size: 14pt; color: #000000;\">En Europe: je pense tout de suite au Pays Bas dont les habitants sont des cr\u00e8mes mais aussi au Portugal, que j\u2019ai sillonn\u00e9 il y\u2019a trois semaines, et o\u00f9 les gens \u00e9taient d\u2019une gentillesse indescriptible.<\/span><\/div>\n<p>&nbsp;<\/p>\n<div style=\"text-align: center;\"><span style=\"font-size: 14pt; color: #000000;\">L\u2019Asie est aussi r\u00e9put\u00e9e pour la gentillesse de ses habitants ainsi que pour un service efficace et avenant dont beaucoup de pays devraient s\u2019inspirer !<\/span><\/div>\n<div style=\"text-align: center;\">\u00a0<\/div>\n<div style=\"text-align: center;\"><span style=\"font-size: 14pt; color: #000000;\">\u00a0<\/span><\/div>\n<div style=\"text-align: center;\"><strong><span style=\"font-size: 14pt; color: #000000;\">Quand visiteras-tu les pays de l\u2019Am\u00e9rique du Sud?<\/span><\/strong><\/div>\n<div style=\"text-align: center;\"><span style=\"font-size: 14pt; color: #000000;\">\u00a0<\/span><\/div>\n<div style=\"text-align: center;\"><span style=\"font-size: 14pt; color: #000000;\">Aamlorie, on dirait que tu vois dans le ventre de la pile hein!<\/span><\/div>\n<div style=\"text-align: center;\">\u00a0<\/div>\n<div style=\"text-align: center;\">\u00a0<\/div>\n<div style=\"text-align: center;\"><span style=\"font-size: 14pt; color: #000000;\">C\u2019est\u00a0en projet car c\u2019est un continent o\u00f9 je n\u2019ai pas encore pos\u00e9 les pieds et qui pourtant me fait r\u00eaver : Br\u00e9sil, Argentine, Chili, Costa Rica, P\u00e9rou font pour l\u2019heure partie de mon TOP 5.<\/span><\/div>\n<div style=\"text-align: center;\">\u00a0<\/div>\n<div style=\"text-align: center;\">\u00a0<\/div>\n<div style=\"text-align: center;\"><span style=\"font-size: 14pt; color: #000000;\">J\u2019esp\u00e8re pouvoir en visiter un cette ann\u00e9e !<\/span><\/div>\n<div style=\"text-align: center;\">\u00a0<\/div>\n<div style=\"text-align: center;\"><strong><span style=\"font-size: 14pt; color: #000000;\">\u00a0<\/span><\/strong><\/div>\n<div style=\"text-align: center;\"><strong><span style=\"font-size: 14pt; color: #000000;\">Quels sont les endroits que tr\u00e8s peu de personne choisisse comme destination pour les vacances que tu as d\u00e9j\u00e0 visit\u00e9s?\u00a0<\/span><\/strong><\/div>\n<div style=\"text-align: center;\"><span style=\"font-size: 14pt; color: #000000;\">\u00a0<\/span><\/div>\n<div style=\"text-align: center;\"><span style=\"font-size: 14pt; color: #000000;\">Le premier qui me vient \u00e0 l\u2019esprit c\u2019est le Rwanda!<\/span><\/div>\n<div style=\"text-align: center;\">\u00a0<\/div>\n<div style=\"text-align: center;\">\u00a0<\/div>\n<div style=\"text-align: center;\"><span style=\"font-size: 14pt; color: #000000;\">Personne, \u00e0 part\u00a0les britanniques et les am\u00e9ricains (mais seulement pour traquer les gorilles), n\u2019y va!<\/span><\/div>\n<div style=\"text-align: center;\">\u00a0<\/div>\n<div style=\"text-align: center;\">\u00a0<\/div>\n<div style=\"text-align: center;\"><span style=\"font-size: 14pt; color: #000000;\">On associe encore le Rwanda au g\u00e9nocide de 1994 alors que ce pays a non seulement su rena\u00eetre de ses cendres en seulement 20 ans mais envisage de devenir le singapour africain !<\/span><\/div>\n<div style=\"text-align: center;\">\u00a0<\/div>\n<div style=\"text-align: center;\">\u00a0<\/div>\n<div style=\"text-align: center;\"><span style=\"font-size: 14pt; color: #000000;\">Tu serais \u00e9tonn\u00e9e d\u2019y trouver de superbes infrastructures, un tourisme organis\u00e9 et encore plein d\u2019autres belles choses.<\/span><\/div>\n<div style=\"text-align: center;\">\u00a0<\/div>\n<div style=\"text-align: center;\">\u00a0<\/div>\n<div style=\"text-align: center;\"><span style=\"font-size: 14pt; color: #000000;\">C\u2019est d\u2019ailleurs pour cela que j\u2019ai d\u00e9cid\u00e9 que le premier article du blog serait consacr\u00e9 \u00e0 ce pays!<\/span><\/div>\n<div style=\"text-align: center;\"><span style=\"font-size: 14pt; color: #000000;\">\u00a0<\/span><\/div>\n<p>&nbsp;<\/p>\n<div id=\"attachment_1580\" style=\"text-align: center;\">\n<div><a href=\"https:\/\/aamlorie.files.wordpress.com\/2015\/01\/village-royal-de-nyanza-au-rwanda.jpg\"><img loading=\"lazy\" decoding=\"async\" src=\"https:\/\/aamlorie.files.wordpress.com\/2015\/01\/village-royal-de-nyanza-au-rwanda.jpg?w=620&amp;h=465\" alt=\"Ivy au village royal de Nyanza au Rwanda\" width=\"620\" height=\"465\" \/><\/a><\/div>\n<div>Ivy au village royal de Nyanza au Rwanda<\/div>\n<div>\u00a0<\/div>\n<\/div>\n<div style=\"text-align: center;\"><span style=\"font-size: 14pt; color: #000000;\">C\u2019est d\u2019ailleurs et jusqu\u2019\u00e0 pr\u00e9sent l\u2019article du JPV le plus lu et je suis ravie des messages que je re\u00e7ois de lecteurs me disant que mon r\u00e9cit leur a donn\u00e9 envie de d\u00e9couvrir le pays \ud83d\ude42 car c\u2019est aussi l\u2019un des objectifs du JPV : donner envie aux lecteurs de sortir de leur zone de confort pour aller voir ce qui se passe ailleurs !<\/span><\/div>\n<div style=\"text-align: center;\"><span style=\"font-size: 14pt; color: #000000;\">\u00a0<\/span><\/div>\n<div style=\"text-align: center;\">\u00a0<\/div>\n<div style=\"text-align: center;\"><span style=\"font-size: 14pt; color: #000000;\">En second lieu je dirai une jolie et apaisante \u00eele malawite: Likoma, situ\u00e9e dans les eaux territoriales du Mozambique, dont j\u2019ai aussi parl\u00e9 sur le blog.<\/span><\/div>\n<div style=\"text-align: center;\">\u00a0<\/div>\n<div style=\"text-align: center;\"><span style=\"font-size: 14pt; color: #000000;\">\u00a0<\/span><\/div>\n<div style=\"text-align: center;\"><span style=\"font-size: 14pt; color: #000000;\">Mais aussi un petit village d\u2019Andalousie dont je parlerai tr\u00e8s bient\u00f4t \u00e9galement sur le blog.<\/span><\/div>\n<p>&nbsp;<\/p>\n<div style=\"text-align: center;\"><span style=\"font-size: 14pt; color: #000000;\">\u00c7a\u00a0peut \u00e9galement \u00eatre des lieux comme des mus\u00e9es ou \u00e9difices plus \u00e9tonnants o\u00f9 personne ne songe \u00e0 aller comme par exemple le mus\u00e9e de la Vie Romantique \u00e0 Paris, la coupole en verre du Reichstag \u00e0 Berlin ou le Mus\u00e9e International du Golfe de Guin\u00e9e \u00e0 Lom\u00e9.<\/span><\/div>\n<div style=\"text-align: center;\">\u00a0<\/div>\n<div style=\"text-align: center;\">\u00a0<\/div>\n<div style=\"text-align: center;\"><span style=\"font-size: 14pt; color: #000000;\">Des endroits que je suis ravie d\u2019avoir visit\u00e9 !<\/span><\/div>\n<div style=\"text-align: center;\"><span style=\"font-size: 14pt; color: #000000;\">\u00a0<\/span><\/div>\n<div style=\"text-align: center;\">\u00a0<\/div>\n<div style=\"text-align: center;\"><span style=\"font-size: 14pt; color: #000000;\">Je pourrai \u00a0t\u2019\u00e9num\u00e9rer encore d\u2019autres lieux mais en r\u00e9sum\u00e9 je dirai que j\u2019aime la nouveaut\u00e9 et les endroits insolites. <\/span><\/div>\n<div style=\"text-align: center;\">\u00a0<\/div>\n<div style=\"text-align: center;\">\u00a0<\/div>\n<div style=\"text-align: center;\"><span style=\"font-size: 14pt; color: #000000;\">C\u2019est donc fort de cela que je cherche toujours \u00e0 d\u00e9couvrir autre chose, une p\u00e9pite qui me fera vibrer et que je pourrai ensuite partager avec mes lecteurs.<\/span><\/div>\n<div style=\"text-align: center;\">\u00a0<\/div>\n<div style=\"text-align: center;\"><span style=\"font-size: 14pt; color: #000000;\">\u00a0<\/span><\/div>\n<div style=\"text-align: center;\"><strong><span style=\"font-size: 14pt; color: #000000;\">Penses-tu que tous ces voyages ont transform\u00e9 ta personne? Si oui quelles sont les grandes le\u00e7ons que tu as apprises\u00a0?<\/span><\/strong><\/div>\n<div style=\"text-align: center;\"><strong>\u00a0<\/strong><\/div>\n<div style=\"text-align: center;\">\u00a0<\/div>\n<div style=\"text-align: center;\"><span style=\"font-size: 14pt; color: #000000;\">Je ne dirai pas que j\u2019ai \u00e9t\u00e9 transform\u00e9e mais plut\u00f4t que cela a confort\u00e9 le ressenti que j\u2019avais et que cela m\u2019a bonifi\u00e9e.<\/span><\/div>\n<div style=\"text-align: center;\">\u00a0<\/div>\n<div style=\"text-align: center;\">\u00a0<\/div>\n<div style=\"text-align: center;\"><span style=\"font-size: 14pt; color: #000000;\">Je suis de\u00a0ceux qui pensent qu\u2019on ne ressort jamais compl\u00e8tement indemne de l\u2019exp\u00e9rience que constitue un voyage.<\/span><\/div>\n<div style=\"text-align: center;\"><span style=\"font-size: 14pt; color: #000000;\">\u00a0<\/span><\/div>\n<div style=\"text-align: center;\"><span style=\"font-size: 14pt; color: #000000;\">C\u2019est en forgeant que l\u2019on devient forgeron, eh bien, de m\u00eame, c\u2019est en voyageant davantage d\u00e8s que je peux (pour 24, 48, 72 heures, 1 semaine ou 2) que j\u2019ai r\u00e9alis\u00e9 \u00e0 quel point j\u2019\u00e9tais une traveladdict :). <\/span><\/div>\n<div style=\"text-align: center;\">\u00a0<\/div>\n<div style=\"text-align: center;\">\u00a0<\/div>\n<div style=\"text-align: center;\"><span style=\"font-size: 14pt; color: #000000;\">A tel point que depuis 2 ans, en guise de cadeau d\u2019anniversaire je pr\u00e9f\u00e8re faire une escapade qu\u2019organiser une fiesta avec mes amis, c\u2019est dire\u2026<\/span><\/div>\n<div style=\"text-align: center;\"><span style=\"font-size: 14pt; color: #000000;\">\u00a0<\/span><\/div>\n<div style=\"text-align: center;\"><span style=\"font-size: 14pt; color: #000000;\">En effet, il n\u2019y a rien de tel pour moi que de pouvoir se d\u00e9connecter en d\u00e9couvrant un univers diff\u00e9rent du sien (et pour \u00e7a : pas besoin forc\u00e9ment de faire 10000 kms je vous assure! ), une autre culture, une autre fa\u00e7on de penser.<\/span><\/div>\n<div style=\"text-align: center;\">\u00a0<\/div>\n<div style=\"text-align: center;\">\u00a0<\/div>\n<div style=\"text-align: center;\"><span style=\"font-size: 14pt; color: #000000;\"> Ayant toujours \u00e9t\u00e9 de nature tr\u00e8s curieuse, cela facilite grandement les choses !<\/span><\/div>\n<div style=\"text-align: center;\"><span style=\"font-size: 14pt; color: #000000;\">\u00a0<\/span><\/div>\n<div style=\"text-align: center;\"><span style=\"font-size: 14pt; color: #000000;\">L\u2019\u00e9cole du voyage est \u00e9galement pour moi une \u00e9cole de tol\u00e9rance face \u00e0 d\u2019autres cultures et des perceptions diff\u00e9rentes de la vie que l\u2019on ne comprend pas toujours mais qu\u2019on respecte n\u00e9anmoins.<\/span><\/div>\n<div style=\"text-align: center;\">\u00a0<\/div>\n<div style=\"text-align: center;\">\u00a0<\/div>\n<div style=\"text-align: center;\"><span style=\"font-size: 14pt; color: #000000;\">Gr\u00e2ce au voyage,\u00a0j\u2019apprends peu \u00e0 peu la patience et la \u00ab\u00a0zenattitude\u00a0\u00bb<\/span><\/div>\n<div style=\"text-align: center;\">\u00a0<\/div>\n<div style=\"text-align: center;\">\u00a0<\/div>\n<div style=\"text-align: center;\"><span style=\"font-size: 14pt; color: #000000;\">Bon j\u2019avoue, il\u00a0y\u2019a encore du boulot!!<\/span><\/div>\n<div style=\"text-align: center;\"><span style=\"font-size: 14pt; color: #000000;\">\u00a0<\/span><\/div>\n<div style=\"text-align: center;\"><span style=\"font-size: 14pt; color: #000000;\">Enfin le voyage m\u2019a \u00e9galement appris \u00e0 l\u00e2cher prise et \u00e0 ne pas forc\u00e9ment tout planifier \u00e0 l\u2019avance.<\/span><\/div>\n<div style=\"text-align: center;\">\u00a0<\/div>\n<div style=\"text-align: center;\">\u00a0<\/div>\n<div style=\"text-align: center;\"><span style=\"font-size: 14pt; color: #000000;\">Se laisser surprendre par l\u2019impr\u00e9vu est aussi un moment agr\u00e9able de toute escapade.<\/span><\/div>\n<div style=\"text-align: center;\">\u00a0<\/div>\n<div style=\"text-align: center;\"><strong><span style=\"font-size: 14pt; color: #000000;\">\u00a0<\/span><\/strong><\/div>\n<div style=\"text-align: center;\"><strong><span style=\"font-size: 14pt; color: #000000;\">Retrouvez Ivy Sur\u00a0:<\/span><\/strong><\/div>\n<div style=\"text-align: center;\"><strong><span style=\"font-size: 14pt; color: #000000;\">\u00a0<\/span><\/strong><\/div>\n<div style=\"text-align: center;\"><strong><span style=\"font-size: 14pt; color: #000000;\">Blog\u00a0: <a style=\"color: #000000;\" href=\"https:\/\/journaldunpigeonvoyageur.com\">Journal D\u2019un Pigeon Voyageur<\/a><\/span><\/strong><\/div>\n<div style=\"text-align: center;\"><strong><span style=\"font-size: 14pt; color: #000000;\">Facebook\u00a0: <a style=\"color: #000000;\" href=\"https:\/\/www.facebook.com\/journaldunpigeonvoyageurblogpersonnel\">Journal d\u2019un pigeon voyageur<\/a><\/span><\/strong><\/div>\n<p>&nbsp;<\/p>\n","protected":false},"excerpt":{"rendered":"<p>\u00a0 \u00a0 \u00a0\u00a0 En janvier 2015, j&rsquo;ai eu l&rsquo;honneur d&rsquo;\u00eatre contact\u00e9e par le blog\u00a0Les D\u00e9couvertes d&rsquo;Aamlorie\u00a0\u00a0\u00a0qui souhaitait en savoir un peu plus sur le blog et sa r\u00e9dactrice. \u00a0 Voici donc l&rsquo;interview qui en a d\u00e9coul\u00e9. \u00a0 Un Pigeon Voyageur A\u00a0L\u2019honneur \u00a0 Je connais depuis&#8230;<\/p>\n","protected":false},"author":2,"featured_media":17502,"comment_status":"open","ping_status":"open","sticky":false,"template":"","format":"standard","meta":{"slim_seo":{"title":"QUAND LE JPV REPOND AUX QUESTIONS DU BLOG LES DECOUVERTES D'AAMLORIE - Journal d&#039;un Pigeon Voyageur","description":"\u00a0 \u00a0 \u00a0\u00a0 En janvier 2015, j'ai eu l'honneur d'\u00eatre contact\u00e9e par le blog\u00a0 Les D\u00e9couvertes d'Aamlorie\u00a0 \u00a0\u00a0 qui souhaitait en savoir un peu plus sur le blog et sa r\u00e9"},"footnotes":""},"categories":[11,14,1],"tags":[186,232,265],"class_list":["post-108","post","type-post","status-publish","format-standard","has-post-thumbnail","hentry","category-a-propos-du-jpv","category-interviews-vie-du-blog-concours","category-tous","tag-interview-jpv","tag-joana-choumali","tag-les-decouvertes-daamlorie"],"_links":{"self":[{"href":"https:\/\/www.journaldunpigeonvoyageur.com\/blog\/wp-json\/wp\/v2\/posts\/108","targetHints":{"allow":["GET"]}}],"collection":[{"href":"https:\/\/www.journaldunpigeonvoyageur.com\/blog\/wp-json\/wp\/v2\/posts"}],"about":[{"href":"https:\/\/www.journaldunpigeonvoyageur.com\/blog\/wp-json\/wp\/v2\/types\/post"}],"author":[{"embeddable":true,"href":"https:\/\/www.journaldunpigeonvoyageur.com\/blog\/wp-json\/wp\/v2\/users\/2"}],"replies":[{"embeddable":true,"href":"https:\/\/www.journaldunpigeonvoyageur.com\/blog\/wp-json\/wp\/v2\/comments?post=108"}],"version-history":[{"count":9,"href":"https:\/\/www.journaldunpigeonvoyageur.com\/blog\/wp-json\/wp\/v2\/posts\/108\/revisions"}],"predecessor-version":[{"id":33236,"href":"https:\/\/www.journaldunpigeonvoyageur.com\/blog\/wp-json\/wp\/v2\/posts\/108\/revisions\/33236"}],"wp:featuredmedia":[{"embeddable":true,"href":"https:\/\/www.journaldunpigeonvoyageur.com\/blog\/wp-json\/wp\/v2\/media\/17502"}],"wp:attachment":[{"href":"https:\/\/www.journaldunpigeonvoyageur.com\/blog\/wp-json\/wp\/v2\/media?parent=108"}],"wp:term":[{"taxonomy":"category","embeddable":true,"href":"https:\/\/www.journaldunpigeonvoyageur.com\/blog\/wp-json\/wp\/v2\/categories?post=108"},{"taxonomy":"post_tag","embeddable":true,"href":"https:\/\/www.journaldunpigeonvoyageur.com\/blog\/wp-json\/wp\/v2\/tags?post=108"}],"curies":[{"name":"wp","href":"https:\/\/api.w.org\/{rel}","templated":true}]}}